{"id":195,"date":"1998-07-20T00:00:00","date_gmt":"1998-07-20T00:00:00","guid":{"rendered":"http:\/\/www2.memri.org\/espanol\/1998\/07\/20\/lideres-de-grupos-terroristas-islamicos-piden-aumentar-ataques-suicidas\/"},"modified":"1998-07-20T00:00:00","modified_gmt":"1998-07-20T00:00:00","slug":"lideres-de-grupos-terroristas-islamicos-piden-aumentar-ataques-suicidas","status":"publish","type":"post","link":"https:\/\/www2.memri.org\/espanol\/lideres-de-grupos-terroristas-islamicos-piden-aumentar-ataques-suicidas\/195","title":{"rendered":"Lideres de Grupos Terroristas Isl\u00e1micos Piden Aumentar Ataques Suicidas"},"content":{"rendered":"<div class=\"bodytext c3\">\n<p class=\"c1\">\n<p class=\"c2\"><em>El domingo 19 de Julio, se detuvo un intento de ataque frustrado cerca de la recurrida plaza Zion en Jerusal\u00e9n, cuando se detect\u00f3 humo saliendo de una camioneta blanca marca Fiat. Dentro del veh\u00edculo estaba Jallal Romani, un hombre de familia palestino de treinta a\u00f1os de edad, el cual ten\u00eda un buen trabajo en una compa\u00f1\u00eda de construcci\u00f3n. El jefe de la polic\u00eda de Jerusal\u00e9n, Yair Yitzhaki declar\u00f3 que dentro de la camioneta encontraron 160 galones de \u00abliquido inflamable\u00bb y varios kilos de clavos capaces de causar mucho da\u00f1o a la poblaci\u00f3n Israel\u00ed. A continuaci\u00f3n se presentan los llamados de los grupos HAMAS y del &#8216;Juhad Isl\u00e1mico&#8217; para incrementar los ataques a Israel. Estos art\u00edculos fueron publicados por medios de comunicaci\u00f3n palestinos hace tres d\u00edas.<\/em><\/p>\n<\/p>\n<p>El 17 de Julio, durante una manifestaci\u00f3n que celebraba el tercer aniversario de la muerte de Mahmoud Arafat Al-Khawaja &ndash; fundador del ala militar del &#8216;Jihad Isl\u00e1mico&#8217;&#8211; <strong>&#8216;Abdallah Al-Shami<\/strong>, uno de los dirigentes del &#8216;Jihad Isl\u00e1mico&#8217;, declar\u00f3:<\/p>\n<p>\u00ab&#8230;La meta del movimiento del Jihad es sembrar una revoluci\u00f3n, lanzar desde el coraz\u00f3n de la derrota y realizar bendiciones nuevas para nuestra naci\u00f3n, a trav\u00e9s de navajazos, bombas, y ataques suicidas, para convertir la religi\u00f3n en una antorcha encendida y un volc\u00e1n furioso que estalle en la cara del enemigo&#8230; \u00ab<\/p>\n<p>\u00abNuestro pueblo es capaz de repetir un Beit-Lid [bombardeo] decenas de veces, hacer que estalle el mundo con una nueva Intifada, y hacer entender a Netanyahu en el \u00fanico idioma que entiende &ndash; como un miembro del parlamento dijo, &#8216;Netanyahu solamente entiende el idioma del dolor&hellip;'\u00bb<\/p>\n<p>\u00bfQui\u00e9n puede hacer entender a Netanyahu el idioma del dolor mejor que los Hijos de Al-Qasam [el ala militar de la organizaci\u00f3n del Jihad Isl\u00e1mico] y Al-Qassam [el ala militar del movimiento HAMAS]?\u00bb Salah, Hisham, &#8216;Abdallah, Anwar, Muhyi, y Yahya <a href=\"#_edn1\" name=\"_ednref1\">[1]<\/a> son capaces de alimentar al enemigo con dolor y de hacerlos beber sangre<strong>.<\/strong> \u00ab<\/p>\n<p>En dicha manifestaci\u00f3n tambi\u00e9n se encontraban lideres del Hamas y del Fatal. <strong>Sheik Nafez<\/strong> &#8216;<strong>Azzam<\/strong> del Jihad Isl\u00e1mica dijo:<\/p>\n<p>\u00abLa \u00fanica opci\u00f3n en relaci\u00f3n a Israel es el Jihad, resistencia y lucha. La sangre de los m\u00e1rtires demuestra que la lucha continua..\u00bb <a href=\"#_edn2\" name=\"_ednref2\">[2]<\/a><\/p>\n<p>El l\u00edder del HAMAS <strong>Sheik Ahmad Yassin<\/strong>, declar\u00f3 en un discurso pronunciado a trav\u00e9s del tel\u00e9fono que \u00abSe debe incrementar la lucha y la resistencia en todas sus manifestaciones.\u00bb <a href=\"#_edn3\" name=\"_ednref3\">[3]<\/a><\/p>\n<\/div>\n<hr noshade=\"noshade\" \/><!-- footnotes --><\/p>\n<div class=\"bodynews c4\">\n<p><a href=\"#_ednref1\" name=\"_edn1\">[1]<\/a> Estos \u00faltimos dos son Muhyi Al-Din Al-Sharif y Yahya &#8216; Ayyash. Los dem\u00e1s aparentemente son activistas del movimiento del Jihad Isl\u00e1mico.<\/p>\n<p><a href=\"#_ednref2\" name=\"_edn2\">[2]<\/a> <em>Al-Istiqlal<\/em> , 7 de julio, 1998; <em>Al-Istiqlal<\/em> es un \u00f3rgano del movimiento del Jihad Isl\u00e1mico. Se permiti\u00f3 que se publicara de Nuevo en Gaza despu\u00e9s de mucho tiempo..<\/p>\n<p><a href=\"#_ednref3\" name=\"_edn3\">[3]<\/a> Saut Al-Haqq wa Al-Hurriyya 17 de julio, 1998<\/p>\n<\/div>\n","protected":false},"excerpt":{"rendered":"<p>El domingo 19 de Julio, se detuvo un intento de ataque frustrado cerca de la recurrida plaza Zion en Jerusal\u00e9n, cuando se detect\u00f3 humo saliendo de una camioneta blanca marca Fiat. Dentro del veh\u00edculo estaba Jallal Romani, un hombre de familia palestino de treinta a\u00f1os de edad, el cual ten\u00eda un buen trabajo en una [&hellip;]<\/p>\n","protected":false},"author":1,"featured_media":0,"comment_status":"open","ping_status":"open","sticky":false,"template":"","format":"standard","meta":{"footnotes":""},"categories":[6,21],"tags":[],"class_list":["post-195","post","type-post","status-publish","format-standard","hentry","category-comunicados-especiales","category-irak"],"_links":{"self":[{"href":"https:\/\/www2.memri.org\/espanol\/wp-json\/wp\/v2\/posts\/195","targetHints":{"allow":["GET"]}}],"collection":[{"href":"https:\/\/www2.memri.org\/espanol\/wp-json\/wp\/v2\/posts"}],"about":[{"href":"https:\/\/www2.memri.org\/espanol\/wp-json\/wp\/v2\/types\/post"}],"author":[{"embeddable":true,"href":"https:\/\/www2.memri.org\/espanol\/wp-json\/wp\/v2\/users\/1"}],"replies":[{"embeddable":true,"href":"https:\/\/www2.memri.org\/espanol\/wp-json\/wp\/v2\/comments?post=195"}],"version-history":[{"count":0,"href":"https:\/\/www2.memri.org\/espanol\/wp-json\/wp\/v2\/posts\/195\/revisions"}],"wp:attachment":[{"href":"https:\/\/www2.memri.org\/espanol\/wp-json\/wp\/v2\/media?parent=195"}],"wp:term":[{"taxonomy":"category","embeddable":true,"href":"https:\/\/www2.memri.org\/espanol\/wp-json\/wp\/v2\/categories?post=195"},{"taxonomy":"post_tag","embeddable":true,"href":"https:\/\/www2.memri.org\/espanol\/wp-json\/wp\/v2\/tags?post=195"}],"curies":[{"name":"wp","href":"https:\/\/api.w.org\/{rel}","templated":true}]}}