{"id":1941,"date":"2007-10-12T00:00:00","date_gmt":"2007-10-12T00:00:00","guid":{"rendered":"http:\/\/www2.memri.org\/espanol\/2007\/10\/12\/supervision-de-portales-islamistas-no-142\/"},"modified":"2007-10-12T00:00:00","modified_gmt":"2007-10-12T00:00:00","slug":"supervision-de-portales-islamistas-no-142","status":"publish","type":"post","link":"https:\/\/www2.memri.org\/espanol\/supervision-de-portales-islamistas-no-142\/1941","title":{"rendered":"Supervisi\u00f3n de Portales Islamistas No. 142"},"content":{"rendered":"<div class=\"bodytext c1\"><!--Document Body --><\/p>\n<div class=\"bodytext c1\">\n<p><strong>EII se responsabiliza por la muerte del encabezado del Concejo de Salvaci\u00f3n Salah Al-Din<\/strong><\/p>\n<p>El 7 de octubre del 2007, el portal islamista www.alekhlaas.org\/forum\/index.php, que tiene como servidor a CrystalTech Web Hosting Inc. en Phoenix, Arizona, public\u00f3 un comunicado del EII en el que la organizaci\u00f3n se responsabiliz\u00f3 por el reciente atentado y muerte de Mu&#8217;awiyya Al-Jabbara, jefe del Concejo de Salvaci\u00f3n Salah Al-Din. El Concejo representa a varias milicias tribales iraqu\u00edes que se oponen a Al-Qaeda en Irak.<\/p>\n<\/div>\n<\/div>\n","protected":false},"excerpt":{"rendered":"<p>EII se responsabiliza por la muerte del encabezado del Concejo de Salvaci\u00f3n Salah Al-Din El 7 de octubre del 2007, el portal islamista www.alekhlaas.org\/forum\/index.php, que tiene como servidor a CrystalTech Web Hosting Inc. en Phoenix, Arizona, public\u00f3 un comunicado del EII en el que la organizaci\u00f3n se responsabiliz\u00f3 por el reciente atentado y muerte de [&hellip;]<\/p>\n","protected":false},"author":1,"featured_media":0,"comment_status":"open","ping_status":"open","sticky":false,"template":"","format":"standard","meta":{"footnotes":""},"categories":[10,6,17],"tags":[],"class_list":["post-1941","post","type-post","status-publish","format-standard","hentry","category-estudios-sobre-terrorismo-y-yihad","category-comunicados-especiales","category-supervision-de-portales-islamistas"],"_links":{"self":[{"href":"https:\/\/www2.memri.org\/espanol\/wp-json\/wp\/v2\/posts\/1941","targetHints":{"allow":["GET"]}}],"collection":[{"href":"https:\/\/www2.memri.org\/espanol\/wp-json\/wp\/v2\/posts"}],"about":[{"href":"https:\/\/www2.memri.org\/espanol\/wp-json\/wp\/v2\/types\/post"}],"author":[{"embeddable":true,"href":"https:\/\/www2.memri.org\/espanol\/wp-json\/wp\/v2\/users\/1"}],"replies":[{"embeddable":true,"href":"https:\/\/www2.memri.org\/espanol\/wp-json\/wp\/v2\/comments?post=1941"}],"version-history":[{"count":0,"href":"https:\/\/www2.memri.org\/espanol\/wp-json\/wp\/v2\/posts\/1941\/revisions"}],"wp:attachment":[{"href":"https:\/\/www2.memri.org\/espanol\/wp-json\/wp\/v2\/media?parent=1941"}],"wp:term":[{"taxonomy":"category","embeddable":true,"href":"https:\/\/www2.memri.org\/espanol\/wp-json\/wp\/v2\/categories?post=1941"},{"taxonomy":"post_tag","embeddable":true,"href":"https:\/\/www2.memri.org\/espanol\/wp-json\/wp\/v2\/tags?post=1941"}],"curies":[{"name":"wp","href":"https:\/\/api.w.org\/{rel}","templated":true}]}}