{"id":1925,"date":"2007-09-27T00:00:00","date_gmt":"2007-09-27T00:00:00","guid":{"rendered":"http:\/\/www2.memri.org\/espanol\/2007\/09\/27\/orbita-grado-cero-episodio-2-conspirador-sionista-escapa-de-la-carcel-muere\/"},"modified":"2007-09-27T00:00:00","modified_gmt":"2007-09-27T00:00:00","slug":"orbita-grado-cero-episodio-2-conspirador-sionista-escapa-de-la-carcel-muere","status":"publish","type":"post","link":"https:\/\/www2.memri.org\/espanol\/orbita-grado-cero-episodio-2-conspirador-sionista-escapa-de-la-carcel-muere\/1925","title":{"rendered":"\u00d3rbita Grado Cero (Episodio 2): Conspirador sionista escapa de la c\u00e1rcel, muere"},"content":{"rendered":"<div class=\"bodytext c1\">\n<p><em>Lo siguiente son extractos del Episodio 2 de \u00ab\u00d3rbita Grado Cero\u00bb, una serie dram\u00e1tica iran\u00ed que fue presentada en el Canal 1 de la televisi\u00f3n iran\u00ed el 30 de abril, 3007. La serie fue puesta al aire en principio en el Canal 1 en abril y fue retransmitida luego en Jaam-E-Jam3 Tv en junio.<\/em><\/p>\n<p><em>Para ver este segmento de video:<\/em> <em><a href=\"http:\/\/www.memritv.org\/clip\/en\/1565.htm\">http:\/\/www.memritv.org\/clip\/en\/1565.htm<\/a><\/em> <em>.<\/em><\/p>\n<p><em>Para ver extractos del Episodio 1 de \u00ab\u00d3rbita Grado Cero\u00bb, visite:<\/em> <em><a href=\"http:\/\/www.memritv.org\/clip\/en\/1556.htm\">http:\/\/www.memritv.org\/clip\/en\/1556.htm<\/a><\/em> <em>.<\/em><\/p>\n<p><strong>Dr. Parsa:<\/strong> \u00abDe hecho, su suposici\u00f3n fue correcta, Sr. Menuhin. La evidencia sugiere que con toda probabilidad, esto fue obra de jud\u00edos fan\u00e1ticos\u00bb.<\/p>\n<p><strong>Rabino anti-sionista Menuhin:<\/strong> \u00abProbablemente es el trabajo de la Agencia Jud\u00eda. Ellos no se molestan en presentar la vida aqu\u00ed tan terrible e insegura, para convencer a tantos jud\u00edos como sea posible a que emigren a Palestina. Cu\u00e1l es el nombre del hombre que usted arrest\u00f3?\u00bb<\/p>\n<p><strong>Comandante Fatahi:<\/strong> \u00abYaakub Kasas. El Sr. Daud Yudein dijo que usted lo conoce\u00bb.<\/p>\n<p><strong>Rabino Menuhin:<\/strong> \u00abS\u00ed, \u00e9l sol\u00eda asistir a las reuniones de nuestra asociaci\u00f3n. Teniendo esto ha admitido el Sr. Kasas algo significativo?\u00bb<\/p>\n<p><strong>Comandante Fatahi:<\/strong> \u00abNo todav\u00eda, pero no se preocupe. Tarde o temprano haremos que hable\u00bb.<\/p>\n<p>[&#8230;]<\/p>\n<p><em>El comandante Fatahi confronta a Yaakub Kasas en su celda en la c\u00e1rcel.<\/em><\/p>\n<p><strong>Comandante Fatahi:<\/strong> \u00abEscuch\u00e9 que hab\u00eda decidido permanecer callado\u00bb.<\/p>\n<p><strong>Yaakub Kasas:<\/strong> \u00abHablar\u00e9 s\u00f3lo en presencia de mi abogado\u00bb.<\/p>\n<p><strong>Comandante Fatahi:<\/strong> \u00abBien, pero puede usted estar seguro de que si permanece callado, su situaci\u00f3n ir\u00e1 de mal a peor, en especial desde que un oficial de polic\u00eda fue severamente herido en este incidente. Finalmente, necesitamos entender por qu\u00e9 el Rabino Yizhak fue asesinado, por qu\u00e9 secuestr\u00f3 usted a Daud Yudein, y por qu\u00e9 realiz\u00f3 grandes esfuerzos para presentarse a si mismos como elementos anti-jud\u00edos que apoyan a Alemania. M\u00e1s importante, necesito informaci\u00f3n sobre la identidad del fugitivo. Tendr\u00e9 las respuestas a todas estas preguntas de usted\u00bb.<\/p>\n<p><strong>Yaakub Kasas:<\/strong> \u00abSe ofendieron ustedes realmente porque nos presentamos a nosotros mismos como german\u00f3filos, correcto? Quiz\u00e1 ustedes apoyan a los alemanes tambi\u00e9n, fascistas antisemitas\u00bb.<\/p>\n<p><strong>Comandante Fatahi:<\/strong> \u00abEscuchen, otras dos personas aparte del Rabino Yizhak estuvieron involucrados en este incidente. Qui\u00e9n sabe, quiz\u00e1 ustedes son el cuarto. Por su propio bien, mejor ser\u00eda que cooperaran con nosotros\u00bb.<\/p>\n<p><strong>Yaakub Kasas:<\/strong> \u00abNo s\u00e9 nada de esta gente\u00bb.<\/p>\n<p><strong>Comandante Fatahi:<\/strong> \u00abNinguna prisa. Ustedes llegar\u00e1n gradualmente a la conclusi\u00f3n de que la paciencia del Comandante Fatahi, al tratar con los gustos de ustedes, es como la paciencia de Job\u00bb.<\/p>\n<p>[&#8230;]<\/p>\n<p><strong>Rabino Menuhin:<\/strong> \u00abDurante los \u00faltimos d\u00edas, en algunas reuniones accidentales y planificadas con colegas, les ped\u00ed que me permitieran saber si tienen ellos alguna informaci\u00f3n sobre el sospechoso arrestado, Yaakub Kasas. \u00c9l fue visto varias veces en reuniones organizadas por la Agencia Sionista &#8211; reuniones apuntaron a alentar la emigraci\u00f3n de jud\u00edos hacia Palestina. A prop\u00f3sito, su familia sali\u00f3 de Ir\u00e1n hace alg\u00fan tiempo, junto con algunos jud\u00edos que quer\u00edan emigrar\u00bb.<\/p>\n<p><strong>Comandante Fatahi:<\/strong> \u00abSi no me equivoco, usted dijo antes que el Rabino Yizhak, pueda \u00e9l descansar en paz, estuvo a menudo en conflicto con un grupo de jud\u00edos influyentes y extremistas. Por qu\u00e9?\u00bb<\/p>\n<p><strong>Rabino Menuhin:<\/strong> \u00abPorque crey\u00f3 que la patria de cada jud\u00edo es el pa\u00eds en el que \u00e9l vive, y esto corre opuesto a la consigna de la Agencia Sionista sobre el establecer un estado jud\u00edo en Palestina\u00bb.<\/p>\n<p><strong>Comandante Fatahi:<\/strong> \u00abYo no entiendo de pol\u00edtica. De hecho, desprecio a todos los pol\u00edticos y diplom\u00e1ticos, pero espero que pueda darle un buen uso a la informaci\u00f3n que usted me ha dado\u00bb.<\/p>\n<p><strong>Rabino Menuhin:<\/strong> \u00abEspero que tenga \u00e9xito\u00bb.<\/p>\n<p>[&#8230;]<\/p>\n<p><em>Una pistola es entregada en secreto a la celda de Yaakub Kasas.<\/em><\/p>\n<p>[&#8230;]<\/p>\n<p><em>Yaakub Kasas mantiene como reh\u00e9n a un sargento polic\u00eda y a un capit\u00e1n, amenazando con matarlos<\/em>.<\/p>\n<p><strong>Yaakub Kasas:<\/strong> \u00abNo se me acerquen! Les dije que no se me acercaran. D\u00edgales que suelten sus armas, si no les volar\u00e9 los sesos. Dense prisa\u00bb.<\/p>\n<p><em>El comandante Fatahi le hace se\u00f1as al polic\u00eda para que suelten sus armas.<\/em><\/p>\n<p><strong>Yaakub Kasas:<\/strong> \u00abUstedes tambi\u00e9n. Pongan sus armas en el piso\u00bb.<\/p>\n<p><strong>Comandante Fatahi:<\/strong> \u00abMejor que detenga usted esta estupidez. Est\u00e1 haciendo las cosas aun peor para si mismo\u00bb.<\/p>\n<p><strong>Yaakub Kasas:<\/strong> \u00abC\u00e1llese, Mayor. Hasta ahora, usted ha estado haciendo las preguntas, ahora tiene que contestar las m\u00edas. Yo estoy seguro que usted no quiere que yo le vuele los sesos a su colega de un solo dispar\u00f3, no? Cont\u00e9steme, idiota\u00bb.<\/p>\n<p><strong>Comandante Fatahi:<\/strong> \u00abNo, no quiero\u00bb.<\/p>\n<p><strong>Yaakub Kasas:<\/strong> \u00abMuy bien, podemos hacer un trato. \u00bfQu\u00e9 piensa usted, comandante? Ahora esc\u00facheme, y oiga lo que tengo que decir. Usted me dar\u00e1 un autom\u00f3vil y un chofer, y yo le prometo que en el momento en que salga de aqu\u00ed y llegue a un lugar seguro en alguna parte, los liberare a ambos. \u00bfQu\u00e9 piensa usted? Eso es una buena idea, correcto?\u00bb<\/p>\n<p><strong>Comandante Fatahi:<\/strong> \u00abNo hay lugar para ti, Yaakub. No llegaras muy lejos\u00bb.<\/p>\n<p><strong>Yaakub Kasas:<\/strong> \u00ab\u00c9se es mi problema. S\u00f3lo sigue mis \u00f3rdenes, o si no dejar\u00e9 un cuerpo aqu\u00ed. Andando\u00bb.<\/p>\n<p><em>El jefe de la polic\u00eda le dispara a Yaakub Kasas en el pecho.<\/em><\/p>\n<p><strong>Comandante Fatahi:<\/strong> \u00abEst\u00e1 usted bien, sargento?\u00bb<\/p>\n<p><strong>Polic\u00eda:<\/strong> \u00abVamos, capit\u00e1n, si bebe esta agua con az\u00facar, se sentir\u00e1 mejor\u00bb.<\/p>\n<p><strong>Comandante Fatahi:<\/strong> \u00abEste paso no era necesario en lo absoluto, se\u00f1or. Eventualmente, lo hubiera desarmado de alg\u00fan modo\u00bb.<\/p>\n<p><strong>Jefe de la polic\u00eda:<\/strong> \u00abPara ese momento, no podr\u00eda pensar en nada m\u00e1s\u00bb.<\/p>\n<p><strong>Comandante Fatahi:<\/strong> \u00abPero se\u00f1or, \u00e9l es nuestra \u00fanica gu\u00eda en este asunto\u00bb.<\/p>\n<p><strong>Jefe de la polic\u00eda:<\/strong> \u00abLas vidas de mis hombres significan m\u00e1s para m\u00ed que cualquier cosa. Tienes raz\u00f3n\u00bb.<\/p>\n<p><strong>Comandante Fatahi:<\/strong> \u00abTenemos que verificar quien puso el arma en su celda\u00bb.<\/p>\n<p><strong>Jefe de la polic\u00eda:<\/strong> \u00abS\u00ed, \u00e9se es un punto muy importante. Lo har\u00e9 yo mismo\u00bb.<\/p>\n<\/div>\n","protected":false},"excerpt":{"rendered":"<p>Lo siguiente son extractos del Episodio 2 de \u00ab\u00d3rbita Grado Cero\u00bb, una serie dram\u00e1tica iran\u00ed que fue presentada en el Canal 1 de la televisi\u00f3n iran\u00ed el 30 de abril, 3007. La serie fue puesta al aire en principio en el Canal 1 en abril y fue retransmitida luego en Jaam-E-Jam3 Tv en junio. Para [&hellip;]<\/p>\n","protected":false},"author":1,"featured_media":0,"comment_status":"open","ping_status":"open","sticky":false,"template":"","format":"standard","meta":{"footnotes":""},"categories":[6,20],"tags":[],"class_list":["post-1925","post","type-post","status-publish","format-standard","hentry","category-comunicados-especiales","category-iran"],"_links":{"self":[{"href":"https:\/\/www2.memri.org\/espanol\/wp-json\/wp\/v2\/posts\/1925","targetHints":{"allow":["GET"]}}],"collection":[{"href":"https:\/\/www2.memri.org\/espanol\/wp-json\/wp\/v2\/posts"}],"about":[{"href":"https:\/\/www2.memri.org\/espanol\/wp-json\/wp\/v2\/types\/post"}],"author":[{"embeddable":true,"href":"https:\/\/www2.memri.org\/espanol\/wp-json\/wp\/v2\/users\/1"}],"replies":[{"embeddable":true,"href":"https:\/\/www2.memri.org\/espanol\/wp-json\/wp\/v2\/comments?post=1925"}],"version-history":[{"count":0,"href":"https:\/\/www2.memri.org\/espanol\/wp-json\/wp\/v2\/posts\/1925\/revisions"}],"wp:attachment":[{"href":"https:\/\/www2.memri.org\/espanol\/wp-json\/wp\/v2\/media?parent=1925"}],"wp:term":[{"taxonomy":"category","embeddable":true,"href":"https:\/\/www2.memri.org\/espanol\/wp-json\/wp\/v2\/categories?post=1925"},{"taxonomy":"post_tag","embeddable":true,"href":"https:\/\/www2.memri.org\/espanol\/wp-json\/wp\/v2\/tags?post=1925"}],"curies":[{"name":"wp","href":"https:\/\/api.w.org\/{rel}","templated":true}]}}