{"id":1921,"date":"2007-09-21T00:00:00","date_gmt":"2007-09-21T00:00:00","guid":{"rendered":"http:\/\/www2.memri.org\/espanol\/2007\/09\/21\/supervision-de-portales-islamistas-no-139\/"},"modified":"2007-09-21T00:00:00","modified_gmt":"2007-09-21T00:00:00","slug":"supervision-de-portales-islamistas-no-139","status":"publish","type":"post","link":"https:\/\/www2.memri.org\/espanol\/supervision-de-portales-islamistas-no-139\/1921","title":{"rendered":"Supervisi\u00f3n de Portales Islamistas No. 139"},"content":{"rendered":"<div class=\"bodytext c1\">\n<p><strong>Bin Laden llama a musulmanes de Pakist\u00e1n a lanzar una lucha armada contra el r\u00e9gimen<\/strong><\/p>\n<p>El 20 de septiembre del 2007, el portal islamista ekhlaas.org, que tiene como servidor a Layered Technologies Inc. en Texas, Estados Unidos, public\u00f3 un video de 24 minutos destacando una nueva alocuci\u00f3n de Osama bin Laden. El video, que fue producido por la compa\u00f1\u00eda de medios de comunicaci\u00f3n de Al-Qaeda Al-Sahab y est\u00e1 subtitulado en ingl\u00e9s, muestra filmaciones antiguas de bin Laden y de varios cl\u00e9rigos musulmanes, mientras la alocuci\u00f3n de bin Laden se escucha en el fondo.<\/p>\n<p>El tema del discurso es el Presidente paquistan\u00ed Pervez Musharraf, a quien bin Laden acusa de traici\u00f3n, de servir a los intereses americanos, y de da\u00f1ar los intereses del Islam. Bin Laden llama en los pakistan\u00edes a lanzar una lucha armada contra su presidente para \u00abeliminarlo\u00bb, diciendo que esto es lo que el Islam ordena respecto a los l\u00edderes apostatas. Tambi\u00e9n llama en los soldados musulmanes a desertar, declarando que este ej\u00e9rcito, y el estado paquistan\u00ed, son \u00abenemigos de la naci\u00f3n musulmana\u00bb. Por \u00faltimo, bin Laden jura vengar en nombre de Al-Qaeda las muertes de los <em>mujahideen<\/em>, incluyendo la del Jeque &#8216;Abd Al-Rashid Ghazi.<\/p>\n<p>A continuaci\u00f3n se presentan extractos de la grabaci\u00f3n:<\/p>\n<p>\u00abEl asalto a la Mezquita Roja en Islamabad de Pervez [Musharraf] un incidente entristecedor&#8230; qu\u00e9 revel\u00f3 su determinaci\u00f3n de continuar [sirviendo como] un partidario fiel y obediente de Am\u00e9rica contra los musulmanes&#8230; Nosotros debemos [por consiguiente] lanzar una [lucha] armada contra \u00e9l y eliminarlo&#8230; El <em>shari&#8217;a<\/em> [nos] ordena matar a los l\u00edderes apostatas, y un musulm\u00e1n no debe cuestionar las \u00f3rdenes de Al\u00e1&#8230; Si poseemos la habilidad, estamos obligados a enfrentarnos al l\u00edder ap\u00f3stata, y \u00e9sa es la situaci\u00f3n [hoy d\u00eda]. Aqu\u00e9llos que piensan que no poseemos todav\u00eda el poder de enfrentarnos a [Musharraf] deben ganarse [ese poder], y luego lanzar una [lucha] armada contra Pervez [Musharraf] y su ej\u00e9rcito sin retraso alguno&#8230;<\/p>\n<p>\u00abGuerra por la causa de Al\u00e1 es un mandamiento basado en [el principio de] auto sacrificio&#8230; Los musulmanes en Pakist\u00e1n deben emprender la guerra y el jihad para eliminar a Pervez [Musharraf], su gobierno, su ej\u00e9rcito, y a [todos aqu\u00e9llos] qui\u00e9nes los ayudan. Deben jurar obediencia a un Amir que les ordenar\u00e1, y se tomar\u00e1 para si mismo \u00e9l implementar el <em>Shari&#8217;a<\/em> de Al\u00e1&#8230; Sepan que cuando el jihad se convierte en un mandamiento individual en cada musulm\u00e1n, tal como lo es hoy d\u00eda, s\u00f3lo existen dos opciones&#8230;: o [emprender] el jihad por la causa de Al\u00e1, lo cual es el camino del Profeta&#8230; o evitar [emprender el jihad], lo cual es el camino de los pecadores e hip\u00f3critas&#8230;<\/p>\n<p>\u00abLa [decisi\u00f3n] de las autoridades [paquistan\u00edes] de transmitir la imagen de Maulana &#8216;Abd Al-Rashid disfrazado de mujer es prueba clara del odio y desprecio sentido por Pervez [Musharraf] y por su gobierno al Islam y los fieles estudiosos musulmanes. Es una dolorosa herej\u00eda que remueve [al que lo comete] del pliegue [del Islam]&#8230; Nos vengaremos de Pervez y de aqu\u00e9llos que les ayudaron a matar a &#8216;Abd Al-Rashid Ghazi y a sus hombres, as\u00ed como vengaremos la sangre pura de todos [los musulmanes], y especialmente la de los h\u00e9roes del Islam en Waziristan&#8230; Mientras vivamos y respiremos, la sangre de los estudiosos musulmanes y de los l\u00edderes del Islam y sus descendientes no permanecer\u00e1 sin ser defendida\u00bb.<\/p>\n<\/div>\n","protected":false},"excerpt":{"rendered":"<p>Bin Laden llama a musulmanes de Pakist\u00e1n a lanzar una lucha armada contra el r\u00e9gimen El 20 de septiembre del 2007, el portal islamista ekhlaas.org, que tiene como servidor a Layered Technologies Inc. en Texas, Estados Unidos, public\u00f3 un video de 24 minutos destacando una nueva alocuci\u00f3n de Osama bin Laden. El video, que fue [&hellip;]<\/p>\n","protected":false},"author":1,"featured_media":0,"comment_status":"open","ping_status":"open","sticky":false,"template":"","format":"standard","meta":{"footnotes":""},"categories":[10,6,17],"tags":[],"class_list":["post-1921","post","type-post","status-publish","format-standard","hentry","category-estudios-sobre-terrorismo-y-yihad","category-comunicados-especiales","category-supervision-de-portales-islamistas"],"_links":{"self":[{"href":"https:\/\/www2.memri.org\/espanol\/wp-json\/wp\/v2\/posts\/1921","targetHints":{"allow":["GET"]}}],"collection":[{"href":"https:\/\/www2.memri.org\/espanol\/wp-json\/wp\/v2\/posts"}],"about":[{"href":"https:\/\/www2.memri.org\/espanol\/wp-json\/wp\/v2\/types\/post"}],"author":[{"embeddable":true,"href":"https:\/\/www2.memri.org\/espanol\/wp-json\/wp\/v2\/users\/1"}],"replies":[{"embeddable":true,"href":"https:\/\/www2.memri.org\/espanol\/wp-json\/wp\/v2\/comments?post=1921"}],"version-history":[{"count":0,"href":"https:\/\/www2.memri.org\/espanol\/wp-json\/wp\/v2\/posts\/1921\/revisions"}],"wp:attachment":[{"href":"https:\/\/www2.memri.org\/espanol\/wp-json\/wp\/v2\/media?parent=1921"}],"wp:term":[{"taxonomy":"category","embeddable":true,"href":"https:\/\/www2.memri.org\/espanol\/wp-json\/wp\/v2\/categories?post=1921"},{"taxonomy":"post_tag","embeddable":true,"href":"https:\/\/www2.memri.org\/espanol\/wp-json\/wp\/v2\/tags?post=1921"}],"curies":[{"name":"wp","href":"https:\/\/api.w.org\/{rel}","templated":true}]}}