{"id":1916,"date":"2007-09-21T00:00:00","date_gmt":"2007-09-21T00:00:00","guid":{"rendered":"http:\/\/www2.memri.org\/espanol\/2007\/09\/21\/antiguo-presentador-de-programa-de-opinion-en-al-jazeera-los-medios-de-comunicacion-norteamericanos-han-desarrollado-extensamente-los-metodos-de-propaganda-de-goebbels\/"},"modified":"2007-09-21T00:00:00","modified_gmt":"2007-09-21T00:00:00","slug":"antiguo-presentador-de-programa-de-opinion-en-al-jazeera-los-medios-de-comunicacion-norteamericanos-han-desarrollado-extensamente-los-metodos-de-propaganda-de-goebbels","status":"publish","type":"post","link":"https:\/\/www2.memri.org\/espanol\/antiguo-presentador-de-programa-de-opinion-en-al-jazeera-los-medios-de-comunicacion-norteamericanos-han-desarrollado-extensamente-los-metodos-de-propaganda-de-goebbels\/1916","title":{"rendered":"Antiguo presentador de programa de opini\u00f3n en Al-Jazeera: Los medios de comunicaci\u00f3n norteamericanos han desarrollado extensamente los m\u00e9todos de propaganda de Goebbels"},"content":{"rendered":"<div class=\"bodytext c1\">\n<p><em>En un art\u00edculo en el diario de gobierno sirio Al-Thawra, el presentador del programa de opini\u00f3n \u00abDirecci\u00f3n Opuesta\u00bb en Al-Jazeera Tv, Dr. Faisal Al-Qassim, declar\u00f3 que la m\u00e1quina de propaganda de medios de comunicaci\u00f3n americana est\u00e1 empleando los mismos m\u00e9todos propagand\u00edsticos del nazi Joseph Goebbels.<\/em><\/p>\n<p><em>Lo siguiente son extractos del art\u00edculo <a href=\"#_edn1\" name=\"_ednref1\"><u>[1]<\/u><\/a>:<\/em><\/p>\n<p>\u00abSi Joseph Goebbels, el famoso ministro de propaganda de Hitler, estuviera vivo hoy, estar\u00eda exigiendo fuertes compensaciones de los medios de comunicaci\u00f3n americanos. De hecho, por qu\u00e9 no? Estos medios est\u00e1n usando sus m\u00e9todos de propaganda en mentiras premeditadas y sistem\u00e1ticas, implement\u00e1ndolas en toda su extensi\u00f3n sin mencionar a su inventor.<\/p>\n<p>\u00abEn otras palabras, tenemos aqu\u00ed un claro caso de violaci\u00f3n de las leyes de derecho de autor respecto a la propiedad intelectual de Goebbels. Y ya que los americanos le asignan gran importancia al problema de la propiedad intelectual, deber\u00edan reconocerle al ministro de propaganda nazi de que est\u00e1n copiando sus m\u00e9todos de propaganda, y pagarle por derechos de autor. Sin embargo, ya que los medios de comunicaci\u00f3n americanos han hecho extensos avances en los m\u00e9todos de propaganda de Goebbels, haci\u00e9ndolos m\u00e1s destructivos y eficaces &#8211; de hecho han registrado una nueva patente, [lo cual hace que] se abstengan de mencionar a la fuente.<\/p>\n<p>\u00abQue nadie piense que comparando los medios de comunicaci\u00f3n americanos, que son los medios de comunicaci\u00f3n m\u00e1s respetados del mundo, a la propaganda de Goebbels es una distorsi\u00f3n de [la realidad] y una grave injusticia, aqu\u00ed se presenta un titular grande y reciente [que apareci\u00f3] en un diario norteamericano el martes, 4 de septiembre del 2007: &#8216;Cheney Ordena a los Medios de Comunicaci\u00f3n Vender el Ataque sobre Ir\u00e1n: Canal de Noticias Fox, <em>El<\/em><em>Wall Street Journal<\/em> fue instruido de lanzar el bombardeo de RP (relaciones publicas) para el pr\u00f3ximo ataque militar&#8217;. Este titular no es tomado de un diario \u00e1rabe o cualquier [otro] canal de comunicaciones que desea denigrar a los medios de comunicaci\u00f3n americanos; este llega de un art\u00edculo escrito por un prominente periodista americano Paul Joseph Watson para el Planeta de Prisi\u00f3n (un diario que recibe la mayor\u00eda de su informaci\u00f3n de los importantes diarios y revistas de los Estados Unidos tales como el famoso <em>New Yorker<\/em>).<\/p>\n<p>\u00abEl periodista norteamericano cita a Brent Rubin, un experto sobre el tema de Afganist\u00e1n en la Universidad de Nueva York, que clama haber tenido largas conversaciones con el jefe de uno de los institutos afiliados a los neo-conservadores de los Estados Unidos &#8211; un antiguo funcionario quien le dijo que fue la oficina del vicepresidente que emiti\u00f3 las instrucciones de lanzar una extensa y enfocada campa\u00f1a de propaganda [con el objetivo de] venderle al pueblo americano la idea de un ataque sobre Ir\u00e1n una semana despu\u00e9s del D\u00eda del Trabajador <a href=\"#_edn2\" name=\"_ednref2\">[2]<\/a> [Seg\u00fan el informe] con este fin el Instituto Empresarial coordinar\u00e1 con los diarios <em>Wall Street Journal<\/em> y <em>El Weekly Standard<\/em> [sic], la revista <em>Comentario<\/em>, el canal Fox, y otros peri\u00f3dicos, revistas, y canales de televisi\u00f3n y radio. La oficina del vicepresidente pidi\u00f3 a los medios de comunicaci\u00f3n que apresuren su campa\u00f1a de propaganda y la coordinen cuidadosamente para persuadir a los americanos en aceptar el inminente ataque sobre Ir\u00e1n, as\u00ed fuese justo o no.<\/p>\n<p>\u00abAtenci\u00f3n! A los medios de comunicaci\u00f3n americanos se les exige &#8211; y ya todos tenemos jaquecas de toda esta charla sobre su &#8216;fiabilidad&#8217;, &#8216;independencia&#8217; y &#8216;libertad&#8217; &#8211; esparcir un manojo de mentiras y fabricaciones para que los planes de atacar Ir\u00e1n pudieran ser fruct\u00edferos. El Vicepresidente americano Dick Cheney&#8230; le pidi\u00f3 a los medios de comunicaci\u00f3n que acusen a Ir\u00e1n de cualquier incidente que pudiera ocurrir, incluso fuese trabajo del [propio] &#8216;diablo azul&#8217;. Cheney de esta forma instruy\u00f3 a [los medios de comunicaci\u00f3n americanos]: &#8216;Es importante que vendan [el mensaje] que Ir\u00e1n y nadie m\u00e1s es responsable por todo lo que nos pueda pasar a nosotros&#8217;. Que maravillosos medios de comunicaci\u00f3n son estos!<\/p>\n<p>\u00abEsta l\u00f3gica es diferente de la raz\u00f3n detr\u00e1s de la propaganda nazi liderada por Joseph Goebbels, con su lema, &#8216;Miente y miente de nuevo, y sigue mintiendo, hasta que algo se le pegue a las mentes de las masas o hasta que tu, tu mismo, llegues a creerlo!?&#8217; <a href=\"#_edn3\" name=\"_ednref3\">[3]<\/a> No est\u00e1n ahora los medios de comunicaci\u00f3n americanos representando el blanco como negro y el negro como blanco, para cumplir con las \u00f3rdenes del Vicepresidente Cheney? No estamos enfrentando aqu\u00ed la f\u00f3rmula exacta de la propaganda nazi &#8211; un l\u00edder que emite \u00f3rdenes y los medios de comunicaci\u00f3n que se aseguran sean cumplidas, y falsificando [la verdad] ciega y autom\u00e1ticamente?!!&#8230;<\/p>\n<p>\u00abQui\u00e9n dijo que los americanos no son confiables? Un informe publicado [en un diario neo-conservador] admiti\u00f3 que los [Estados Unidos] le exigen a los medios de comunicaci\u00f3n acusar a Ir\u00e1n de cualquier acci\u00f3n a la que los Estados Unidos est\u00e9n sujetos &#8211; y esto debe hacerse inmediatamente, sin ninguna duda o vacilaci\u00f3n. A los medios de comunicaci\u00f3n tambi\u00e9n se les exigen ocultar cualquier evidencia que podr\u00eda implicar a otros elementos involucrados en tales acciones. Noten el profesionalismo, la fiabilidad, la neutralidad y la libertad de prensa [que disfrutan los medios de comunicaci\u00f3n americanos].<\/p>\n<p>\u00abCu\u00e1l es la diferencia entre estos &#8216;totalmente libres&#8217; medios de comunicaci\u00f3n americanos y los desde\u00f1ables medios oficiales de comunicaci\u00f3n \u00e1rabes usados por los gobiernos \u00e1rabes como portavoces de propaganda para desviar, ocultar, y promover la ignorancia entre las masas para su deshonroso reclutamiento?<\/p>\n<p>\u00abOh, Goebbels, c\u00f3mo te has podido equivocar! Ellos te demonizan, se mofan de tus m\u00e9todos, te hacen ser un s\u00edmbolo de mentiras, de hipocres\u00eda y fracaso comunicacional &#8211; s\u00f3lo para imitar tus m\u00e9todos hasta en los peque\u00f1os detalles. S\u00f3lo existe una peque\u00f1a diferencia: tus medios de comunicaci\u00f3n [e.d. los de Goebbels] eran primitivos; fracasaron hace m\u00e1s de cincuenta a\u00f1os &#8211; mientras ellos [los Estados Unidos] tiene un imperio de comunicaciones innovador sin precedentes&#8230;\u00bb<\/p>\n<\/p>\n<\/div>\n<hr noshade=\"noshade\" \/><!-- footnotes --><\/p>\n<div class=\"bodynews c2\">\n<p><a href=\"#_ednref1\" name=\"_edn1\">[1]<\/a> <em>Al-Thawra<\/em> (Siria), 17 de septiembre, 2007.<\/p>\n<p><a href=\"#_ednref2\" name=\"_edn2\">[2]<\/a> El D\u00eda del Trabajador es designado en los Estados Unidos el segundo lunes de cada septiembre.<\/p>\n<p><a href=\"#_ednref3\" name=\"_edn3\">[3]<\/a> La cita aparece en <a href=\"http:\/\/en.thinkexist.com\/quotation\/-if_you_tell_a_lie_big_enough_and_keep_repeating\/345877.html\">http:\/\/en.thinkexist.com\/quotation\/-if_you_tell_a_lie_big_enough_and_keep_repeating\/345877.html<\/a> tal como: \u00abSi uno dice una mentira lo suficientemente grande y la sigue repitiendo, la gente eventualmente terminara crey\u00e9ndola\u00bb.<\/p>\n<\/div>\n","protected":false},"excerpt":{"rendered":"<p>En un art\u00edculo en el diario de gobierno sirio Al-Thawra, el presentador del programa de opini\u00f3n \u00abDirecci\u00f3n Opuesta\u00bb en Al-Jazeera Tv, Dr. Faisal Al-Qassim, declar\u00f3 que la m\u00e1quina de propaganda de medios de comunicaci\u00f3n americana est\u00e1 empleando los mismos m\u00e9todos propagand\u00edsticos del nazi Joseph Goebbels. Lo siguiente son extractos del art\u00edculo [1]: \u00abSi Joseph Goebbels, [&hellip;]<\/p>\n","protected":false},"author":1,"featured_media":0,"comment_status":"open","ping_status":"open","sticky":false,"template":"","format":"standard","meta":{"footnotes":""},"categories":[6,11],"tags":[],"class_list":["post-1916","post","type-post","status-publish","format-standard","hentry","category-comunicados-especiales","category-e-u-a-y-el-medio-oriente"],"_links":{"self":[{"href":"https:\/\/www2.memri.org\/espanol\/wp-json\/wp\/v2\/posts\/1916","targetHints":{"allow":["GET"]}}],"collection":[{"href":"https:\/\/www2.memri.org\/espanol\/wp-json\/wp\/v2\/posts"}],"about":[{"href":"https:\/\/www2.memri.org\/espanol\/wp-json\/wp\/v2\/types\/post"}],"author":[{"embeddable":true,"href":"https:\/\/www2.memri.org\/espanol\/wp-json\/wp\/v2\/users\/1"}],"replies":[{"embeddable":true,"href":"https:\/\/www2.memri.org\/espanol\/wp-json\/wp\/v2\/comments?post=1916"}],"version-history":[{"count":0,"href":"https:\/\/www2.memri.org\/espanol\/wp-json\/wp\/v2\/posts\/1916\/revisions"}],"wp:attachment":[{"href":"https:\/\/www2.memri.org\/espanol\/wp-json\/wp\/v2\/media?parent=1916"}],"wp:term":[{"taxonomy":"category","embeddable":true,"href":"https:\/\/www2.memri.org\/espanol\/wp-json\/wp\/v2\/categories?post=1916"},{"taxonomy":"post_tag","embeddable":true,"href":"https:\/\/www2.memri.org\/espanol\/wp-json\/wp\/v2\/tags?post=1916"}],"curies":[{"name":"wp","href":"https:\/\/api.w.org\/{rel}","templated":true}]}}