{"id":18871,"date":"2016-06-24T17:15:58","date_gmt":"2016-06-24T21:45:58","guid":{"rendered":"http:\/\/www2.memri.org\/espanol\/?p=18871"},"modified":"2016-06-27T17:44:08","modified_gmt":"2016-06-27T22:14:08","slug":"parasitos-en-las-tierras-de-los-infieles-2","status":"publish","type":"post","link":"https:\/\/www2.memri.org\/espanol\/parasitos-en-las-tierras-de-los-infieles-2\/18871","title":{"rendered":"Par\u00e1sitos en las tierras de los infieles"},"content":{"rendered":"<p>Por: Alberto M. Fern\u00e1ndez*<\/p>\n<p>Los conceptos de exilio y refugio son antiguos que existen a trav\u00e9s de muchas civilizaciones y culturas. El Imperio Otomano y otros estados musulmanes proveyeron refugio a los reci\u00e9n ap\u00e1tridas jud\u00edos sefaraditas expulsados de la Pen\u00ednsula Ib\u00e9rica por los Reyes Cat\u00f3licos. Los otomanos incluso acogieron a los cristianos luteranos de la persecuci\u00f3n por los Habsburgo. Los Estados Unidos, desde su inicio, han servido como refugio para todo tipo de refugiados pol\u00edticos y religiosos que huyen de la persecuci\u00f3n en otros lugares. El comunista revolucionario Karl Marx encontr\u00f3 refugio en el Londres victoriano despu\u00e9s de tener que huir de Europa continental. Este encontr\u00f3 refugio en el propio imperio y sistema pol\u00edtico-econ\u00f3mico que este dese\u00f3 ver derrocado.<\/p>\n<p>Desde hace d\u00e9cadas, los pa\u00edses occidentales han servido como lugares de refugio para muchos musulmanes que huyen de la represi\u00f3n de sus compa\u00f1eros musulmanes en sus propios pa\u00edses. La mayor\u00eda de los musulmanes nacidos en el extranjero est\u00e1n, sin lugar a duda, profundamente agradecidos por este santuario. Algunos pueden haber nacido o crecido en Occidente en familias inmigrantes de primera generaci\u00f3n, pero en alg\u00fan momento adquieren un profundo odio o repulsi\u00f3n por el pa\u00eds que los ha acogido misericordiosamente, tal como se ve, por ejemplo, con los hermanos Tsarnaev que llevaron a cabo el atentado del Marat\u00f3n de Boston en el 2013.<\/p>\n<p>La radicalizaci\u00f3n de la segunda generaci\u00f3n de inmigrantes musulmanes, primero en Europa y ahora en los Estados Unidos, es ahora un fen\u00f3meno distinto y continuo.<a href=\"#_edn1\" name=\"_ednref1\">[1]<\/a> El salafismo-yihadismo, por supuesto, ya provee una construcci\u00f3n y justificaci\u00f3n ideol\u00f3gicamente lista &#8211; la de <em>Al-Wala wal-Bara<\/em> (lealtad y negaci\u00f3n), para los musulmanes radicalizados que viven bajo un gobierno no isl\u00e1mico a seguir.<a href=\"#_edn2\" name=\"_ednref2\">[2]<\/a><\/p>\n<p>Este importante y pernicioso principio provee una lecci\u00f3n objetiva muy detallada en alienaci\u00f3n y un plan de traici\u00f3n potencial. Un portal en ingl\u00e9s creado por \u00abestudiantes\u00bb del influyente predicador islamista \u00e1rabe-estadounidense Ahmed Musa Jibril explica que Al-Wala (le lealtad) es s\u00f3lo para Al\u00e1 y los creyentes, mientras que la negaci\u00f3n (<em>al-Bara<\/em>) significa odio hacia los infieles, no imitarlos de ninguna manera, no vivir en las tierras de los infieles, no ayudarlos, o ser compasivo con ellos.<a href=\"#_edn3\" name=\"_ednref3\">[3]<\/a> El material parece ser tomado literalmente del prominente cl\u00e9rigo saud\u00ed Salih Al-Fawzan, en una traducci\u00f3n en ingl\u00e9s disponible en la red por la comunidad salafista en Calgary, Canad\u00e1 hace a\u00f1os.<a href=\"#_edn4\" name=\"_ednref4\">[4]<\/a><\/p>\n<p>Pero mientras los hijos alienados de las familias de inmigrantes son una preocupaci\u00f3n real, quiz\u00e1 m\u00e1s problem\u00e1tico y sin duda m\u00e1s notorio son los adultos extranjeros partidarios abiertos del salafismo-yihadismo que utilizan a Occidente como una plataforma para envenenar las mentes de los j\u00f3venes musulmanes, les hacen rabiar contra los propios pa\u00edses que los albergan y les hacen expresar su lealtad a los grupos terroristas que est\u00e1n abiertamente comprometidos a la destrucci\u00f3n de estas sociedades occidentales en los que viven. Estos no son chicos, adolescentes con identidad desafiante o conversos locales, sino extremistas totalmente formados enriqueci\u00e9ndose como par\u00e1sitos sobre las tierras \u00abinfieles\u00bb que estos desprecian mientras rebuznan por la destrucci\u00f3n de sus anfitriones. Aunque los extremistas nacidos en el pa\u00eds tales como Anjem Choudary son muy similares en su discurso, no me estoy centrando en personas como \u00e9l en este escrito, sino en un subgrupo muy espec\u00edfico de la yihadosfera.<a href=\"#_edn5\" name=\"_ednref5\">[5]<\/a><\/p>\n<p>Gran parte de este discurso extremista est\u00e1 anidado en el lugar del p\u00falpito. Los cl\u00e9rigos extremistas huyen de la regi\u00f3n y continuar donde lo dejaron, predicando veneno en las mezquitas a los que emigraron y a sus hijos. Otros son reclutados. En la regi\u00f3n de Catalu\u00f1a Espa\u00f1a, al menos un tercio de todas las mezquitas est\u00e1n controlados por los salafistas y su n\u00famero ha aumentado de 21 en el 2001 a 79 en el 2016. El apoyo de las instituciones salafistas en Arabia Saudita y Kuwait es tangible. La polic\u00eda catalana teme que el mayor resultado de esta tendencia a\u00fan no es el terrorismo, sino el aislamiento social autoimpuesto.<a href=\"#_edn6\" name=\"_ednref6\">[6]<\/a> Ejemplos de cl\u00e9rigos islamistas en Occidente que atacan a jud\u00edos y cristianos y predican un discurso abierto de supremac\u00eda islamista violenta son numerosos,<a href=\"#_edn7\" name=\"_ednref7\">[7]<\/a> aunque algunos optan por una forma m\u00e1s moderada en el hablar.<a href=\"#_edn8\" name=\"_ednref8\">[8]<\/a><\/p>\n<p>Sin embargo, otros cl\u00e9rigos musulmanes nacidos en el extranjero, tanto en Europa como en los Estados Unidos, han llamado a la tolerancia, e incluso han tratado de expandir de forma creativa sus discursos liberales y humanistas dentro del Islam. En Virginia, el acad\u00e9mico Dr. Ahmed Subhi Mansour realiza matrimonios de mujeres musulmanas con hombres no musulmanes, promoviendo un panorama religiosamente prohibido rechazado por muchos juristas musulmanes a nivel mundial &#8211; es decir, que las mujeres musulmanas tienen los mismos derechos que los hombres musulmanes de casarse fuera de su fe<a href=\"#_edn9\" name=\"_ednref9\">[9]<\/a> En Francia, el imam Amine Najdi ha se\u00f1alado que los musulmanes son ciudadanos franceses en todo sentidos de la palabra \u00abque acatan y respetan las leyes de este pa\u00eds\u00bb.<a href=\"#_edn10\" name=\"_ednref10\">[10]<\/a> Incluso algunos salafistas han sido bastante abiertos en su cr\u00edtica hacia sus rivales salafistas-yihadistas.<a href=\"#_edn11\" name=\"_ednref11\">[11]<\/a><\/p>\n<p>El discurso religioso extremista puede ser preocupaci\u00f3n, pero la libertad religiosa ha sido y siempre deber\u00eda ser la piedra angular de las democracias occidentales. Ciertamente, los estados democr\u00e1ticos tienen todo el derecho de proveer supervisi\u00f3n a los cl\u00e9rigos extranjeros, ejercer su debida diligencia y tomar medidas en su contra, pero las protecciones a la libertad de expresi\u00f3n y al ejercicio libre de la religi\u00f3n son muy valiosas y necesitan ser protegidas. Como cristiano, me gustar\u00eda eso para los musulmanes al igual que luchar\u00eda por esto para mis propios correligionarios.<a href=\"#_edn12\" name=\"_ednref12\">[12]<\/a> Pero tambi\u00e9n creo que los gobiernos occidentales pudieran hacer m\u00e1s para garantizar que los cl\u00e9rigos extranjeros a quienes se les permiten ser l\u00edderes de grupos dom\u00e9sticos no sean extremistas.<a href=\"#_edn13\" name=\"_ednref13\">[13]<\/a><\/p>\n<p>Sin embargo, mientras gran parte del discurso islamista puede y debe ser protegido en las democracias occidentales, seguramente alg\u00fan discurso puede escaparse m\u00e1s all\u00e1 de los l\u00edmites. \u00bfQu\u00e9 hay de extremistas extranjeros en Occidente quienes abiertamente juran lealtad a las organizaciones terroristas &#8211; organizaciones que en repetidas ocasiones claman por ataques contra Occidente?<\/p>\n<p><img loading=\"lazy\" decoding=\"async\" class=\"alignnone size-full wp-image-18876\" src=\"http:\/\/www2.memri.org\/espanol\/wp-content\/uploads\/2016\/06\/28781-3.jpg\" width=\"554\" height=\"447\" srcset=\"https:\/\/www2.memri.org\/espanol\/wp-content\/uploads\/2016\/06\/28781-3.jpg 554w, https:\/\/www2.memri.org\/espanol\/wp-content\/uploads\/2016\/06\/28781-3-300x242.jpg 300w, https:\/\/www2.memri.org\/espanol\/wp-content\/uploads\/2016\/06\/28781-3-521x420.jpg 521w\" sizes=\"auto, (max-width: 554px) 100vw, 554px\" \/><\/p>\n<p>Un primer ejemplo de esta s\u00f3rdida realidad es el islamista egipcio Hani Al-Sibai, quien lleg\u00f3 al Reino Unido en 1994 y clam\u00f3 su condici\u00f3n de refugiado. A pesar de un alto perfil en los medios de comunicaci\u00f3n pan-\u00e1rabes, varios comentarios indignantes<a href=\"#_edn14\" name=\"_ednref14\">[14]<\/a> y varias medidas legales adoptadas contra este, todav\u00eda est\u00e1 en Londres. Al-Sibai, quien varias veces tuvo encontronazos con MEMRI por haberlo llamado extremista, vive en una lujosa casa en West London subsidiado por el Gobierno de Su Majestad.<a href=\"#_edn15\" name=\"_ednref15\">[15]<\/a><\/p>\n<p>Al-Sibai fue acusado en el 2016 por jugar un papel clave en la radicalizaci\u00f3n en el 2012 de dos musulmanes brit\u00e1nicos de origen sudan\u00e9s quienes se unieron al Estado Isl\u00e1mico.<a href=\"#_edn16\" name=\"_ednref16\">[16]<\/a> Tambi\u00e9n influy\u00f3 sobre el verdugo del EIIS Muhammad Emwazi (alias el yihadista John) y el atacante que mat\u00f3 a turistas brit\u00e1nicos que vacacionaban en T\u00fanez.<a href=\"#_edn17\" name=\"_ednref17\">[17]<\/a> No se sabe a cien si acierta si Al-Sibai tiene sentido del humor (este una vez se\u00f1al\u00f3 que los ingleses insultaron a los turcos nombrando a un animal que estos comen pavo),<a href=\"#_edn18\" name=\"_ednref18\">[18]<\/a> pero si lo hace, tiene mucho por el qu\u00e9 re\u00edrse en hacer tal da\u00f1o mientras es financiado por el contribuyente infiel.<\/p>\n<p><img loading=\"lazy\" decoding=\"async\" class=\"alignnone size-full wp-image-18877\" src=\"http:\/\/www2.memri.org\/espanol\/wp-content\/uploads\/2016\/06\/28782-3.jpg\" width=\"562\" height=\"382\" srcset=\"https:\/\/www2.memri.org\/espanol\/wp-content\/uploads\/2016\/06\/28782-3.jpg 562w, https:\/\/www2.memri.org\/espanol\/wp-content\/uploads\/2016\/06\/28782-3-300x204.jpg 300w\" sizes=\"auto, (max-width: 562px) 100vw, 562px\" \/><\/p>\n<p>Hani Al-Sibai es una figura muy conocida en la yihadosfera, pero muchos de los otros par\u00e1sitos extremistas, tales como Malik Fndy en Alemania, parecen tener un c\u00edrculo de influencia mucho m\u00e1s reducido. Fndy, un estudiante graduado en la Universidad T\u00e9cnica de Darmstadt, fue detenido brevemente luego de que varios videos que este realizo y public\u00f3 en Facebook salieron a la luz en febrero, 2016. En ellos, prometi\u00f3 su lealtad al EIIS y justific\u00f3 el que el piloto jordano Muath Al-Kasasbeh fuese quemado vivo y la lapidaci\u00f3n de mujeres acusadas de adulterio. Despu\u00e9s de ver el video de la quema del piloto, respondi\u00f3, \u00abMe lleno de gran orgullo por mi apoyo a este Estado, que enarbola la estandarte de mi religi\u00f3n, as\u00ed los infieles y ap\u00f3statas les guste o no, y defiende mi honor y sangre de mi pueblo de los cerdos agresores\u00bb.<a href=\"#_edn19\" name=\"_ednref19\">[19]<\/a><\/p>\n<p><img loading=\"lazy\" decoding=\"async\" class=\"alignnone size-full wp-image-18878\" src=\"http:\/\/www2.memri.org\/espanol\/wp-content\/uploads\/2016\/06\/28783-3.jpg\" width=\"650\" height=\"354\" srcset=\"https:\/\/www2.memri.org\/espanol\/wp-content\/uploads\/2016\/06\/28783-3.jpg 650w, https:\/\/www2.memri.org\/espanol\/wp-content\/uploads\/2016\/06\/28783-3-300x163.jpg 300w, https:\/\/www2.memri.org\/espanol\/wp-content\/uploads\/2016\/06\/28783-3-600x327.jpg 600w\" sizes=\"auto, (max-width: 650px) 100vw, 650px\" \/><\/p>\n<p>Yo aparec\u00ed el a\u00f1o pasado en uno de los m\u00e1s conocidos y notorios programas de opini\u00f3n de Al-Jazeera para debatir, en \u00e1rabe, a la conocida \u00abinvestigadora\u00bb que vive en Suecia Nuri Al-Muradi, otra abierta partidaria del EIIS en Europa.<a href=\"#_edn20\" name=\"_ednref20\">[20]<\/a> A pesar de que una persona no nativa de habla \u00e1rabe es una desventaja obvia en contra de alguien que habla en su propio idioma, sent\u00ed que era importante tratar de desafiar a Al-Muradi, en especial la contradicci\u00f3n b\u00e1sica de un seguidor declarado del EIIS que vive y le paga impuestos al reino infiel de Suecia. Tal como suele suceder con estos tipos, este se neg\u00f3 a confrontar la contradicci\u00f3n b\u00e1sica de su postura.<\/p>\n<p>Al-Jazeera si le otorg\u00f3 un podio para reclamar descaradamente que el sangriento dictador sirio Bashar Al-Assad fue una creaci\u00f3n occidental sionista mas\u00f3nica. Yo respond\u00ed que Assad y sus cr\u00edmenes eran 100% producto de las patolog\u00edas pol\u00edticas del mundo \u00e1rabe.<\/p>\n<p>El tema no es un mero asunto de lealtad dividida. Es importante subrayar que la propia ideolog\u00eda del EIIS no permite \u00e1reas grises cuando se trata de lealtad y enemistad hacia los dem\u00e1s (incluyendo a los musulmanes que no apoyan al EIIS). Para el Estado Isl\u00e1mico, un partidario no s\u00f3lo est\u00e1 obligado a rechazar a los no musulmanes o las pr\u00e1cticas no isl\u00e1micas; este debe ser activamente hostil hacia ellos. El fracaso en oponerse a la incredulidad ser\u00eda entonces en s\u00ed similar a la incredulidad.<a href=\"#_edn21\" name=\"_ednref21\">[21]<\/a><\/p>\n<p>Entonces, \u00bfqu\u00e9 debe hacerse con estos radicalizadores vagabundos que tratan de utilizar las libertades de las democracias liberales para minarlos y envenenar las mentes de los j\u00f3venes musulmanes en Occidente? Uno de los com\u00fanmente temores expresados sobre las democracias que enfrentan una amenaza terrorista es el de combatir el fuego con fuego, de gobiernos que supuestamente reaccionan demasiado y utilizan m\u00e9todos extremos para luchar contra el extremismo. Eso ha sido parte del debate p\u00fablico sobre temas tales como el m\u00e9todo de tortura (waterboarding) o el de los aviones no tripulados.<\/p>\n<p>En el caso de estos amplificadores p\u00fablicos yihadistas, el reto es a menudo visto como el de salvaguardar la libertad de expresi\u00f3n y la libre expresi\u00f3n en los estados democr\u00e1ticos que permiten un discurso de odio impopular y minoritario. Que sin duda tiene que ser de preocupaci\u00f3n, a pesar que los l\u00edmites en libertad de expresi\u00f3n en los estados democr\u00e1ticos europeos ya se encuentran m\u00e1s limitados de que lo que est\u00e1n en los Estados Unidos.<\/p>\n<p>Los gobiernos occidentales tambi\u00e9n parecen estar inc\u00f3modos, o a la deriva, por la amenaza ideol\u00f3gica (o pol\u00edtico-religiosa) representada por los grupos salafistas-yihadistas tales como el EIIS y Al-Qaeda. Al olvidar su propio pasado, gran parte de Occidente se ve a s\u00ed mismo como un ente c\u00f3modamente post-moderno, l\u00f3gico y razonable y m\u00e1s all\u00e1 de las pasiones suscitadas por las ideolog\u00edas pol\u00edticas o religiosas. Y sin embargo, fue hace s\u00f3lo unos 40 a\u00f1os que las facciones armadas marxista-leninistas radicalizaron a los j\u00f3venes en las instalaciones universitarias y llevaron a cabo actos abiertos de terrorismo en Europa Occidental y los Estados Unidos.<a href=\"#_edn22\" name=\"_ednref22\">[22]<\/a><\/p>\n<p><img loading=\"lazy\" decoding=\"async\" class=\"alignnone size-full wp-image-18879\" src=\"http:\/\/www2.memri.org\/espanol\/wp-content\/uploads\/2016\/06\/28784-3.jpg\" width=\"564\" height=\"459\" srcset=\"https:\/\/www2.memri.org\/espanol\/wp-content\/uploads\/2016\/06\/28784-3.jpg 564w, https:\/\/www2.memri.org\/espanol\/wp-content\/uploads\/2016\/06\/28784-3-300x244.jpg 300w, https:\/\/www2.memri.org\/espanol\/wp-content\/uploads\/2016\/06\/28784-3-516x420.jpg 516w\" sizes=\"auto, (max-width: 564px) 100vw, 564px\" \/><\/p>\n<p>Obviamente, este tipo de voces extremistas necesitan ser vigorosamente desafiados en la esfera p\u00fablica, pero eso no es suficiente. Europa se enfrenta a un problema particular en que el Tribunal Europeo de Derechos Humanos ha sido utilizado en repetidamente por los abogados de los partidarios de los terroristas declarados a fin de evadir la deportaci\u00f3n. El mullah yihadista kurdo iraqu\u00ed Krekar ha disfrutado ahora un cuarto de siglo de hospitalidad europea, mientras que constantemente trama acciones terroristas y amenaza a funcionarios en Noruega.<a href=\"#_edn23\" name=\"_ednref23\">[23]<\/a> Una de las organizaciones que este ayud\u00f3 a establecer fue precursora del Estado Isl\u00e1mico.<a href=\"#_edn24\" name=\"_ednref24\">[24]<\/a> El largo camino legal y pol\u00edtico de Krekar ha tenido muchos giros y vueltas, pero parece ser que puede estar al borde de la extradici\u00f3n &#8211; a Italia, en lugar del Medio Oriente.<a href=\"#_edn25\" name=\"_ednref25\">[25]<\/a><\/p>\n<p>Si el hablar sobre reformas de algunas de las instituciones de la Uni\u00f3n Europea conduce en realidad hacia algo tangible, es de esperarse que las lagunas que permiten a los partidarios abiertos de grupos terroristas abusar de las libertades europeas, ser\u00e1n eliminados.<a href=\"#_edn26\" name=\"_ednref26\">[26]<\/a><\/p>\n<p>Tal paso es importante por dos razones b\u00e1sicas. Dos elementos en el discurso actual de los salafistas-yihadistas tales como el Estado Isl\u00e1mico son, que Occidente es b\u00e1sicamente d\u00e9bil y, que no cree en nada. Mostrar que el discurso totalitario no liberal, tiene consecuencias en el mundo real perfora la \u00abnarrativa de victoria\u00bb yihadista del EIIS con tanta seguridad como la derrota militar en la regi\u00f3n. Tambi\u00e9n fortalece NUESTRA propia narrativa de que el orden democr\u00e1tico liberal occidental es algo que vale la pena defender, que es a la vez acogedor y tolerante, pero tambi\u00e9n poderoso y seguro. Un Estado democr\u00e1tico incapaz de defenderse a s\u00ed mismo y defender lo que cree ser m\u00e1s digno de l\u00e1stima que lo temido por los extremistas &#8211; si conocieran piedad en lugar de crueldad.<\/p>\n<p>El reto para gran parte de Occidente hoy es ser fieles y honestos a nuestros ideales, para redescubrir y unir lo mejor de nuestra historia y tradiciones, mientras al mismo tiempo demostramos generosamente solidaridad y compasi\u00f3n por los dem\u00e1s, para los refugiados y los despose\u00eddos, alrededor del mundo. El Papa Benedicto XVI advirti\u00f3 contra \u00abun auto odio peculiar occidental que no es nada menos que patol\u00f3gico\u00bb.<a href=\"#_edn27\" name=\"_ednref27\">[27]<\/a> Deber\u00edamos indicar tambi\u00e9n de que somos serios sobre el protegernos a nosotros mismos y lo que decimos creer. Partidarios abiertos del yihadismo que se amparan en Occidente e intentan subvertirnos deber\u00edan saber que existen consecuencias reales a sus acciones. El hacer menos es no mostrar tolerancia o comprensi\u00f3n, sino mostrar una debilidad suicida.<\/p>\n<p><em>*Alberto M. Fern\u00e1ndez es Vicepresidente de MEMRI.<\/em><\/p>\n<p><a href=\"#_ednref1\" name=\"_edn1\">[1]<\/a> Asuntos Exteriores, \u00abLos musulmanes iracundos de Europa\u00bb, julio\/agosto, 2005.<\/p>\n<p><a href=\"#_ednref2\" name=\"_edn2\">[2]<\/a> Tonyblairfaithfoundation.org, \u00abLealtad y Negaci\u00f3n: Al-Wala Wal-Bara\u00bb, 7 de noviembre, 2014.<\/p>\n<p><a href=\"#_ednref3\" name=\"_edn3\">[3]<\/a> Ahmadjibril.com, \u00ab<em>Al-Walaa&#8217; wal-Bara<\/em>\u00ab, sin fecha.<\/p>\n<p><a href=\"#_ednref4\" name=\"_edn4\">[4]<\/a> Ahlehadith.files.wordpress.com\/2010\/05\/alwalaalbarafawzaan.pdf.<\/p>\n<p><a href=\"#_ednref5\" name=\"_edn5\">[5]<\/a> Telegraph.co.uk 22 de junio, 2016.<\/p>\n<p><a href=\"#_ednref6\" name=\"_edn6\">[6]<\/a> Ccaa.elpais.com 18 de junio, 2016.<\/p>\n<p><a href=\"#_ednref7\" name=\"_edn7\">[7]<\/a> MEMRI TV Clip #4396 &#8211; Serm\u00f3n de los viernes en mezquita italiana: Asesinen a los jud\u00edos hasta el \u00faltimo de ellos, 29 de julio, 2014.<\/p>\n<p><a href=\"#_ednref8\" name=\"_edn8\">[8]<\/a> MEMRI TV Clip #5164 &#8211; Franc\u00e9s en serm\u00f3n de los viernes el d\u00eda de los ataques en Par\u00eds: Nuestros hijos pueden convertirse en gobernantes de Francia por medios legales, 13 de noviembre, 2015.<\/p>\n<p><a href=\"#_ednref9\" name=\"_edn9\">[9]<\/a> Youtube.com\/watch?v=lL8nTcFA49g.<\/p>\n<p><a href=\"#_ednref10\" name=\"_edn10\">[10]<\/a> MEMRI TV Clip #5185, Serm\u00f3n de los viernes en Tomblaine, Francia &#8211; Imam Nejdi condena atentados en Par\u00eds: Somos ciudadanos franceses en el pleno sentido de la palabra, 20 de noviembre, 2015.<\/p>\n<p><a href=\"#_ednref11\" name=\"_edn11\">[11]<\/a> Salafimanhaj.com.<\/p>\n<p><a href=\"#_ednref12\" name=\"_edn12\">[12]<\/a> Russellmoore.com 8 de junio, 2016.<\/p>\n<p><a href=\"#_ednref13\" name=\"_edn13\">[13]<\/a> Dayan.org, \u00abTel Aviv denota: Educar a Imams en Europa\u00bb, sin fecha.<\/p>\n<p><a href=\"#_ednref14\" name=\"_edn14\">[14]<\/a> MEMRI TV Clip #2914 &#8211; Presentador de Al-Jazeera TV confronta al islamista Hani Al-Sibai en Londres por glorificaci\u00f3n de Osama bin Laden, 2 de mayo, 2011.<\/p>\n<p><a href=\"#_ednref15\" name=\"_edn15\">[15]<\/a> Counterextremismproject.com, \u00ab\u00bfApoyan los contribuyentes brit\u00e1nicos a un cl\u00e9rigo radical?\u00bb 2 de septiembre, 2015.<\/p>\n<p><a href=\"#_ednref16\" name=\"_edn16\">[16]<\/a> Buzzfeed.com 23 de mayo, 2016.<\/p>\n<p><a href=\"#_ednref17\" name=\"_edn17\">[17]<\/a> Telegraph.co.uk, 25 de abril, 2015.<\/p>\n<p><a href=\"#_ednref18\" name=\"_edn18\">[18]<\/a> MEMRI Tv Clip #1513 &#8211; Liberal egipcio Al-Sayid Qimni y el islamista Hani Al-Sibai de Londres debaten secularismo y fundamentalismo en el mundo \u00e1rabe, 10 de julio, 2007.<\/p>\n<p><a href=\"#_ednref19\" name=\"_edn19\">[19]<\/a> MEMRI Despacho Especial No. 6467, El acad\u00e9mico y partidario del EIIS en Alemania Malik Fndy fue arrestado tras publicaci\u00f3n de clip de MEMRI TV y resume sus actividades pro-EIIS en Facebook 10 de junio, 2016.<\/p>\n<p><a href=\"#_ednref20\" name=\"_edn20\">[20]<\/a> MEMRI Tv Clip #5151 &#8211; Vicepresidente de MEMRI Alberto Fern\u00e1ndez: Necesitamos una alternativa para lidiar con el EIIS y el r\u00e9gimen de Al-Assad, 13 de octubre, 2015.<\/p>\n<p><a href=\"#_ednref21\" name=\"_edn21\">[21]<\/a> Carnegieendowment.org, \u00abEl Sectarismo del Estado Isl\u00e1mico: Ra\u00edces Ideol\u00f3gicas y Contexto Pol\u00edtico\u00bb, 13 de junio, 2016.<\/p>\n<p><a href=\"#_ednref22\" name=\"_edn22\">[22]<\/a> Reason.com 15 de enero, 2016.<\/p>\n<p><a href=\"#_ednref23\" name=\"_edn23\">[23]<\/a> Weeklystandard.com 11 de enero, 2016.<\/p>\n<p><a href=\"#_ednref24\" name=\"_edn24\">[24]<\/a> <em>The Daily Caller<\/em> 17 de noviembre, 2015.<\/p>\n<p><a href=\"#_ednref25\" name=\"_edn25\">[25]<\/a> Newsinenglish.no 9 de junio, 2016.<\/p>\n<p><a href=\"#_ednref26\" name=\"_edn26\">[26]<\/a> Independent.co.uk 30 de mayo, 2015.<\/p>\n<p><a href=\"#_ednref27\" name=\"_edn27\">[27]<\/a> Firstthings.com, \u00abEuropa y sus Descontentos\u00bb, Papa Benedicto XVI, enero, 2006.<\/p>\n<p>&nbsp;<\/p>\n","protected":false},"excerpt":{"rendered":"<p>Por: Alberto M. Fern\u00e1ndez* Los conceptos de exilio y refugio son antiguos que existen a trav\u00e9s de muchas civilizaciones y culturas. El Imperio Otomano y otros estados musulmanes proveyeron refugio a los reci\u00e9n ap\u00e1tridas jud\u00edos sefaraditas expulsados de la Pen\u00ednsula Ib\u00e9rica por los Reyes Cat\u00f3licos. Los otomanos incluso acogieron a los cristianos luteranos de la [&hellip;]<\/p>\n","protected":false},"author":42,"featured_media":18872,"comment_status":"open","ping_status":"open","sticky":false,"template":"","format":"standard","meta":{"footnotes":""},"categories":[4,6],"tags":[],"class_list":["post-18871","post","type-post","status-publish","format-standard","has-post-thumbnail","hentry","category-archivos","category-comunicados-especiales"],"_links":{"self":[{"href":"https:\/\/www2.memri.org\/espanol\/wp-json\/wp\/v2\/posts\/18871","targetHints":{"allow":["GET"]}}],"collection":[{"href":"https:\/\/www2.memri.org\/espanol\/wp-json\/wp\/v2\/posts"}],"about":[{"href":"https:\/\/www2.memri.org\/espanol\/wp-json\/wp\/v2\/types\/post"}],"author":[{"embeddable":true,"href":"https:\/\/www2.memri.org\/espanol\/wp-json\/wp\/v2\/users\/42"}],"replies":[{"embeddable":true,"href":"https:\/\/www2.memri.org\/espanol\/wp-json\/wp\/v2\/comments?post=18871"}],"version-history":[{"count":0,"href":"https:\/\/www2.memri.org\/espanol\/wp-json\/wp\/v2\/posts\/18871\/revisions"}],"wp:featuredmedia":[{"embeddable":true,"href":"https:\/\/www2.memri.org\/espanol\/wp-json\/wp\/v2\/media\/18872"}],"wp:attachment":[{"href":"https:\/\/www2.memri.org\/espanol\/wp-json\/wp\/v2\/media?parent=18871"}],"wp:term":[{"taxonomy":"category","embeddable":true,"href":"https:\/\/www2.memri.org\/espanol\/wp-json\/wp\/v2\/categories?post=18871"},{"taxonomy":"post_tag","embeddable":true,"href":"https:\/\/www2.memri.org\/espanol\/wp-json\/wp\/v2\/tags?post=18871"}],"curies":[{"name":"wp","href":"https:\/\/api.w.org\/{rel}","templated":true}]}}