{"id":18797,"date":"2016-06-14T13:25:50","date_gmt":"2016-06-14T17:55:50","guid":{"rendered":"http:\/\/www2.memri.org\/espanol\/?p=18797"},"modified":"2016-06-15T13:33:56","modified_gmt":"2016-06-15T18:03:56","slug":"reacciones-rusas-al-ataque-terrorista-en-orlando","status":"publish","type":"post","link":"https:\/\/www2.memri.org\/espanol\/reacciones-rusas-al-ataque-terrorista-en-orlando\/18797","title":{"rendered":"Reacciones rusas al ataque terrorista en Orlando"},"content":{"rendered":"<p>No aparecieron comentarios importantes en los medios de comunicaci\u00f3n rusos el d\u00eda despu\u00e9s del ataque terrorista en Orlando que ten\u00eda como objetivo la comunidad LGBT, para el cual el EIIS (El Estado Isl\u00e1mico) se atribuy\u00f3 la responsabilidad. El Presidente ruso Vladimir Putin envi\u00f3 un mensaje oficial de condolencias al Presidente Barak Obama, diciendo que el pueblo ruso comparte el dolor y la angustia de aquellos que perdieron a sus familiares y seres queridos como consecuencia de este \u00abbrutal crimen\u00bb.<a href=\"#_edn1\" name=\"_ednref1\">[1]<\/a> Sin embargo, los medios de comunicaci\u00f3n rusos portaron algunas reacciones.<\/p>\n<p>El Presidente del Comit\u00e9 de Asuntos Exteriores de Estado Duma Aleksey Pushkov, quien se encuentra muy activo en las redes sociales, public\u00f3 duros comentarios sobre la pol\u00edtica exterior de Obama en su cuenta Twitter. Pushkov escribi\u00f3: \u00abObama compar\u00f3 Rusia al EIIS. Pero decenas de estadounidenses fueron asesinados no por manos de los rusos, sino por las del EIIS. Obama tiene que retractarse de sus palabras\u00bb. En realidad, Obama nunca compar\u00f3 a Rusia con el EIIS, pero en la 69\u00aa Asamblea General de la ONU, el presidente estadounidense dijo que hoy las tres amenazas m\u00e1s importantes en el mundo son: el \u00c9bola, \u00abla agresi\u00f3n rusa en Europa\u00bb y \u00abla brutalidad de los terroristas en Siria e Irak\u00bb.<a href=\"#_edn2\" name=\"_ednref2\">[2]<\/a><\/p>\n<p><img loading=\"lazy\" decoding=\"async\" class=\"alignnone size-full wp-image-18799\" src=\"http:\/\/www2.memri.org\/espanol\/wp-content\/uploads\/2016\/06\/28628-1.jpg\" width=\"650\" height=\"961\" srcset=\"https:\/\/www2.memri.org\/espanol\/wp-content\/uploads\/2016\/06\/28628-1.jpg 650w, https:\/\/www2.memri.org\/espanol\/wp-content\/uploads\/2016\/06\/28628-1-203x300.jpg 203w, https:\/\/www2.memri.org\/espanol\/wp-content\/uploads\/2016\/06\/28628-1-600x887.jpg 600w, https:\/\/www2.memri.org\/espanol\/wp-content\/uploads\/2016\/06\/28628-1-284x420.jpg 284w\" sizes=\"auto, (max-width: 650px) 100vw, 650px\" \/><\/p>\n<p><em>(Fuente: Twitter.com\/alexey_pushkov 13 de junio, 2016)<\/em><\/p>\n<p>El Vocero del Estado Ruso Duma Sergei Narishkin lo interpret\u00f3 de otra manera: La tragedia de Orlando es el resultado de la negligencia mostrada por los servicios de inteligencia estadounidenses. Narishkin dijo: \u00abEn cuanto a las conclusiones de las autoridades estadounidenses, por supuesto, este es un error flagrante de los servicios de inteligencia de Estados Unidos. Ellos admitieron que interrogaron a los terroristas tres veces en varias ocasiones\u00bb.<a href=\"#_edn3\" name=\"_ednref3\">[3]<\/a><\/p>\n<p>La portavoz del Ministerio de Asuntos Exteriores Ruso Mar\u00eda Zakharova tom\u00f3 una postura firme contra los comentarios homof\u00f3bicos que aparecieron en las cuentas de las redes sociales rusas, tras el ataque en Orlando. A pesar de que la propia Rusia ha sido frecuentemente criticada por Occidente por su pobre historial de derechos referentes al LGBT. Zakharova en su cuenta personal Facebook escribi\u00f3 de manera inequ\u00edvoca: \u00abComentarios como &#8216;nada que lamentar sobre aquellos asesinados en Orlando &#8211; son homosexuales&#8217; son simplemente repugnantes. Va m\u00e1s all\u00e1 del bien y del mal afirmar que &#8216;se colocaron una cruz [de pelo] en sus vidas al ser homosexuales&#8217; \u00bfQu\u00e9 sucede si chicos con necesidades especiales fuesen asesinados &#8211; dir\u00edan acaso &#8217;50 par\u00e1sitos menos? \u00ab\u00bfY si el ataque fuese dirigido a una maternidad? &#8211; deber\u00edan haber chequeado los archivos personales de cada embarazada? Quiero echar al mismo lugar a gente que asume que las condolencias son imposibles debido a que &#8211; afirman millones de razones, comenzando por &#8216;no nos muestran compasi\u00f3n&#8217; y terminando con &#8216;es su propia culpa&#8217;. Es hora de tomar una decisi\u00f3n: Deriva la compasi\u00f3n de razones humanitarias o deriva de las creencias sociales-pol\u00edticas. Me siento extra\u00f1o escribiendo esto, pero lo har\u00e9:<\/p>\n<p>1) No es admisible decidir cuestiones sobre cualquier inclinaci\u00f3n por un arma.<\/p>\n<p>2) No se pueden defender los valores tradicionales m\u00e1s correctos si no se tiene compasi\u00f3n\u00bb.<a href=\"#_edn4\" name=\"_ednref4\">[4]<\/a><\/p>\n<p><em>Fuente: Facebook.com\/maria.zakharova.167; 13 de junio, 2016.<\/em><\/p>\n<p>En cuanto a las pr\u00f3ximas elecciones estadounidenses, los medios de comunicaci\u00f3n rusos sienten que despu\u00e9s del ataque en Orlando, el electorado estadounidense gravitar\u00e1 hacia el candidato republicano Donald Trump.<a href=\"#_edn5\" name=\"_ednref5\">[5]<\/a> Sin embargo, no demostr\u00f3 ninguna preferencia particular por un candidato estadounidense sobre el otro en los medios de comunicaci\u00f3n rusos.<\/p>\n<p>El 13 de junio, el Canciller ruso Sergei Lavrov, convers\u00f3 por tel\u00e9fono con el secretario de Estado estadounidense John Kerry. Discutieron la situaci\u00f3n en Siria y las posibilidades de cooperaci\u00f3n entre Rusia y los Estados Unidos en la lucha contra las organizaciones terroristas tales como el EIIS all\u00ed.<a href=\"#_edn6\" name=\"_ednref6\">[6]<\/a><\/p>\n<p><a href=\"#_ednref1\" name=\"_edn1\">[1]<\/a> Kremlin.ru 12 de junio, 2016.<\/p>\n<p><a href=\"#_ednref2\" name=\"_edn2\">[2]<\/a> whitehouse.gov 24 de septiembre, 2014.<\/p>\n<p><a href=\"#_ednref3\" name=\"_edn3\">[3]<\/a> Tass.ru 14 de junio, 2016.<\/p>\n<p><a href=\"#_ednref4\" name=\"_edn4\">[4]<\/a> Facebook.com\/maria.zakharova.167; 13 de junio, 2016.<\/p>\n<p><a href=\"#_ednref5\" name=\"_edn5\">[5]<\/a> Mk.ru 13 de junio, 2016.<\/p>\n<p><a href=\"#_ednref6\" name=\"_edn6\">[6]<\/a> Mid.ru 13 de junio, 2016.<\/p>\n","protected":false},"excerpt":{"rendered":"<p>No aparecieron comentarios importantes en los medios de comunicaci\u00f3n rusos el d\u00eda despu\u00e9s del ataque terrorista en Orlando que ten\u00eda como objetivo la comunidad LGBT, para el cual el EIIS (El Estado Isl\u00e1mico) se atribuy\u00f3 la responsabilidad. El Presidente ruso Vladimir Putin envi\u00f3 un mensaje oficial de condolencias al Presidente Barak Obama, diciendo que el [&hellip;]<\/p>\n","protected":false},"author":42,"featured_media":18798,"comment_status":"open","ping_status":"open","sticky":false,"template":"","format":"standard","meta":{"footnotes":""},"categories":[4,6],"tags":[],"class_list":["post-18797","post","type-post","status-publish","format-standard","has-post-thumbnail","hentry","category-archivos","category-comunicados-especiales"],"_links":{"self":[{"href":"https:\/\/www2.memri.org\/espanol\/wp-json\/wp\/v2\/posts\/18797","targetHints":{"allow":["GET"]}}],"collection":[{"href":"https:\/\/www2.memri.org\/espanol\/wp-json\/wp\/v2\/posts"}],"about":[{"href":"https:\/\/www2.memri.org\/espanol\/wp-json\/wp\/v2\/types\/post"}],"author":[{"embeddable":true,"href":"https:\/\/www2.memri.org\/espanol\/wp-json\/wp\/v2\/users\/42"}],"replies":[{"embeddable":true,"href":"https:\/\/www2.memri.org\/espanol\/wp-json\/wp\/v2\/comments?post=18797"}],"version-history":[{"count":0,"href":"https:\/\/www2.memri.org\/espanol\/wp-json\/wp\/v2\/posts\/18797\/revisions"}],"wp:featuredmedia":[{"embeddable":true,"href":"https:\/\/www2.memri.org\/espanol\/wp-json\/wp\/v2\/media\/18798"}],"wp:attachment":[{"href":"https:\/\/www2.memri.org\/espanol\/wp-json\/wp\/v2\/media?parent=18797"}],"wp:term":[{"taxonomy":"category","embeddable":true,"href":"https:\/\/www2.memri.org\/espanol\/wp-json\/wp\/v2\/categories?post=18797"},{"taxonomy":"post_tag","embeddable":true,"href":"https:\/\/www2.memri.org\/espanol\/wp-json\/wp\/v2\/tags?post=18797"}],"curies":[{"name":"wp","href":"https:\/\/api.w.org\/{rel}","templated":true}]}}