{"id":1875,"date":"2007-08-17T00:00:00","date_gmt":"2007-08-17T00:00:00","guid":{"rendered":"http:\/\/www2.memri.org\/espanol\/2007\/08\/17\/supervision-de-portales-islamistas-nos-124-130\/"},"modified":"2016-01-14T16:13:22","modified_gmt":"2016-01-14T16:13:22","slug":"supervision-de-portales-islamistas-nos-124-130","status":"publish","type":"post","link":"https:\/\/www2.memri.org\/espanol\/supervision-de-portales-islamistas-nos-124-130\/1875","title":{"rendered":"Supervisi\u00f3n de Portales Islamistas Nos. 124 &#8211; 130"},"content":{"rendered":"<div class=\"bodytext c2\">\n<p><strong>Supervisi\u00f3n de Portales Islamistas No. 124<\/strong><\/p>\n<p><strong>Al-Qaeda en Argelia anuncia plan para perpetrar una serie de ataques terroristas, advierte a musulmanes a apartarse de las instalaciones gubernamentales para evitar ser heridos<\/strong><\/p>\n<p>El 23 de julio del 2007, &ldquo;Al-Qaeda en el Maghreb Isl\u00e1mico&rdquo; public\u00f3 un comunicado en los portales isl\u00e1micos anunciando su intenci\u00f3n de perpetrar una serie escalada de ataques terroristas en Argelia contra los &ldquo;enemigos del Islam&rdquo; y advertirle a todos los musulmanes a apartarse de las instalaciones gubernamentales para evitar ser heridos.<\/p>\n<p>Lo siguiente son extractos:<\/p>\n<p>&ldquo;Los ataques de los combatientes jihad en el Maghreb Isl\u00e1mico se han convertido en una verdadera molestia que le roba a las apostatas dentro del pa\u00eds de su sue\u00f1o y son una espina en la piel de los enemigos del Islam fuera [del pa\u00eds]&hellip; Los combatientes del jihad han podido reagruparse y unir sus l\u00edneas&hellip; y tienen muchas sorpresas reservadas para los enemigos de Al\u00e1 en el Maghreb Isl\u00e1mico, que vendr\u00e1n una tras otra, cada una m\u00e1s seria que la anterior &#8211; hasta que los enemigos de la fe de Al\u00e1 comprendan que no tienen ninguna opci\u00f3n sino la de arrepentirse, regresar a [la fe de Al\u00e1], y cesar combatir al Islam y a los musulmanes&hellip;<\/p>\n<p>&ldquo;Fuera del deseo de conservar las vidas de los musulmanes, las cuales est\u00e1n protegidas [por el <em>shari&rsquo;a<\/em> musulm\u00e1n], nosotros llamamos a todos nuestros hermanos musulmanes a mantenerse a distancia de los centros del gobierno y de las reuniones de las apostatas e infieles&hellip; [y] evitar acercarse a estos o mezclarse con ellos [de forma alguna], porque los combatientes del jihad est\u00e1n determinados a atacar \u00e9stos [blancos] con atentados o cualquier otro medio de exterminio&rdquo;.<\/p>\n<p><strong>Supervisi\u00f3n de Portales Islamistas No. 125<\/strong><\/p>\n<p><strong>Taliban: Hemos ejecutado a un reh\u00e9n de Corea del Sur; El resto ser\u00e1 ejecutado el 26 de julio, 2007<\/strong><\/p>\n<p>Un comunicado publicado por el taliban el 25 de julio del 2007 anunci\u00f3 que hab\u00edan ejecutado ese d\u00eda a uno de los rehenes surcoreano, y que el resto ser\u00edan ejecutados el 26 de julio del 2007, comenzando a la 1:00 AM hora local<\/p>\n<p>Lo siguiente son extractos:<\/p>\n<p>&ldquo;Hemos entregado una lista de rehenes que deseamos recibir a cambio [de los rehenes surcoreanos], pero el gobierno colaborador [afgano] no cumplir\u00e1 con nuestras demandas ni har\u00e1 nada en lo absoluto sobre este asunto.<\/p>\n<p>&ldquo;Por lo tanto, hoy d\u00eda a las 15:45 hora local ejecutamos a uno de los rehenes de Corea [del Sur], de nombre Kio (hijo de Hotshonj). La ejecuci\u00f3n fue llevada a cabo en el [distrito] Qarabagh en la provincia de Ghazni, de acuerdo con el <em>shari&rsquo;a<\/em> musulm\u00e1n y la constituci\u00f3n del emirato isl\u00e1mico [de Afganist\u00e1n].<\/p>\n<p>&ldquo;Llamamos de nuevo al pueblo de Corea del Sur y en los ocupantes del gobierno de [Corea del Sur]&hellip; a ejercer presi\u00f3n sobre el gobierno colaborador en Kabul para trabajar [por la liberaci\u00f3n] de estos rehenes [surcoreanos].<\/p>\n<p>&ldquo;Si no recibimos ninguna respuesta del gobierno colaborador en Kabul, comenzaremos a matar al resto de los rehenes ma\u00f1ana a la 1:00 AM hora local&rdquo;.<\/p>\n<p><strong>Supervisi\u00f3n de Portales Islamistas No. 126<\/strong><br \/><!--Document Body --><\/p>\n<p class=\"c1\" dir=\"ltr\"><strong><img loading=\"lazy\" decoding=\"async\" class=\"alignnone size-full wp-image-16024\" src=\"http:\/\/www2.memri.org\/espanol\/wp-content\/uploads\/2016\/01\/sd_167307_1.jpg\" width=\"327\" height=\"240\" srcset=\"https:\/\/www2.memri.org\/espanol\/wp-content\/uploads\/2016\/01\/sd_167307_1.jpg 327w, https:\/\/www2.memri.org\/espanol\/wp-content\/uploads\/2016\/01\/sd_167307_1-300x220.jpg 300w, https:\/\/www2.memri.org\/espanol\/wp-content\/uploads\/2016\/01\/sd_167307_1-80x60.jpg 80w\" sizes=\"auto, (max-width: 327px) 100vw, 327px\" \/><\/strong><\/p>\n<p class=\"c1\">\n<p><strong>Yahya Al-Libi en mensaje de video en referencia al conflicto de<\/strong> <strong>la Mezquita Roja<\/strong><strong>: &ldquo;Entre los m\u00e1rtires m\u00e1s prominentes&rdquo;<\/strong><\/p>\n<p>El 31 de julio del 2007, Al-Sahab public\u00f3 un mensaje de video de 21 minutos de duraci\u00f3n de Yahya Al-Libi titulado &ldquo;Entre los M\u00e1rtires M\u00e1s Prominentes&rdquo;. Al-Libi dedica su mensaje al reciente conflicto de la Mezquita Roja entre los <em>mujahideen<\/em> y las fuerzas de seguridad paquistan\u00edes.<\/p>\n<p>En el video, Al-Libi alaba a los <em>mujahideen<\/em> y a su l\u00edder, el Jeque Abdul Rashid Ghazi, por no complacer a las presiones del gobierno. \u00c9l describe las muertes de los <em>mujahideen<\/em> como un martirio justo, diciendo que sacrific\u00e1ndose a si mismos han defendido al Islam, revelado la naturaleza tirana del r\u00e9gimen paquistan\u00ed, y de haber prevenido de &ldquo;corromper al Islam&rdquo; y someter a Pakist\u00e1n a la influencia de \u00ablos adoradores de la cruz\u00bb.<\/p>\n<p>Al-Libi finaliza su mensaje inst\u00e1ndole a los pakistan\u00edes a seguir este ejemplo: \u00abLa Verdad no ser\u00e1 establecida rogando; los derechos no ser\u00e1n recobrados por la auto-abnegaci\u00f3n; la opresi\u00f3n no ser\u00e1 levantada por peticiones, sino m\u00e1s bien por la resoluci\u00f3n sincera, el celo firme, la acci\u00f3n seria, y el sacrificio sostenido&#8230;\u00bb<\/p>\n<p><strong>Supervisi\u00f3n de Portales Islamistas No. 128<\/strong><\/p>\n<p><strong>Abu Jandal Al-Dimashqi amenaza al L\u00edbano con ataques terroristas<\/strong><\/p>\n<p>El 11 de agosto del 2007, el portal islamista <a href=\"http:\/\/www.al-ekhlaas.net\/\">http:\/\/www.al-ekhlaas.net\/<\/a> que tiene como servidor a Telekom Malasia Berhad, Malasia, public\u00f3 un mensaje de audio de Abu Jandal Al-Dimashqi, el Emir de Jama&#8217;at Al-Tawhid Wal-Jihad en Siria, elogiando a Abu Hurairah, ex comandante de Fath Al-Islam, quien aparentemente muri\u00f3 en la batalla de Nahr Al-Bared.<\/p>\n<p>En el mensaje, Abu Jandal amenaz\u00f3 al Primer Ministro liban\u00e9s Fuad Al-Siniora con ataques terroristas en el L\u00edbano, diciendo: \u00abAlgunos de los valientes hombres de Fath Al-Islam han escapado de Nahr Al-Bared. Ellos est\u00e1n ahora entre ustedes. Han penetrado sus l\u00edneas&#8230; y est\u00e1n en espera de usted&#8230;\u00bb<\/p>\n<p><strong>Supervisi\u00f3n de Portales Islamistas No. 129<\/strong><\/p>\n<p><strong>La Brigada Abu<\/strong> <strong>Mus&#8217;ab Al-Zarqawi amenaza con \u00abataques superiores\u00bb en los pr\u00f3ximos d\u00edas<\/strong><\/p>\n<p>El 13 de agosto del 2007, los portales isl\u00e1micos publicaron un anuncio de la Brigada Jeque Abu Mus&#8217;ab Al-Zarqawi que advierte de un \u00abataque superior\u00bb en los pr\u00f3ximos d\u00edas, apuntado a \u00abcausar numerosas bajas entre el enemigo\u00bb. A continuaci\u00f3n los extractos:<\/p>\n<p>\u00abYa hemos completado todas las preparaciones log\u00edsticas, y estamos a punto de completar las t\u00e9cnicas, as\u00ed que el ataque es inminente. Llamamos en todos los hermanos y les instamos a que se preparen bien, y se hagan totalmente disponibles, al ataque, cuando este llegue, para causar numerosas bajas entre el enemigo y arrojar al polvo a los l\u00edderes de los infieles&#8230; \u00c9ste ser\u00e1 un ataque superior [que ser\u00e1 publicado] en los medios de comunicaci\u00f3n jihadi&#8230; El ataque ser\u00e1 por la causa de la victoria del Estado Isl\u00e1mico\u00bb.<\/p>\n<p><strong>Comandante del EII amenaza a las fuerzas de la coalici\u00f3n: \u00abEn la llegada del [mes de] Ramadan&#8230; les haremos polvo bajo nuestros pies como a las ratas\u00bb<\/strong><\/p>\n<p>En un mensaje del 12 de agosto, 2007 publicado en los portales islamistas, el comandante del EII Jeque Abu &#8216;Ubaida amenaza a las fuerzas de la coalici\u00f3n, diciendo que el pr\u00f3ximo mes de Ramadan (el cual comienza el 13 de septiembre del 2007) ser\u00e1 \u00abun mes de muerte y gritos\u00bb en el que ser\u00e1n atacados sin misericordia. A continuaci\u00f3n los extractos:<\/p>\n<p>\u00abA todos los soldados y comandantes del ej\u00e9rcito de los cruzados&#8230; El mes musulm\u00e1n del martirio y el jihad se est\u00e1 acercando, y qu\u00e9 est\u00e1n ustedes haciendo? Nosotros hemos preparado para ustedes decenas de hombres valientes en decenas de coches bombas, por medio del cual les daremos muerte sin misericordia &#8211; en Bagdad, Al-Anbar, Mosul, Diyala, Kirkuk, y Basra, al Norte y al Sur&#8230;<\/p>\n<p>\u00abNuestro mes de ayuno se est\u00e1 acercando, y para ustedes, el mes de la muerte y los gritos se est\u00e1 acercando. S\u00f3lo est\u00e1 a unas semanas de espera&#8230; Hemos preparado para ustedes [todo tipo de] muertes extra\u00f1as en las calles de Bagdad, y juramos convertir este mes en una ocasi\u00f3n importante en donde las naciones hablar\u00e1n para las generaciones. Juramos que los volveremos polvo bajo nuestros pies al igual que a las ratas&#8230;<\/p>\n<p>\u00abRepetimos la llamada del heroico m\u00e1rtir jeque Abu Mus&#8217;ab Al-Zarqawi, qui\u00e9n les humill\u00f3 en el pasado, [y les dijo] que las mezquitas sunni est\u00e1n abiertas a cualquiera que desee rendirse y arrojar sus armas. Consideren esto como una \u00faltima advertencia de un combatiente en el campo cuyas manos est\u00e1n manchadas con [la sangre de] decenas de sus camaradas [qui\u00e9nes fueron muertos] en Bagdad y en Salah Al-Din&#8230; Juramos que [derramaremos] su sangre por todas partes, y recibir\u00e1n las cabezas de [sus] [aliados] apostatas en un [saco repleto].<\/p>\n<p>\u00abEn cuanto a los sunnis&#8230; [nosotros les pedimos] ser pacientes&#8230; La victoria est\u00e1 cerca y su enemigo est\u00e1 exhalando su \u00faltimo aliento&#8230; Mantengan a las mujeres y ni\u00f1os fuera de los lugares frecuentados por el enemigo americano e iran\u00ed, y pongan cuidado a las instrucciones de los comandantes del EII en vuestra \u00e1rea\u00bb.<\/p>\n<p><strong>Supervisi\u00f3n de Portales Islamistas No. 130<\/strong><\/p>\n<p><strong>Grupo jihad de Filipinas Abu Sayyaf aspira establecer el Estado Isl\u00e1mico en Mindanao, Luzon, y Visayas<\/strong><\/p>\n<p>El 15 de agosto del 2007 el portal islamista <a href=\"http:\/\/www.ekhlaas.cc\/forum\/index.php\">http:\/\/www.ekhlaas.cc\/forum\/index.php<\/a>, que tiene como servidor a SiteGenie LLC en Minnesota Estados Unidos, public\u00f3 un video titulado \u00abLos Leones de las Filipinas Est\u00e1n Llegando\u00bb, sobre el grupo jihad Abu Sayyaf al sur de Filipinas. El video, producido por la Compa\u00f1\u00eda Medi\u00e1tica Moro, es la primera sobre este grupo publicado en Internet. Este muestra a combatientes recibiendo entrenamiento militar y religioso, y tambi\u00e9n ofrece discursos de los comandantes del grupo, incluyendo a &#8216;Abd Al-Razzaq Al-Janjalani, qui\u00e9n se confirm\u00f3 que muri\u00f3 en enero del 2007.<\/p>\n<p>En sus discursos, los comandantes declaran que su organizaci\u00f3n es independiente de otros grupos de resistencia en las Filipinas (tales como el Frente de Liberaci\u00f3n Isl\u00e1mico Moro), y declara que su meta final es establecer un estado isl\u00e1mico en las tres islas principales de las Filipinas: primero en Mindanao, y luego en Luzon y Visayas.<\/p>\n<p>Los comandantes tambi\u00e9n llaman en los <em>mujahideen<\/em> a nivel mundial a ayudarlos y proporcionarles armas, en particular misiles antia\u00e9reos y antitanques.<\/p>\n<p>El video puede ser visto en <a href=\"http:\/\/switch3.castup.net\/cunet\/gm.asp?ClipMediaID=1153106&amp;ak=null\">http:\/\/switch3.castup.net\/cunet\/gm.asp?ClipMediaID=1153106&amp;ak=null<\/a>.<\/p>\n<p>Debajo se presentan im\u00e1genes del video:<\/p>\n<p dir=\"ltr\"><img loading=\"lazy\" decoding=\"async\" class=\"alignnone size-full wp-image-16026\" src=\"http:\/\/www2.memri.org\/espanol\/wp-content\/uploads\/2016\/01\/sd_167867_1-1.jpg\" width=\"293\" height=\"215\" srcset=\"https:\/\/www2.memri.org\/espanol\/wp-content\/uploads\/2016\/01\/sd_167867_1-1.jpg 293w, https:\/\/www2.memri.org\/espanol\/wp-content\/uploads\/2016\/01\/sd_167867_1-1-80x60.jpg 80w\" sizes=\"auto, (max-width: 293px) 100vw, 293px\" \/><\/p>\n<p dir=\"ltr\"><img loading=\"lazy\" decoding=\"async\" class=\"alignnone size-full wp-image-16028\" src=\"http:\/\/www2.memri.org\/espanol\/wp-content\/uploads\/2016\/01\/sd_167867_2-1.jpg\" width=\"293\" height=\"215\" srcset=\"https:\/\/www2.memri.org\/espanol\/wp-content\/uploads\/2016\/01\/sd_167867_2-1.jpg 293w, https:\/\/www2.memri.org\/espanol\/wp-content\/uploads\/2016\/01\/sd_167867_2-1-80x60.jpg 80w\" sizes=\"auto, (max-width: 293px) 100vw, 293px\" \/><\/p>\n<p dir=\"ltr\"><img loading=\"lazy\" decoding=\"async\" class=\"alignnone size-full wp-image-16030\" src=\"http:\/\/www2.memri.org\/espanol\/wp-content\/uploads\/2016\/01\/sd_167867_3-1.jpg\" width=\"293\" height=\"215\" srcset=\"https:\/\/www2.memri.org\/espanol\/wp-content\/uploads\/2016\/01\/sd_167867_3-1.jpg 293w, https:\/\/www2.memri.org\/espanol\/wp-content\/uploads\/2016\/01\/sd_167867_3-1-80x60.jpg 80w\" sizes=\"auto, (max-width: 293px) 100vw, 293px\" \/><\/p>\n<p dir=\"ltr\"><img loading=\"lazy\" decoding=\"async\" class=\"alignnone size-full wp-image-16051\" src=\"http:\/\/www2.memri.org\/espanol\/wp-content\/uploads\/2016\/01\/sd_167867_4-1.jpg\" width=\"293\" height=\"215\" srcset=\"https:\/\/www2.memri.org\/espanol\/wp-content\/uploads\/2016\/01\/sd_167867_4-1.jpg 293w, https:\/\/www2.memri.org\/espanol\/wp-content\/uploads\/2016\/01\/sd_167867_4-1-80x60.jpg 80w\" sizes=\"auto, (max-width: 293px) 100vw, 293px\" \/><\/p>\n<\/div>\n","protected":false},"excerpt":{"rendered":"<p>Supervisi\u00f3n de Portales Islamistas No. 124 Al-Qaeda en Argelia anuncia plan para perpetrar una serie de ataques terroristas, advierte a musulmanes a apartarse de las instalaciones gubernamentales para evitar ser heridos El 23 de julio del 2007, &ldquo;Al-Qaeda en el Maghreb Isl\u00e1mico&rdquo; public\u00f3 un comunicado en los portales isl\u00e1micos anunciando su intenci\u00f3n de perpetrar una [&hellip;]<\/p>\n","protected":false},"author":1,"featured_media":16024,"comment_status":"open","ping_status":"open","sticky":false,"template":"","format":"standard","meta":{"footnotes":""},"categories":[10,6,17],"tags":[],"class_list":["post-1875","post","type-post","status-publish","format-standard","has-post-thumbnail","hentry","category-estudios-sobre-terrorismo-y-yihad","category-comunicados-especiales","category-supervision-de-portales-islamistas"],"_links":{"self":[{"href":"https:\/\/www2.memri.org\/espanol\/wp-json\/wp\/v2\/posts\/1875","targetHints":{"allow":["GET"]}}],"collection":[{"href":"https:\/\/www2.memri.org\/espanol\/wp-json\/wp\/v2\/posts"}],"about":[{"href":"https:\/\/www2.memri.org\/espanol\/wp-json\/wp\/v2\/types\/post"}],"author":[{"embeddable":true,"href":"https:\/\/www2.memri.org\/espanol\/wp-json\/wp\/v2\/users\/1"}],"replies":[{"embeddable":true,"href":"https:\/\/www2.memri.org\/espanol\/wp-json\/wp\/v2\/comments?post=1875"}],"version-history":[{"count":0,"href":"https:\/\/www2.memri.org\/espanol\/wp-json\/wp\/v2\/posts\/1875\/revisions"}],"wp:featuredmedia":[{"embeddable":true,"href":"https:\/\/www2.memri.org\/espanol\/wp-json\/wp\/v2\/media\/16024"}],"wp:attachment":[{"href":"https:\/\/www2.memri.org\/espanol\/wp-json\/wp\/v2\/media?parent=1875"}],"wp:term":[{"taxonomy":"category","embeddable":true,"href":"https:\/\/www2.memri.org\/espanol\/wp-json\/wp\/v2\/categories?post=1875"},{"taxonomy":"post_tag","embeddable":true,"href":"https:\/\/www2.memri.org\/espanol\/wp-json\/wp\/v2\/tags?post=1875"}],"curies":[{"name":"wp","href":"https:\/\/api.w.org\/{rel}","templated":true}]}}