{"id":18365,"date":"2016-04-25T21:38:32","date_gmt":"2016-04-26T02:08:32","guid":{"rendered":"http:\/\/www2.memri.org\/espanol\/?p=18365"},"modified":"2016-04-26T21:43:22","modified_gmt":"2016-04-27T02:13:22","slug":"el-regimen-sirio-establece-milicias-armadas-populares-al-estilo-basij-irani","status":"publish","type":"post","link":"https:\/\/www2.memri.org\/espanol\/el-regimen-sirio-establece-milicias-armadas-populares-al-estilo-basij-irani\/18365","title":{"rendered":"El r\u00e9gimen sirio establece milicias armadas populares al estilo Basij iran\u00ed"},"content":{"rendered":"<p>&nbsp;<\/p>\n<p>Por: N. Mozes*<\/p>\n<p><em>Despu\u00e9s de casi seis a\u00f1os de intensos combates en Siria, las fuerzas militares del r\u00e9gimen est\u00e1n gravemente reducidas, debido a las fuertes p\u00e9rdidas que han sufrido y tambi\u00e9n debido al incremento en evadir la recluta.<a href=\"#_edn1\" name=\"_ednref1\"><strong>[1]<\/strong><\/a> El r\u00e9gimen ha tomado varias medidas con el fin de abordar este problema. Adem\u00e1s de incorporar a las fuerzas for\u00e1neas del pa\u00eds, especialmente de Irak y el L\u00edbano, este ha formado grupos paramilitares populares, cuya tarea es defender las zonas bajo control del r\u00e9gimen. Esto le permite al r\u00e9gimen rotar las fuerzas militares en el frente sin abandonar sus espaldas, manteniendo al mismo tiempo la lealtad de los residentes. Aquellos que se alistan a estos grupos paramilitares se les prometen un sueldo, est\u00e1n exentos del servicio militar obligatorio y pernoctar cerca de casa. Los milicianos usan uniformes y pasan por un entrenamiento b\u00e1sico en el uso de armas ligeras y en las t\u00e1cticas de defensa militar. Seg\u00fan informes, la mayor parte de las milicias est\u00e1n subordinadas al ej\u00e9rcito sirio, especialmente a la Guardia Republicana bajo el mando de Maher Al-Assad, el hermano del Presidente Bashar Al-Assad.<\/em><\/p>\n<p><em>El n\u00famero de reclutados en estas fuerzas es incierto. Seg\u00fan fuentes del r\u00e9gimen, el porcentaje de respuesta es alto. Sin embargo, fuentes de la oposici\u00f3n afirman lo contrario y mencionan como evidencia que funcionarios del r\u00e9gimen han amenazado con sanciones a los residentes que no pueden unirse a las milicias populares e incluso despiden a trabajadores estatales que no sean \u00abvoluntarios\u00bb a las unidades que se han establecido para ellos.<\/em><\/p>\n<p><em>Ir\u00e1n juega un papel importante y activo en el establecimiento de estos grupos, que siguen el modelo de la milicia iran\u00ed Basij. Esto fue claramente indicado por el oficial del CGRI Hossein Hamadani, quien dijo que \u00abun resultado a la presencia de [Ir\u00e1n] [en Siria]&#8230; fue el establecimiento de un tipo de fuerza Basij conocida como la &#8216;Defensa Nacional&#8217;. Los portales oposicionistas sirios y los medios de comunicaci\u00f3n anti-sirios del r\u00e9gimen apuntan espec\u00edficamente al papel desempe\u00f1ado por el Comandante de la Fuerza Qods del CGRI Qassem Soleimani en el establecimiento de estos grupos y en su orientaci\u00f3n.<\/em><em>\u00a0<\/em><\/p>\n<p><em>Lo siguiente es una revisi\u00f3n de los diversos grupos que se han formado.<\/em><\/p>\n<p>Fuerzas Nacionales de \u00abDefensa\u00bb<\/p>\n<p>Desde el inicio de la crisis en Siria en marzo, 2011 el r\u00e9gimen ha hecho m\u00e1s prominente el uso de grupos de ciudadanos partidarios armados tales como el Shabiha,<a href=\"#_edn2\" name=\"_ednref2\">[2]<\/a> as\u00ed como tambi\u00e9n los Comit\u00e9s Populares que fueron establecidos mientras escalaban las protestas a lo largo del 2011, con el prop\u00f3sito de suprimirlas. El empleo de civiles armados es de suponer fue con la intenci\u00f3n de distanciar al ej\u00e9rcito de la controversia y contrarrestar las cr\u00edticas internacionales y locales a la participaci\u00f3n del ej\u00e9rcito en oprimir a la ciudadan\u00eda. En enero, 2012 despu\u00e9s de que la lucha entre el r\u00e9gimen y sus oponentes escal\u00f3 en una contienda armada, y ante la necesidad de un grupo m\u00e1s organizado paramilitar tras las cr\u00edticas de que la Shabiha se encontraba fuera de control y que arbitrariamente apuntaba a los ciudadanos, se establecieron las fuerzas de Defensa Nacional.<a href=\"#_edn3\" name=\"_ednref3\">[3]<\/a> La fuerza, desplegada en todo el pa\u00eds, y especialmente en las ciudades, comprende principalmente a miembros de los Comit\u00e9s Populares, as\u00ed como tambi\u00e9n miembros y partidarios del partido Ba&#8217;ath.<a href=\"#_edn4\" name=\"_ednref4\">[4]<\/a> A este se le unieron gradualmente muchos otros ciudadanos que estaban a favor del r\u00e9gimen, quienes recibieron entrenamiento b\u00e1sico con armas ligeras.<\/p>\n<p><img loading=\"lazy\" decoding=\"async\" class=\"alignnone size-full wp-image-18367\" src=\"http:\/\/www2.memri.org\/espanol\/wp-content\/uploads\/2016\/04\/27762-1.jpg\" width=\"720\" height=\"720\" srcset=\"https:\/\/www2.memri.org\/espanol\/wp-content\/uploads\/2016\/04\/27762-1.jpg 720w, https:\/\/www2.memri.org\/espanol\/wp-content\/uploads\/2016\/04\/27762-1-150x150.jpg 150w, https:\/\/www2.memri.org\/espanol\/wp-content\/uploads\/2016\/04\/27762-1-300x300.jpg 300w, https:\/\/www2.memri.org\/espanol\/wp-content\/uploads\/2016\/04\/27762-1-600x600.jpg 600w, https:\/\/www2.memri.org\/espanol\/wp-content\/uploads\/2016\/04\/27762-1-696x696.jpg 696w, https:\/\/www2.memri.org\/espanol\/wp-content\/uploads\/2016\/04\/27762-1-420x420.jpg 420w, https:\/\/www2.memri.org\/espanol\/wp-content\/uploads\/2016\/04\/27762-1-32x32.jpg 32w, https:\/\/www2.memri.org\/espanol\/wp-content\/uploads\/2016\/04\/27762-1-64x64.jpg 64w, https:\/\/www2.memri.org\/espanol\/wp-content\/uploads\/2016\/04\/27762-1-96x96.jpg 96w, https:\/\/www2.memri.org\/espanol\/wp-content\/uploads\/2016\/04\/27762-1-128x128.jpg 128w\" sizes=\"auto, (max-width: 720px) 100vw, 720px\" \/><\/p>\n<p><em>Emblema de las Fuerzas de Defensa Nacional (Facebook.com\/National.Defence.Forces.NDF)<\/em><\/p>\n<p><em>Para ver la totalidad del despacho en ingl\u00e9s junto a las im\u00e1genes copie por favor el siguiente enlace en su ordenador: <\/em><a href=\"http:\/\/www.memri.org\/report\/en\/0\/0\/0\/0\/0\/0\/9152.htm\">http:\/\/www.memri.org\/report\/en\/0\/0\/0\/0\/0\/0\/9152.htm<\/a><\/p>\n<p><em>*N. Mozes es compa\u00f1ero investigador en MEMRI.<\/em><\/p>\n<p><a href=\"#_ednref1\" name=\"_edn1\">[1]<\/a> Para m\u00e1s informaci\u00f3n, v\u00e9ase MEMRI Investigaci\u00f3n y An\u00e1lisis No. 1241, En Siria, alto porcentaje de evasi\u00f3n a la recluta activa intensos esfuerzos de reclutamiento por parte del r\u00e9gimen sirio, 25 de abril, 2016<\/p>\n<p><a href=\"#_ednref2\" name=\"_edn2\">[2]<\/a> Apodo a las milicias del gobierno sirio que ayudan a las fuerzas de seguridad en la represi\u00f3n de las protestas contra el r\u00e9gimen.<\/p>\n<p><a href=\"#_ednref3\" name=\"_edn3\">[3]<\/a> Orient-news.net, 1 de mayo, 2014.<\/p>\n<p><a href=\"#_ednref4\" name=\"_edn4\">[4]<\/a> Dp-news.com 22 de enero, 2013.<\/p>\n","protected":false},"excerpt":{"rendered":"<p>&nbsp; Por: N. Mozes* Despu\u00e9s de casi seis a\u00f1os de intensos combates en Siria, las fuerzas militares del r\u00e9gimen est\u00e1n gravemente reducidas, debido a las fuertes p\u00e9rdidas que han sufrido y tambi\u00e9n debido al incremento en evadir la recluta.[1] El r\u00e9gimen ha tomado varias medidas con el fin de abordar este problema. Adem\u00e1s de incorporar [&hellip;]<\/p>\n","protected":false},"author":42,"featured_media":18366,"comment_status":"open","ping_status":"open","sticky":false,"template":"","format":"standard","meta":{"footnotes":""},"categories":[4,5],"tags":[],"class_list":["post-18365","post","type-post","status-publish","format-standard","has-post-thumbnail","hentry","category-archivos","category-analisis-e-investigacion"],"_links":{"self":[{"href":"https:\/\/www2.memri.org\/espanol\/wp-json\/wp\/v2\/posts\/18365","targetHints":{"allow":["GET"]}}],"collection":[{"href":"https:\/\/www2.memri.org\/espanol\/wp-json\/wp\/v2\/posts"}],"about":[{"href":"https:\/\/www2.memri.org\/espanol\/wp-json\/wp\/v2\/types\/post"}],"author":[{"embeddable":true,"href":"https:\/\/www2.memri.org\/espanol\/wp-json\/wp\/v2\/users\/42"}],"replies":[{"embeddable":true,"href":"https:\/\/www2.memri.org\/espanol\/wp-json\/wp\/v2\/comments?post=18365"}],"version-history":[{"count":0,"href":"https:\/\/www2.memri.org\/espanol\/wp-json\/wp\/v2\/posts\/18365\/revisions"}],"wp:featuredmedia":[{"embeddable":true,"href":"https:\/\/www2.memri.org\/espanol\/wp-json\/wp\/v2\/media\/18366"}],"wp:attachment":[{"href":"https:\/\/www2.memri.org\/espanol\/wp-json\/wp\/v2\/media?parent=18365"}],"wp:term":[{"taxonomy":"category","embeddable":true,"href":"https:\/\/www2.memri.org\/espanol\/wp-json\/wp\/v2\/categories?post=18365"},{"taxonomy":"post_tag","embeddable":true,"href":"https:\/\/www2.memri.org\/espanol\/wp-json\/wp\/v2\/tags?post=18365"}],"curies":[{"name":"wp","href":"https:\/\/api.w.org\/{rel}","templated":true}]}}