{"id":1833,"date":"2007-07-16T00:00:00","date_gmt":"2007-07-16T00:00:00","guid":{"rendered":"http:\/\/www2.memri.org\/espanol\/2007\/07\/16\/en-programa-de-al-aqsa-tv-del-hamas-nahoul-la-abeja-reemplaza-a-farfour-el-personaje-al-estilo-raton-mickey-jura-continuar-el-camino-de-martirio-de-farfour-y-el-jihad\/"},"modified":"2007-07-16T00:00:00","modified_gmt":"2007-07-16T00:00:00","slug":"en-programa-de-al-aqsa-tv-del-hamas-nahoul-la-abeja-reemplaza-a-farfour-el-personaje-al-estilo-raton-mickey-jura-continuar-el-camino-de-martirio-de-farfour-y-el-jihad","status":"publish","type":"post","link":"https:\/\/www2.memri.org\/espanol\/en-programa-de-al-aqsa-tv-del-hamas-nahoul-la-abeja-reemplaza-a-farfour-el-personaje-al-estilo-raton-mickey-jura-continuar-el-camino-de-martirio-de-farfour-y-el-jihad\/1833","title":{"rendered":"En programa de Al-Aqsa Tv del Hamas, Nahoul la Abeja reemplaza a Farfour el personaje al estilo Rat\u00f3n Mickey, jura continuar el camino de martirio de Farfour y el jihad"},"content":{"rendered":"<div class=\"bodytext c1\">\n<p><strong>En programa de televisi\u00f3n del Hamas en Al-Aqsa Tv, Nahoul la Abeja reemplaza a Farfour el personaje al estilo Rat\u00f3n Mickey, jura continuar el camino de martirio de Farfour y el jihad<\/strong><\/p>\n<p><em>Seguido al \u00abmartirio\u00bb del personaje al estilo Rat\u00f3n Mickey de Al-Aqsa Tv del Hamas Farfour en las manos de un soldado israel\u00ed (<a href=\"http:\/\/www.memritv.org\/search.asp?ACT=S9&amp;P1=1497\">http:\/\/www.memritv.org\/search.asp?ACT=S9&amp;P1=1497<\/a> ) en el programa para ni\u00f1os los Pioneros del Ma\u00f1ana, este introdujo un nuevo personaje, Nahoul<\/em> <em>la Abeja<\/em><em>, que jur\u00f3 continuar en el camino de Farfour del \u00abIslam, el hero\u00edsmo, el martirio, y los mujahideen\u00bb.<\/em><\/p>\n<p><em>Lo siguiente son extractos del programa los Pioneros del Ma\u00f1ana presentando a Nahoul<\/em> <em>la Abeja<\/em><em>, que fue puesto al aire en Al-Aqsa Tv el 13 de julio, 2007.<\/em><\/p>\n<p>PARA VER ESTE SEGMENTO DE VIDEO: <a href=\"http:\/\/www.memritv.org\/search.asp?ACT=S9&amp;P1=1510\">http:\/\/www.memritv.org\/search.asp?ACT=S9&amp;P1=1510<\/a><\/p>\n<p><strong>Saraa, anfitriona ni\u00f1a:<\/strong> \u00bfQui\u00e9n eres, y de d\u00f3nde vienes?<\/p>\n<p><strong>Nahoul la Abeja:<\/strong> Soy Nahoul.<\/p>\n<p><strong>Saraa:<\/strong> \u00bfNahoul que?<\/p>\n<p><strong>Nahoul:<\/strong> Soy Nahoul, el primo de Farfour.<\/p>\n<p><strong>Saraa:<\/strong> \u00bfQu\u00e9 es lo que quieres?<\/p>\n<p><strong>Nahoul:<\/strong> Quiero continuar el camino de mi primo Farfour.<\/p>\n<p><strong>Saraa:<\/strong> \u00bfC\u00f3mo vas a hacer esto?<\/p>\n<p><strong>Nahoul:<\/strong> Quiero estar en cada episodio contigo en el programa los Pioneros del Ma\u00f1ana, al igual que Farfour. Quiero continuar en el camino de Farfour &#8211; el camino del Islam, del hero\u00edsmo, del martirio, y de los <em>mujahideen<\/em>. Yo y mis amigos seguiremos en los pasos de Farfour. Nos vengaremos en los enemigos de Al\u00e1, los asesinos de los profetas y de los ni\u00f1os inocentes, hasta que liberemos a Al-Aqsa de su impureza. Ponemos nuestra confianza en Al\u00e1.<\/p>\n<p><strong>Saraa:<\/strong> Bienvenida, Nahoul&#8230;<\/p>\n<\/div>\n","protected":false},"excerpt":{"rendered":"<p>En programa de televisi\u00f3n del Hamas en Al-Aqsa Tv, Nahoul la Abeja reemplaza a Farfour el personaje al estilo Rat\u00f3n Mickey, jura continuar el camino de martirio de Farfour y el jihad Seguido al \u00abmartirio\u00bb del personaje al estilo Rat\u00f3n Mickey de Al-Aqsa Tv del Hamas Farfour en las manos de un soldado israel\u00ed (http:\/\/www.memritv.org\/search.asp?ACT=S9&amp;P1=1497 [&hellip;]<\/p>\n","protected":false},"author":1,"featured_media":0,"comment_status":"open","ping_status":"open","sticky":false,"template":"","format":"standard","meta":{"footnotes":""},"categories":[10,6,23],"tags":[],"class_list":["post-1833","post","type-post","status-publish","format-standard","hentry","category-estudios-sobre-terrorismo-y-yihad","category-comunicados-especiales","category-autoridad-palestina"],"_links":{"self":[{"href":"https:\/\/www2.memri.org\/espanol\/wp-json\/wp\/v2\/posts\/1833","targetHints":{"allow":["GET"]}}],"collection":[{"href":"https:\/\/www2.memri.org\/espanol\/wp-json\/wp\/v2\/posts"}],"about":[{"href":"https:\/\/www2.memri.org\/espanol\/wp-json\/wp\/v2\/types\/post"}],"author":[{"embeddable":true,"href":"https:\/\/www2.memri.org\/espanol\/wp-json\/wp\/v2\/users\/1"}],"replies":[{"embeddable":true,"href":"https:\/\/www2.memri.org\/espanol\/wp-json\/wp\/v2\/comments?post=1833"}],"version-history":[{"count":0,"href":"https:\/\/www2.memri.org\/espanol\/wp-json\/wp\/v2\/posts\/1833\/revisions"}],"wp:attachment":[{"href":"https:\/\/www2.memri.org\/espanol\/wp-json\/wp\/v2\/media?parent=1833"}],"wp:term":[{"taxonomy":"category","embeddable":true,"href":"https:\/\/www2.memri.org\/espanol\/wp-json\/wp\/v2\/categories?post=1833"},{"taxonomy":"post_tag","embeddable":true,"href":"https:\/\/www2.memri.org\/espanol\/wp-json\/wp\/v2\/tags?post=1833"}],"curies":[{"name":"wp","href":"https:\/\/api.w.org\/{rel}","templated":true}]}}