{"id":18105,"date":"2016-03-28T17:09:09","date_gmt":"2016-03-28T21:39:09","guid":{"rendered":"http:\/\/www2.memri.org\/espanol\/?p=18105"},"modified":"2016-03-28T17:09:10","modified_gmt":"2016-03-28T21:39:10","slug":"columnista-palestino-israel-y-no-el-eiis-perpetro-los-ataques-en-bruselas-y-paris-como-venganza-por-la-hostilidad-de-europa-hacia-este","status":"publish","type":"post","link":"https:\/\/www2.memri.org\/espanol\/columnista-palestino-israel-y-no-el-eiis-perpetro-los-ataques-en-bruselas-y-paris-como-venganza-por-la-hostilidad-de-europa-hacia-este\/18105","title":{"rendered":"Columnista palestino: Israel y no el EIIS, perpetr\u00f3 los ataques en Bruselas y Par\u00eds como venganza por la hostilidad de Europa hacia este"},"content":{"rendered":"<p><em>Muwaffaq Matar, columnista del diario de la Autoridad Palestina (AP) Al-Hayat Al-Jadida, escribi\u00f3 que el EIIS por s\u00ed mismo no tiene el poder y la capacidad de llevar a cabo ataques masivos como los ocurridos recientemente en Par\u00eds y Bruselas y que estos en realidad fueron orquestados por Israel, utilizando al EIIS como herramienta. Este afirm\u00f3 que Israel llev\u00f3 a cabo los ataques como venganza por los recientes movimientos en Europa contra esta, tales como la decisi\u00f3n de la UE de remarcar los productos fabricados en los territorios ocupados y la iniciativa francesa de convocar a una conferencia internacional para resolver el conflicto palestino-israel\u00ed y, si esta fracasa, el reconocimiento de un estado palestino.<\/em><\/p>\n<p><em>Lo siguiente son extractos de la columna de Matar:<a href=\"#_edn1\" name=\"_ednref1\"><strong>[1]<\/strong><\/a><\/em><\/p>\n<p><b><img loading=\"lazy\" decoding=\"async\" class=\"alignnone size-full wp-image-18107\" src=\"http:\/\/www2.memri.org\/espanol\/wp-content\/uploads\/2016\/03\/27400-1.jpg\" width=\"203\" height=\"240\" alt=\"\" \/><\/b><\/p>\n<p><em>Muwaffaq Matar (Imagen: Al-Hayat Al-Jadida, AP)<\/em><\/p>\n<p>\u00abLa declaraci\u00f3n del Presidente franc\u00e9s [Fran\u00e7ois] Hollande &#8211; de que el terrorismo golpe\u00f3 B\u00e9lgica, pero atac\u00f3 el coraz\u00f3n de Europa [como un todo] &#8211; es perfectamente cierta<a href=\"#_edn2\" name=\"_ednref2\">[2]<\/a> Sin embargo, el d\u00eda llegar\u00e1, [tal vez] dentro de un cuarto de siglo, cuando un presidente franc\u00e9s declare [la verdadera identidad de] aquellos que golpearon el coraz\u00f3n de Europa, utilizando las armas y herramientas del EIIS. Tras un examen detallado de la situaci\u00f3n y el desarrollo de los acontecimientos, uno sin duda da cuenta de que no existen coincidencias y que los ataques terroristas en la capital de Europa no fueron s\u00f3lo una reacci\u00f3n al arresto del autor intelectual de los ataques de Par\u00eds Salah Abdeslam. Estos se produjeron en el momento preciso al elemento real que decidi\u00f3 apuntar el coraz\u00f3n de Europa mientras se ocultaba tras la consigna del EIIS.<\/p>\n<p>\u00abNo quiero se\u00f1alar con el dedo, pero \u00bfpor qu\u00e9 es que los cr\u00edmenes y masacres del EIIS en Francia y Bruselas coincidieron con el primer intento europeo de liberarse a s\u00ed misma del chantaje de Israel y del complejo de [culpa] por la persecuci\u00f3n de los jud\u00edos en Europa? [\u00bfPor qu\u00e9 coincidieron] con los parlamentos europeos que apoyan el derecho de los palestinos [de poseer un estado] por primera vez? \u00bfNo fue Francia, que concibi\u00f3 la idea de una conferencia internacional que llevar\u00eda a poner fin al conflicto y a la ocupaci\u00f3n israel\u00ed de los territorios palestinos? [Francia] fue tambi\u00e9n la que amenaz\u00f3 con reconocer un estado palestino si Israel se negara a ir camino a la paz con los palestinos, [la paz] que garantizara sus derechos tal como son reconocidos por la ONU. [Y] no fue la Uni\u00f3n Europea, en Bruselas, que decidi\u00f3 remarcar los productos de los asentamientos israel\u00edes, afectando por lo tanto [adversamente] la econom\u00eda de Israel?<\/p>\n<p>\u00ab\u00bfHan escuchado hablar del boicot europeo a Israel, de las efectivas e impresionantes acciones de los activistas [europeos] y del temor de Israel hacia esta actividad que est\u00e1 tomando fuerzas? \u00bfPor qu\u00e9 entonces no considerar estos antecedentes como la raz\u00f3n [que impuls\u00f3] a aquellos que han sido perjudicados por la nueva Europa [es decir Israel] en golpear en el coraz\u00f3n de Europa, a pesar de que la persona que realiz\u00f3 f\u00edsicamente [el ataque] era un brutal criminal del EIIS desprovisto totalmente de humanidad? La lecci\u00f3n [a aprender] de un crimen no reside \u00fanicamente en sus detalles, en las herramientas [utilizadas para perpetrarlo] y en su apariencia, sino tambi\u00e9n en las motivaciones tras de este, las circunstancias que le permitieron y la [identidad del] verdadero criminal oculto. Esto es doblemente cierto cuando se trata de las motivaciones de quienes cometieron un crimen hist\u00f3rico contra todo un pueblo&#8230; y que no evitan el uso del terrorismo, en todas sus formas y lemas, como un medio y una herramienta para matar tres p\u00e1jaros en un solo ataque terrorista: el p\u00e1jaro palestino, el p\u00e1jaro \u00e1rabe y el p\u00e1jaro europeo.<\/p>\n<p>\u00abNo olvidemos que la clasificaci\u00f3n que caracteriza las actividades de las organizaciones terroristas globales [en realidad] hace m\u00e1s f\u00e1cil a los aparatos de seguridad infiltrarlas y manipular a sus miembros para sus propios fines. El EIIS no tiene la capacidad de atacar donde y como le plazca. Alg\u00fan elemento o elementos se han infiltrado hasta la m\u00e9dula y lo utilizan como su herramienta para vengarse de Europa y desgarrarle el coraz\u00f3n\u00bb.<em>\u00a0<\/em><\/p>\n<p><a href=\"#_ednref1\" name=\"_edn1\">[1]<\/a> <em>Al-Hayat<\/em> <em>Al-Jadida<\/em> (AP) 24 de marzo, 2016.<\/p>\n<p><a href=\"#_ednref2\" name=\"_edn2\">[2]<\/a> Al parecer se refiere a las declaraciones hechas por Hollande en una conferencia de prensa el 22 de marzo, 2016; unas pocas horas despu\u00e9s de los ataques. Hollande dijo, entre otras cosas, que \u00abel terrorismo golpe\u00f3 B\u00e9lgica, pero fue Europa la atacada\u00bb. Nytimes.com 22 de marzo, 2016.<\/p>\n<p>&nbsp;<\/p>\n","protected":false},"excerpt":{"rendered":"<p>Muwaffaq Matar, columnista del diario de la Autoridad Palestina (AP) Al-Hayat Al-Jadida, escribi\u00f3 que el EIIS por s\u00ed mismo no tiene el poder y la capacidad de llevar a cabo ataques masivos como los ocurridos recientemente en Par\u00eds y Bruselas y que estos en realidad fueron orquestados por Israel, utilizando al EIIS como herramienta. Este [&hellip;]<\/p>\n","protected":false},"author":42,"featured_media":18106,"comment_status":"open","ping_status":"open","sticky":false,"template":"","format":"standard","meta":{"footnotes":""},"categories":[4,6],"tags":[],"class_list":["post-18105","post","type-post","status-publish","format-standard","has-post-thumbnail","hentry","category-archivos","category-comunicados-especiales"],"_links":{"self":[{"href":"https:\/\/www2.memri.org\/espanol\/wp-json\/wp\/v2\/posts\/18105","targetHints":{"allow":["GET"]}}],"collection":[{"href":"https:\/\/www2.memri.org\/espanol\/wp-json\/wp\/v2\/posts"}],"about":[{"href":"https:\/\/www2.memri.org\/espanol\/wp-json\/wp\/v2\/types\/post"}],"author":[{"embeddable":true,"href":"https:\/\/www2.memri.org\/espanol\/wp-json\/wp\/v2\/users\/42"}],"replies":[{"embeddable":true,"href":"https:\/\/www2.memri.org\/espanol\/wp-json\/wp\/v2\/comments?post=18105"}],"version-history":[{"count":0,"href":"https:\/\/www2.memri.org\/espanol\/wp-json\/wp\/v2\/posts\/18105\/revisions"}],"wp:featuredmedia":[{"embeddable":true,"href":"https:\/\/www2.memri.org\/espanol\/wp-json\/wp\/v2\/media\/18106"}],"wp:attachment":[{"href":"https:\/\/www2.memri.org\/espanol\/wp-json\/wp\/v2\/media?parent=18105"}],"wp:term":[{"taxonomy":"category","embeddable":true,"href":"https:\/\/www2.memri.org\/espanol\/wp-json\/wp\/v2\/categories?post=18105"},{"taxonomy":"post_tag","embeddable":true,"href":"https:\/\/www2.memri.org\/espanol\/wp-json\/wp\/v2\/tags?post=18105"}],"curies":[{"name":"wp","href":"https:\/\/api.w.org\/{rel}","templated":true}]}}