{"id":18035,"date":"2016-03-17T13:01:19","date_gmt":"2016-03-17T17:31:19","guid":{"rendered":"http:\/\/www2.memri.org\/espanol\/?p=18035"},"modified":"2016-03-17T23:04:26","modified_gmt":"2016-03-18T03:34:26","slug":"columnista-en-diario-de-la-autoridad-palestina-elogia-ataques-en-ciudades-israelies-y-arremete-contra-estados-unidos-por-condenarlos","status":"publish","type":"post","link":"https:\/\/www2.memri.org\/espanol\/columnista-en-diario-de-la-autoridad-palestina-elogia-ataques-en-ciudades-israelies-y-arremete-contra-estados-unidos-por-condenarlos\/18035","title":{"rendered":"Columnista en diario de la Autoridad Palestina elogia ataques en ciudades israel\u00edes y arremete contra Estados Unidos por condenarlos"},"content":{"rendered":"<p><em>El 8 de marzo, 2016 durante la visita del Vicepresidente estadounidense Joe Biden a Israel, un turista estadounidense muri\u00f3 y 14 israel\u00edes y turistas resultaron heridos en tres ataques terroristas que tuvieron lugar en Jaffa, Jerusal\u00e9n y Petah Tikva. Rajab Abu Suraya, columnista del diario de la Autoridad Palestina Al-Hayat Al-Jadida, alab\u00f3 los ataques en su columna el 11 de marzo. Este escribi\u00f3 que los ataques fueron importantes, ya que no fueron llevados a cabo en los territorios ocupados, sino m\u00e1s bien dentro de la Israel propiamente dicha; por lo tanto, estos trajeron la lucha al propio frente de Israel y transmitieron el mensaje de que \u00abel pueblo palestino no morir\u00e1 y no descansar\u00e1 hasta que elimine la ocupaci\u00f3n israel\u00ed con sus propias manos\u00bb. Abu Suraya tambi\u00e9n critic\u00f3 al Vicepresidente Biden por condenar los ataques, diciendo que hab\u00eda condenado a las v\u00edctimas en lugar de Israel, el ocupante y ejecutor. Este a\u00f1adi\u00f3 que los Estados Unidos nunca ha apoyado a los oprimidos en el mundo y siempre act\u00faa al servicio de Israel.<\/em><\/p>\n<p><em>Lo siguiente son extractos del art\u00edculo.<a href=\"#_edn1\" name=\"_ednref1\"><strong>[1]<\/strong><\/a><\/em><\/p>\n<p><img loading=\"lazy\" decoding=\"async\" class=\"alignnone size-full wp-image-18037\" src=\"http:\/\/www2.memri.org\/espanol\/wp-content\/uploads\/2016\/03\/27264-1.jpg\" width=\"659\" height=\"494\" alt=\"\" srcset=\"https:\/\/www2.memri.org\/espanol\/wp-content\/uploads\/2016\/03\/27264-1.jpg 659w, https:\/\/www2.memri.org\/espanol\/wp-content\/uploads\/2016\/03\/27264-1-300x225.jpg 300w, https:\/\/www2.memri.org\/espanol\/wp-content\/uploads\/2016\/03\/27264-1-600x450.jpg 600w, https:\/\/www2.memri.org\/espanol\/wp-content\/uploads\/2016\/03\/27264-1-80x60.jpg 80w, https:\/\/www2.memri.org\/espanol\/wp-content\/uploads\/2016\/03\/27264-1-265x198.jpg 265w, https:\/\/www2.memri.org\/espanol\/wp-content\/uploads\/2016\/03\/27264-1-560x420.jpg 560w\" sizes=\"auto, (max-width: 659px) 100vw, 659px\" \/><\/p>\n<p><em>Rajab Abu Suraya (Imagen: Shasha.ps 12 de febrero, 2016)<\/em><\/p>\n<p><strong>Los ataques fueron importantes, ya que fueron llevados a cabo dentro de la L\u00ednea Verde<\/strong><\/p>\n<p>\u00abLuego de los tres ataques que tuvieron lugar el pasado martes [8 de marzo], el Ministro de Seguridad P\u00fablica de Israel Gilad Erdan, su jefe policial y los jefes de sus aparatos de seguridad llevaron a cabo una reuni\u00f3n de emergencia para evaluar la situaci\u00f3n. [Despu\u00e9s de la reuni\u00f3n] anunciaron que los tres ataques no hab\u00edan sido coordinados y probablemente hab\u00edan sido motivo de iniciativas [individuales]. Esta no es una nueva conclusi\u00f3n de las fuerzas de seguridad israel\u00edes, sino la importancia de estos ataques radica en el hecho de que se produjeron despu\u00e9s de un largo per\u00edodo en el que no hubo un [caso as\u00ed de] tres ataques producidos el mismo d\u00eda. Incluso m\u00e1s importante, los tres se produjeron dentro de la L\u00ednea verde: en Jerusal\u00e9n, Petah Tikva y Jaffa. Esto es muy importante, debido a que Israel ha hecho un h\u00e1bito el convertir los territorios \u00e1rabes y palestinos en una zona de batalla, para que el da\u00f1o econ\u00f3mico sea sostenido por el otro bando [y no por la propia Israel].<\/p>\n<p>\u00ab&#8230; [Estos ataques se producen] casi seis meses despu\u00e9s del inicio del Despertar de Jerusal\u00e9n [es decir, la actual ola de ataques], a pesar de que existen elementos que restringen tanto a los bandos de Israel y la parte palestina que impiden que este despertar se convierta en una intifada integral. Hasta el momento, los choques no se han extendido a todas las ciudades y pueblos [palestinos] y aparte de los j\u00f3venes hombres y mujeres, no existen otros sectores que est\u00e9n tomando parte en estos]. Los medios, tambi\u00e9n, no se han expandido en incluir armas de fuego, tal como ocurri\u00f3 en la segunda intifada, por ejemplo.<\/p>\n<p>\u00abEl desplazar la zona de batalla a [la regi\u00f3n] dentro de la L\u00ednea Verde significa que el fuego ha alcanzado los dedos de Israel, [los dedos] que queman todo en Jerusal\u00e9n y Cisjordania y los campos de ejecuciones [de Israel]<a href=\"#_edn2\" name=\"_ednref2\">[2]<\/a> &#8211; por ahora m\u00e1s de 200 de ellos &#8211; no pueden continuar sin tener repercusiones para [la propia Israel]&#8230;\u00bb<\/p>\n<p><strong>Los ataques transmiten un mensaje: No habr\u00e1 seguridad dentro de Israel mientras no exista seguridad en los territorios<\/strong><strong>\u00a0<\/strong><\/p>\n<p>\u00abEl denominador com\u00fan de los tres ataques que las autoridades israel\u00edes discuten [fue que los tres tuvieron lugar durante] la visita a la regi\u00f3n del Vicepresidente estadounidense Joe Biden, quien se reuni\u00f3 esa noche con el Primer Ministro israel\u00ed Binyamin Netanyahu. Fuera de su conocimiento [a la importancia de la resistencia], los atacantes trataron de enviar un mensaje claro al gobierno de Estados Unidos, de que la continua ocupaci\u00f3n israel\u00ed en Palestina es un barril de p\u00f3lvora que podr\u00eda incinerar a toda la regi\u00f3n y que Israel no estar\u00e1 seguro mientras Palestina no est\u00e9 a salvo y segura.<\/p>\n<p>\u00abSin duda, la muerte del turista estadounidense no fue lo que caus\u00f3 que Biden exigiera el fin de lo que este llam\u00f3 &#8216;terrorismo&#8217; para que el proceso pol\u00edtico pudiera renovarse. [Por &#8216;terrorismo&#8217;] este obviamente quiso decir la continua resistencia palestina a la ocupaci\u00f3n israel\u00ed &#8211; y esto es simplemente reversar la imagen correcta y la farsa de la justicia humana, [ya] que todas las religiones monote\u00edstas, as\u00ed como tambi\u00e9n la ONU, sancionan la resistencia contra la ocupaci\u00f3n por todos los medios posibles, incluso mediante la lucha armada\u00bb.<\/p>\n<p><strong>Los Estados Unidos condenan a la v\u00edctima en lugar del ocupante<\/strong><\/p>\n<p>\u00abEstados Unidos nunca ha apoyado a los oprimidos o los movimientos de liberaci\u00f3n [en el mundo]. Este apoya a algunos de los pueblos en la regi\u00f3n para derrocar a algunos de los reg\u00edmenes y no vacila en hacerlo a pesar de cientos de miles de muertes. \u00bfPor qu\u00e9 [entonces] condena este la muerte de un pu\u00f1ado de [palestinos], o incluso decenas de ellos, en aras a la liberaci\u00f3n de la ocupaci\u00f3n por el r\u00e9gimen tirano m\u00e1s terrible en el planeta [?]<\/p>\n<p>\u00abYa que los norteamericanos est\u00e1n acostumbrados a venderle palabras vac\u00edas a los palestinos, en Ramala Joe Biden repiti\u00f3 [la llamada a] una soluci\u00f3n de dos estados, fortaleci\u00e9ndole las manos a la ocupaci\u00f3n y el asesinato a Netanyahu. Este no conden\u00f3 ni a la ocupaci\u00f3n, ni los asentamientos ni las ejecuciones de campo &#8211; s\u00f3lo la resistencia de las v\u00edctimas y los intentos del mosquito por molestar al le\u00f3n.<\/p>\n<p>\u00abLa visita de Biden no hubiese sido importante o digna de escribirla en un art\u00edculo si no hubiera sido por los tres ataques simult\u00e1neos. El punto importante es que los ataques ocurrieron dentro de la L\u00ednea Verde y por lo tanto transmiten un mensaje de que el pueblo palestino no morir\u00e1 y no descansar\u00e1 hasta que la ocupaci\u00f3n israel\u00ed sea eliminada con sus propias manos e imponga la justicia y la igualdad entre los residentes de la regi\u00f3n. Biden y Obama seguir\u00e1n arrojando polvo a los ojos de algunos y continuar\u00e1n vomitando muchas palabras vac\u00edas a fin de continuar sirvi\u00e9ndole a Israel, [ayud\u00e1ndola a] frenar la iniciativa francesa [al establecimiento de un estado palestino] y tal vez incluso para promover [las campa\u00f1as de] los candidatos dem\u00f3cratas a la presidencia [en los Estados Unidos]&#8230;\u00bb<\/p>\n<p><a href=\"#_ednref1\" name=\"_edn1\">[1]<\/a> <em>Al-Ayyam<\/em> (AP) 11 de marzo, 2016.<\/p>\n<p><a href=\"#_ednref2\" name=\"_edn2\">[2]<\/a> \u00abEjecuciones de campo\u00bb se refiere a la muerte de los atacantes en el curso de los ataques.<\/p>\n","protected":false},"excerpt":{"rendered":"<p>El 8 de marzo, 2016 durante la visita del Vicepresidente estadounidense Joe Biden a Israel, un turista estadounidense muri\u00f3 y 14 israel\u00edes y turistas resultaron heridos en tres ataques terroristas que tuvieron lugar en Jaffa, Jerusal\u00e9n y Petah Tikva. Rajab Abu Suraya, columnista del diario de la Autoridad Palestina Al-Hayat Al-Jadida, alab\u00f3 los ataques en [&hellip;]<\/p>\n","protected":false},"author":42,"featured_media":18036,"comment_status":"open","ping_status":"open","sticky":false,"template":"","format":"standard","meta":{"footnotes":""},"categories":[4,6,2],"tags":[],"class_list":["post-18035","post","type-post","status-publish","format-standard","has-post-thumbnail","hentry","category-archivos","category-comunicados-especiales","category-featured"],"_links":{"self":[{"href":"https:\/\/www2.memri.org\/espanol\/wp-json\/wp\/v2\/posts\/18035","targetHints":{"allow":["GET"]}}],"collection":[{"href":"https:\/\/www2.memri.org\/espanol\/wp-json\/wp\/v2\/posts"}],"about":[{"href":"https:\/\/www2.memri.org\/espanol\/wp-json\/wp\/v2\/types\/post"}],"author":[{"embeddable":true,"href":"https:\/\/www2.memri.org\/espanol\/wp-json\/wp\/v2\/users\/42"}],"replies":[{"embeddable":true,"href":"https:\/\/www2.memri.org\/espanol\/wp-json\/wp\/v2\/comments?post=18035"}],"version-history":[{"count":0,"href":"https:\/\/www2.memri.org\/espanol\/wp-json\/wp\/v2\/posts\/18035\/revisions"}],"wp:featuredmedia":[{"embeddable":true,"href":"https:\/\/www2.memri.org\/espanol\/wp-json\/wp\/v2\/media\/18036"}],"wp:attachment":[{"href":"https:\/\/www2.memri.org\/espanol\/wp-json\/wp\/v2\/media?parent=18035"}],"wp:term":[{"taxonomy":"category","embeddable":true,"href":"https:\/\/www2.memri.org\/espanol\/wp-json\/wp\/v2\/categories?post=18035"},{"taxonomy":"post_tag","embeddable":true,"href":"https:\/\/www2.memri.org\/espanol\/wp-json\/wp\/v2\/tags?post=18035"}],"curies":[{"name":"wp","href":"https:\/\/api.w.org\/{rel}","templated":true}]}}