{"id":17848,"date":"2016-03-01T12:10:25","date_gmt":"2016-03-01T16:40:25","guid":{"rendered":"http:\/\/www2.memri.org\/espanol\/?p=17848"},"modified":"2016-03-03T12:21:44","modified_gmt":"2016-03-03T16:51:44","slug":"diario-urdu-paquistani-el-eiis-es-creacion-de-estados-unidos-y-europa-amenaza-a-los-musulmanes-mas-que-los-infieles-tales-organizaciones-no-tienen-asociacion-alguna-con-el-islam","status":"publish","type":"post","link":"https:\/\/www2.memri.org\/espanol\/diario-urdu-paquistani-el-eiis-es-creacion-de-estados-unidos-y-europa-amenaza-a-los-musulmanes-mas-que-los-infieles-tales-organizaciones-no-tienen-asociacion-alguna-con-el-islam\/17848","title":{"rendered":"Diario urdu paquistan\u00ed: El EIIS &#8216;es creaci\u00f3n de Estados Unidos y Europa&#8217;; Amenaza a los musulmanes m\u00e1s que los infieles; &#8216;Tales organizaciones no tienen asociaci\u00f3n alguna con el Islam&#8217;"},"content":{"rendered":"<p><i><img loading=\"lazy\" decoding=\"async\" class=\"alignnone size-full wp-image-17850\" src=\"http:\/\/www2.memri.org\/espanol\/wp-content\/uploads\/2016\/03\/27020-1.jpg\" width=\"457\" height=\"477\" alt=\"\" srcset=\"https:\/\/www2.memri.org\/espanol\/wp-content\/uploads\/2016\/03\/27020-1.jpg 457w, https:\/\/www2.memri.org\/espanol\/wp-content\/uploads\/2016\/03\/27020-1-287x300.jpg 287w, https:\/\/www2.memri.org\/espanol\/wp-content\/uploads\/2016\/03\/27020-1-402x420.jpg 402w, https:\/\/www2.memri.org\/espanol\/wp-content\/uploads\/2016\/03\/27020-1-32x32.jpg 32w\" sizes=\"auto, (max-width: 457px) 100vw, 457px\" \/><\/i><\/p>\n<p><em>Captura de pantalla de la editorial Roznama Ummat<\/em><\/p>\n<p><em>Luego de los ataques terroristas coordinados del 13 de noviembre, 2015 en Par\u00eds, el diario l\u00edder paquistan\u00ed urdu Roznama Ummat public\u00f3 el 20 de noviembre, un editorial titulado \u00abDaesh [el Estado Isl\u00e1mico, es decir, el EIIS] Nunca Puede Ser Una Organizaci\u00f3n de Musulmanes\u00bb, acusando a los Estados Unidos y sus aliados de crear al EIIS, de ser una excusa para atacar a los pa\u00edses musulmanes. Este afirma que la creaci\u00f3n de Al-Qaeda por Osama bin Laden fue el resultado del expansionismo norteamericano y de la presencia estadounidense en las tierras sagradas musulmanas.<\/em><\/p>\n<p><em>El diario de amplia circulaci\u00f3n Roznama Ummat es un firme partidario de los partidos pol\u00edticos islamistas tales como el Jamaat-e-Islami Pakistan y de los grupos yihadistas que trabajan en beneficio de Pakist\u00e1n, por ejemplo, los talibanes en Afganist\u00e1n y Lashkar-e-Taiba y Jaish-e-Muhammad que poseen una agenda anti-hind\u00fa.<\/em><\/p>\n<p><em>A continuaci\u00f3n se presenta el texto del editorial, seg\u00fan la traducci\u00f3n del urdu:<\/em><\/p>\n<p><strong>\u00abLa historia reciente confirma el hecho de que Al Qaeda se form\u00f3 por reacci\u00f3n al expansionismo yanqui, enemistad con el Islam y el asesinato de musulmanes\u00bb<\/strong><\/p>\n<p>\u00abEn relaci\u00f3n al terrorismo alrededor del mundo, Daesh [el EIIS] es el No. 1. Estados Unidos y sus pa\u00edses aliados llaman a Daesh una organizaci\u00f3n terrorista m\u00e1s salvaje y brutal que Al-Qaeda y los talibanes, aunque en un pasado reciente estos consideraban a la Al-Qaeda de Osama bin Laden la m\u00e1s peligrosa, con historias falsas y verdaderas sobre sus miembros inventadas y propagadas. Historias recientes atestiguan el hecho de que Al-Qaeda se form\u00f3 como reacci\u00f3n al expansionismo estadounidense, enemistad contra el Islam y el asesinato de musulmanes. Al principio, la \u00fanica exigencia de esta organizaci\u00f3n [Al Qaeda] fue que Estados Unidos deb\u00eda cerrar sus bases en Arabia Saudita, el centro espiritual de los musulmanes y retirar sus tropas. Pero la presencia de [estas tropas] continuar\u00e1 amenazando al Haramain Sharifain [las Santas Mezquitas de Meca y Medina] y se teme que el anti-Islam y la cultura occidental florecer\u00e1n en la sociedad saudita.<\/p>\n<p>\u00abPuede que aclarar que en todos los pa\u00edses, entre ellos Arabia Saudita, las embajadas no s\u00f3lo representan a sus propios pa\u00edses, sino que sus instalaciones no est\u00e1n sujetas a las leyes locales y siguen las reglas y regulaciones de sus propios pa\u00edses. Los l\u00edmites de las embajadas se consideran las fronteras de sus propios pa\u00edses. Similarmente, las embajadas de los pa\u00edses occidentales en Arabia Saudita est\u00e1n totalmente libres de cualquier restricci\u00f3n. En los pa\u00edses en los que se localizan sus embajadas, estas adquieren oportunidades, a trav\u00e9s de interactuar con la poblaci\u00f3n local, para promover sus conspiraciones y culturas. Sin importar si Al-Qaeda como organizaci\u00f3n estaba lo correcto o no, su visi\u00f3n acerca de los pa\u00edses occidentales no estuvo equivocada. En respuesta, era obligatorio para el mundo occidental hacer que el mundo musulm\u00e1n creyera, a trav\u00e9s de sus palabras y acciones, de que estos no eran los enemigos del Islam y de los musulmanes y que cre\u00edan en la solidaridad y armon\u00eda entre religiones.<\/p>\n<p>\u00abDel mismo modo, el movimiento talib\u00e1n de Afganist\u00e1n trat\u00f3 de establecer una sociedad pac\u00edfica basada en las ense\u00f1anzas isl\u00e1micas. Los talibanes, en su gobierno de cinco a\u00f1os y medio a\u00f1os [1996-2001], despu\u00e9s de purgar el pa\u00eds del crimen y las drogas, se hab\u00eda puesto en marcha dentro de tal trayectoria human\u00edstica que incluso las mujeres occidentales que fueron all\u00ed para encontrar fallas [con el gobierno talib\u00e1n] reconocieron esto. Al regresar a sus propios pa\u00edses, ellos [las mujeres occidentales] informaron que vieron la paz y el respeto por la humanidad en Afganist\u00e1n que no vieron en ning\u00fan otro lugar del mundo. Incluso una periodista brit\u00e1nica, Mariam Ridley [alias Yvonne Ridley], no estaba tan impresionada con la etiqueta Talib\u00e1n de que ella abraz\u00f3 el Islam\u00bb.<\/p>\n<p><strong>\u00ab[Bajo el pretexto de los ataques del 11 de Septiembre] Estados Unidos cometi\u00f3 el peor tipo de terrorismo de estado en Afganist\u00e1n y despu\u00e9s de eso, el extremismo naci\u00f3 de entre los musulmanes\u00bb<\/strong><\/p>\n<p>\u00abAnte los ojos de Estados Unidos y sus aliados, los talibanes cometieron dos cr\u00edmenes: uno, darle protecci\u00f3n al l\u00edder de Al-Qaeda Osama bin Laden en su suelo y dos, crear una sociedad isl\u00e1mica en la que gente disfruto de sus derechos b\u00e1sicos y que pudiera haberse convertido en un ejemplo a seguir para otras sociedades.<\/p>\n<p>\u00abEl surgimiento del Islam ha molestado a los no musulmanes durante los \u00faltimos 1400 a\u00f1os. Por lo tanto, con el pretexto de ataques a sus dos ciudades por parte de terroristas desconocidos [es decir l1 de Septiembre], Estados Unidos cometi\u00f3 el peor tipo de terrorismo de estado en Afganist\u00e1n y despu\u00e9s de eso, el extremismo naci\u00f3 de entre los musulmanes y el terrorismo de unos pocos grupos fue representado como Islam y todos los musulmanes fueron acusados de terrorismo.<\/p>\n<p>\u00abLos estudiosos musulmanes y el p\u00fablico a nivel mundial&#8230; condenaron las actividades de estas organizaciones terroristas y extremistas, que surgieron en respuesta al asesinato de musulmanes y sus aliados por parte de Estados Unidos. Ellos [es decir, los estudiosos musulmanes] demostraron, con el Cor\u00e1n y el Hadith [las tradiciones del Profeta Mahoma], de que no existe lugar para el terrorismo en el Islam. De hecho, nuestra religi\u00f3n declara que el asesinato de una persona inocente, incluso un no musulm\u00e1n, es un crimen execrable equivalente a asesinar a toda la humanidad.<\/p>\n<p>\u00abLos gobiernos occidentales y sus medios de comunicaci\u00f3n, sin embargo, continuaron conduciendo la peor campa\u00f1a de propaganda en contra de los musulmanes. Es posible que una organizaci\u00f3n terrorista llamada Daesh puede ser tambi\u00e9n una reacci\u00f3n a esto.<\/p>\n<p>\u00abDesde el comienzo, [es decir, los actos de asesinato en masa del EIIS], degollar gente e incinerarlos cruelmente, no fueron del agrado de los musulmanes y los musulmanes no los apoyan. Por el contrario, todos los muft\u00edes [que dictan fatuas] y los estudiosos religiosos emitieron edictos contra Daesh. A pesar de que a\u00fan no se ha comprobado quien fue responsable de los ataques en Francia, Daesh est\u00e1 siendo implicada en estos. [El viernes, despu\u00e9s de los ataques], los musulmanes de Francia en 2.500 mezquitas condenaron n sermones los actos del 13 de noviembre\u00bb.<\/p>\n<p><em>Para ver el despacho completo en ingl\u00e9s junto a las im\u00e1genes copie por favor el siguiente enlace en su ordenador:<\/em> <a href=\"http:\/\/www.memri.org\/report\/en\/0\/0\/0\/0\/0\/0\/9048.htm\">http:\/\/www.memri.org\/report\/en\/0\/0\/0\/0\/0\/0\/9048.htm<\/a><\/p>\n<p>Fuente: <em>Roznama Ummat<\/em> (Pakist\u00e1n), 20 de Noviembre, 2015.<\/p>\n","protected":false},"excerpt":{"rendered":"<p>Captura de pantalla de la editorial Roznama Ummat Luego de los ataques terroristas coordinados del 13 de noviembre, 2015 en Par\u00eds, el diario l\u00edder paquistan\u00ed urdu Roznama Ummat public\u00f3 el 20 de noviembre, un editorial titulado \u00abDaesh [el Estado Isl\u00e1mico, es decir, el EIIS] Nunca Puede Ser Una Organizaci\u00f3n de Musulmanes\u00bb, acusando a los Estados [&hellip;]<\/p>\n","protected":false},"author":42,"featured_media":17849,"comment_status":"open","ping_status":"open","sticky":false,"template":"","format":"standard","meta":{"footnotes":""},"categories":[4,6],"tags":[],"class_list":["post-17848","post","type-post","status-publish","format-standard","has-post-thumbnail","hentry","category-archivos","category-comunicados-especiales"],"_links":{"self":[{"href":"https:\/\/www2.memri.org\/espanol\/wp-json\/wp\/v2\/posts\/17848","targetHints":{"allow":["GET"]}}],"collection":[{"href":"https:\/\/www2.memri.org\/espanol\/wp-json\/wp\/v2\/posts"}],"about":[{"href":"https:\/\/www2.memri.org\/espanol\/wp-json\/wp\/v2\/types\/post"}],"author":[{"embeddable":true,"href":"https:\/\/www2.memri.org\/espanol\/wp-json\/wp\/v2\/users\/42"}],"replies":[{"embeddable":true,"href":"https:\/\/www2.memri.org\/espanol\/wp-json\/wp\/v2\/comments?post=17848"}],"version-history":[{"count":0,"href":"https:\/\/www2.memri.org\/espanol\/wp-json\/wp\/v2\/posts\/17848\/revisions"}],"wp:featuredmedia":[{"embeddable":true,"href":"https:\/\/www2.memri.org\/espanol\/wp-json\/wp\/v2\/media\/17849"}],"wp:attachment":[{"href":"https:\/\/www2.memri.org\/espanol\/wp-json\/wp\/v2\/media?parent=17848"}],"wp:term":[{"taxonomy":"category","embeddable":true,"href":"https:\/\/www2.memri.org\/espanol\/wp-json\/wp\/v2\/categories?post=17848"},{"taxonomy":"post_tag","embeddable":true,"href":"https:\/\/www2.memri.org\/espanol\/wp-json\/wp\/v2\/tags?post=17848"}],"curies":[{"name":"wp","href":"https:\/\/api.w.org\/{rel}","templated":true}]}}