{"id":17834,"date":"2016-02-26T16:54:34","date_gmt":"2016-02-26T21:24:34","guid":{"rendered":"http:\/\/www2.memri.org\/espanol\/?p=17834"},"modified":"2016-02-29T18:32:24","modified_gmt":"2016-02-29T23:02:24","slug":"tras-encarcelamiento-del-ex-primer-ministro-israeli-ehud-olmert-por-corrupcion-escritores-arabes-elogian-democracia-y-el-estado-de-derecho-de-israel","status":"publish","type":"post","link":"https:\/\/www2.memri.org\/espanol\/tras-encarcelamiento-del-ex-primer-ministro-israeli-ehud-olmert-por-corrupcion-escritores-arabes-elogian-democracia-y-el-estado-de-derecho-de-israel\/17834","title":{"rendered":"Tras encarcelamiento del ex primer ministro israel\u00ed Ehud Olmert por corrupci\u00f3n, escritores \u00e1rabes elogian democracia y el estado de derecho de Israel"},"content":{"rendered":"<p>&nbsp;<\/p>\n<p><em>El 15 de febrero, 2016 el ex primer ministro de Israel Ehud Olmert comenz\u00f3 a cumplir una pena en prisi\u00f3n de 19 meses, tras su condena en un esc\u00e1ndalo de soborno que tuvo lugar cuando fue alcalde de Jerusal\u00e9n. Ante su encarcelamiento, la prensa \u00e1rabe destac\u00f3 art\u00edculos alabando la democracia israel\u00ed y condenando a los reg\u00edmenes \u00e1rabes corruptos y tir\u00e1nicos que dijeron, malversan los fondos de sus propios pa\u00edses y oprimen a sus propios ciudadanos sin que los hechos salgan a relucir.<\/em><\/p>\n<p><em>En el diario de Londres Al-Hayat, el escritor sirio palestino Majed Kayali coloc\u00f3 en lista a varios altos funcionarios israel\u00edes que hab\u00edan sido enviados a la c\u00e1rcel, o fueron removidos, o investigados en conexi\u00f3n con diversos delitos y pidi\u00f3 a los \u00e1rabes dejar de negar que Israel fue una aut\u00e9ntico estado democr\u00e1tico. Esta democracia dijo, la fortalece y asegura su continua supremac\u00eda sobre los \u00e1rabes cuyos reg\u00edmenes son corruptos y tir\u00e1nicos. Sin embargo, tambi\u00e9n se\u00f1al\u00f3 que esto no contradice el hecho de que Israel es un estado ileg\u00edtimo, imperialista y que su democracia es exclusivamente para los jud\u00edos.<\/em><em>\u00a0<\/em><\/p>\n<p><em>Hassan Ahmad Al-Shubaki, director de Al-Jazeera en Jordania, escribi\u00f3 en el diario jordano Al-Ghad que la noticia del encarcelamiento de Olmert averg\u00fcenza a los \u00e1rabes, ante la corrupci\u00f3n que est\u00e1 plagando sobre sus propios reg\u00edmenes y entre sus propias \u00e9lites y ante las ostensibles discusiones en los pa\u00edses \u00e1rabes sobre integridad. Tambi\u00e9n dio a entender que deber\u00edan seguir el ejemplo de Israel.<\/em><\/p>\n<p><em>A continuaci\u00f3n se presentan extractos de ambos art\u00edculos:<\/em><\/p>\n<p><img loading=\"lazy\" decoding=\"async\" class=\"alignnone size-full wp-image-17836\" src=\"http:\/\/www2.memri.org\/espanol\/wp-content\/uploads\/2016\/02\/26965-1.jpg\" width=\"655\" height=\"370\" alt=\"\" srcset=\"https:\/\/www2.memri.org\/espanol\/wp-content\/uploads\/2016\/02\/26965-1.jpg 655w, https:\/\/www2.memri.org\/espanol\/wp-content\/uploads\/2016\/02\/26965-1-300x169.jpg 300w, https:\/\/www2.memri.org\/espanol\/wp-content\/uploads\/2016\/02\/26965-1-600x339.jpg 600w\" sizes=\"auto, (max-width: 655px) 100vw, 655px\" \/><\/p>\n<p><em>Imagen: Ehud Olmert (Imagen: bbc.com)<\/em><\/p>\n<p><strong>Majed Kayali: Debemos reconocer la ventaja democr\u00e1tica de Israel<\/strong><\/p>\n<p>Majed Kayali escribi\u00f3: \u00abLa corte israel\u00ed ha condenado al ex primer ministro de Israel (2006-2009) y ex jefe del Partido Kadima Ehud Olmert, a 18 meses de c\u00e1rcel, tras ser declarado culpable de aceptar sobornos de hasta NIS 60.000 ($14.000) como parte de un trato en bienes y ra\u00edces que se llev\u00f3 a cabo durante su mandato como alcalde de Jerusal\u00e9n (1993-2003) Olmert se coloc\u00f3 frente a [la c\u00e1mara] y simplemente dijo &#8216;Acepto este veredicto con un gran peso en el coraz\u00f3n, nadie est\u00e1 por encima de la ley&#8217;.<\/p>\n<p>\u00abAntes de Olmert, los tribunales israel\u00edes condenaron al ex presidente israel\u00ed Moshe Katsav (2000-2007) a siete a\u00f1os de prisi\u00f3n por violaci\u00f3n y acoso sexual y dictaron sentencias de prisi\u00f3n a un n\u00famero de ministros, l\u00edderes de partidos y parlamentarios, o les hicieron renunciar de sus cargos p\u00fablicos por corrupci\u00f3n financiera o acoso sexual. Estos incluyen a: Yizhak Mordejai, Aryeh Deri, Haim Ramon, y Silvan Shalom. Incluso Ehud Barak fue investigado por irregularidades financieras, al igual que lo fue Benjam\u00edn Netanyahu y su esposa, quienes fueron investigados bajo la sospecha de inflar gastos en la residencia del primer ministro y aceptar regalos, mientras estuvo en el cargo.<\/p>\n<p>\u00abEl problema es que algunos de nosotros [\u00e1rabes] pensamos que esto es extra\u00f1o, en lugar de pensar profundamente sobre este pa\u00eds [Israel] y comparar su sistema de gobierno a los de nuestros pa\u00edses. Adem\u00e1s, la oposici\u00f3n de algunos a Israel les lleva a negar las ventajas que este posee&#8230; como si el enemigo no fuese realmente un enemigo a menos que est\u00e9 basado en todas las formas imaginables. [El hecho es] que Israel, nos guste o no&#8230; se comporta como un estado en todos los sentidos de la palabra &#8211; lo que significa que no es propiedad privada de nadie, familia, grupo o secta, incluso si lo consideramos ileg\u00edtima y criminal.<\/p>\n<p>\u00abLo m\u00e1s importante es que este pa\u00eds est\u00e1 dirigido de una forma democr\u00e1tica moderna, como un estado con instituciones, leyes y una constituci\u00f3n, de acuerdo al m\u00e9todo democr\u00e1tico liberal basado en la separaci\u00f3n de poderes y la transici\u00f3n de gobiernos y en el que los ciudadanos son libres e iguales. Esto, de hecho, es lo que lo diferencia de nuestros reg\u00edmenes y asegura su continuidad, desarrollo, estabilidad y supremac\u00eda. Lo que esto significa es que esta [supremac\u00eda israel\u00ed] se basa en algo m\u00e1s que su poder militar y su alianza con Occidente. Esto, a pesar de todas las cr\u00edticas que tenemos respecto al significado de libertad e igualdad en una naci\u00f3n imperialista que reivindica los asentamientos, mezcla la religi\u00f3n y el nacionalismo y toma muchas de sus leyes e ideolog\u00edas de los rituales jud\u00edos&#8230;<\/p>\n<p>\u00abEs precisamente este aspecto \u2013 el de un estado de instituciones, leyes y [derechos] de los ciudadanos \u2013 del que carecen nuestras naciones y que los reg\u00edmenes tir\u00e1nicos nos han asegurado a nosotros que se nos niega, con el pretexto de confrontar a Israel sobre la realidad de la ausencia de un estado [palestino]&#8230; En Israel, que posee separaci\u00f3n de poderes, un presidente, un primer ministro, ministros, parlamentarios y funcionarios son procesados por esc\u00e1ndalos sexuales o de corrupci\u00f3n &#8211; incluso esc\u00e1ndalos que involucran solo unos cuantos miles de d\u00f3lares &#8211; mientras que nosotros no tenemos ni siquiera los derechos y libertades m\u00e1s b\u00e1sicas y aceptamos reg\u00edmenes que exportan [nuestros] recursos, despilfarran nuestros ingresos, asesinan masivamente a [sus ciudadanos] e incluso traen ej\u00e9rcitos y milicias extranjeras para asesinar, expulsar y sitiar a sus propios pueblos.<\/p>\n<p>\u00abAlgunos pueden no gustarles estas palabras, porque no est\u00e1n de acuerdo con sus propias opiniones o con la imagen que desean para Israel &#8211; es decir, una imagen basada en la negaci\u00f3n, en inculcar la ignorancia respecto a las fuentes de poder\u00edo de Israel y en atribuir su fuerza a [elementos] for\u00e1neos, con el fin de encubrir la impotencia de nuestros propios reg\u00edmenes&#8230; Debemos conocer a Israel y sus fuentes internas de fuerza si queremos hacerle frente a nuestra situaci\u00f3n y a nuestras diversas luchas con ella. La ignorancia sobre Israel y el negar la fuente de su superioridad en el \u00e1mbito econ\u00f3mico, ciencia, tecnolog\u00eda, administraci\u00f3n, las libertades, la educaci\u00f3n superior y los gastos en investigaci\u00f3n, s\u00f3lo servir\u00e1 para aumentar nuestra frustraci\u00f3n y atraso e infligir repetidas derrotas sobre nosotros&#8230;<\/p>\n<p>\u00abSin embargo, se podr\u00eda mencionar aqu\u00ed, por en\u00e9sima vez, que nuestra manera de percibir a Israel como un estado democr\u00e1tico [no quiere decir que no nos damos cuenta de que] s\u00f3lo es democr\u00e1tica para sus ciudadanos jud\u00edos, no para los palestinos &#8211; ya sean ciudadanos (en los territorios de 1948) o en los territorios ocupados y la Franja de Gaza. Adem\u00e1s, argumentar que es democr\u00e1tica solo para los jud\u00edos no la exonera, porque en realidad es una naci\u00f3n imperialista, racista, religiosa, e ileg\u00edtima que controla a los palestinos por la fuerza de las armas&#8230;<\/p>\n<p>\u00abOtra cosa que se debe realizar bajo este contexto, ante la situaci\u00f3n actual en nuestro mundo \u00e1rabe, es que Israel utiliza el poder de su sociedad y de su democracia para bloquear la intervenci\u00f3n extranjera y los dictados extranjeros, incluyendo aquellos relativos al arreglo [israel\u00ed-palestino]. Por otro lado, nuestros reg\u00edmenes hacen todo lo posible para debilitar a nuestras sociedades, revocar sus libertades y mostrar debilidad, fragilidad y obediencia a los dict\u00e1menes extranjeros, sin [incluso] recibir nada a cambio. Esta diferencia es vital y altamente significativa\u00bb.<a href=\"#_edn1\" name=\"_ednref1\">[1]<\/a><\/p>\n<p><strong>Hassan Ahmad Al-Shubaki: Nunca ha sucedido aqu\u00ed nada como el tema de Olmert <\/strong><\/p>\n<p>Hassan Ahmad Al-Shubaki escribi\u00f3 en <em>Al-Ghad<\/em>: \u00abLa noticia sin precedentes del encarcelamiento la semana pasada de un ex primer ministro israel\u00ed pas\u00f3 sin que hubiese [alg\u00fan] comentario \u00e1rabe, porque los \u00e1rabes no est\u00e1n acostumbrados a este tipo de noticias. En su opini\u00f3n, una figura de alto nivel es inmune a cualquier demanda de rendici\u00f3n de cuentas. Olmert no escap\u00f3 [al juicio] por sus errores, sino que fue enviado a la prisi\u00f3n de Ramla por 19 meses luego de que fue juzgado por aceptar un soborno cuando fue alcalde de Jerusal\u00e9n y por sobornar a un testigo.<\/p>\n<p>\u00abEsta noticia y sus circunstancias nos verg\u00fcenza a nosotros los [\u00e1rabes], ante nuestras mentiras sobre integridad [en nuestras filas] &#8211; porque existen seis pa\u00edses \u00e1rabes en la lista de los pa\u00edses m\u00e1s corruptos del mundo y en ellos las responsabilidades nunca le son exigidas [a nadie]&#8230; [Nuestros] pa\u00edses se convierten en granjas; sus residentes son mano de obra barata y todos los cultivos van a parar a los propietarios de la granja. Esto es muy feo y criminal, pero es com\u00fan en la mayor\u00eda de los pa\u00edses \u00e1rabes&#8230;<\/p>\n<p>\u00abEl discurso sobre integridad en los diarios \u00e1rabes, pantallas de televisi\u00f3n, palacios de justicia y parlamentos, no solo arroja m\u00e1s polvo a los ojos, ya que a pesar de los cr\u00edmenes cometidos a diario en contra de nuestro pueblo, nunca hemos tenido un caso como el de Olmert. El enga\u00f1o de que ocasionalmente env\u00edanos a un pu\u00f1ado de funcionarios a prisi\u00f3n, en varios pa\u00edses \u00e1rabes, est\u00e1 conectado en su mayor parte al asentamiento de una puntuaci\u00f3n en una disputa sobre la [propiedad de la] &#8216;granja&#8217; y no tiene nada que ver con el estado de derecho, integridad o cualquier otra cosa &#8211; la cual es ajena a los \u00e1rabes.<\/p>\n<p>\u00abLo \u00fanico que realmente est\u00e1 profundamente arraigado en la mayor\u00eda de los pa\u00edses \u00e1rabes es la corrupci\u00f3n. Eventos y crisis son sinuosamente fabricados con el fin de permitir que contin\u00fae la corrupci\u00f3n y los recursos de los pa\u00edses son vendidos al mejor postor al servicio de esta corrupci\u00f3n&#8230;<\/p>\n<p>\u00abLa lecci\u00f3n m\u00e1s importante que aprender del tema Olmert y del que nos averg\u00fcenza a todos nosotros y a la \u00e9lite \u00e1rabe corrupta, es lo que dijo despu\u00e9s de que el veredicto fue dictaminado: Nadie est\u00e1 por encima de la ley!\u00bb.<a href=\"#_edn2\" name=\"_ednref2\">[2]<\/a><\/p>\n<p><a href=\"#_ednref1\" name=\"_edn1\">[1]<\/a> <em>Al-Hayat<\/em> (Londres), 19 de Febrero, 2016.<\/p>\n<p><a href=\"#_ednref2\" name=\"_edn2\">[2]<\/a> <em>Al-Ghad<\/em> (Jordania), 20 de febrero, 2016.<\/p>\n","protected":false},"excerpt":{"rendered":"<p>&nbsp; El 15 de febrero, 2016 el ex primer ministro de Israel Ehud Olmert comenz\u00f3 a cumplir una pena en prisi\u00f3n de 19 meses, tras su condena en un esc\u00e1ndalo de soborno que tuvo lugar cuando fue alcalde de Jerusal\u00e9n. Ante su encarcelamiento, la prensa \u00e1rabe destac\u00f3 art\u00edculos alabando la democracia israel\u00ed y condenando a [&hellip;]<\/p>\n","protected":false},"author":42,"featured_media":17835,"comment_status":"open","ping_status":"open","sticky":false,"template":"","format":"standard","meta":{"footnotes":""},"categories":[4,6,9,12],"tags":[],"class_list":["post-17834","post","type-post","status-publish","format-standard","has-post-thumbnail","hentry","category-archivos","category-comunicados-especiales","category-temas","category-reforma-en-el-mundo-arabe-y-musulman"],"_links":{"self":[{"href":"https:\/\/www2.memri.org\/espanol\/wp-json\/wp\/v2\/posts\/17834","targetHints":{"allow":["GET"]}}],"collection":[{"href":"https:\/\/www2.memri.org\/espanol\/wp-json\/wp\/v2\/posts"}],"about":[{"href":"https:\/\/www2.memri.org\/espanol\/wp-json\/wp\/v2\/types\/post"}],"author":[{"embeddable":true,"href":"https:\/\/www2.memri.org\/espanol\/wp-json\/wp\/v2\/users\/42"}],"replies":[{"embeddable":true,"href":"https:\/\/www2.memri.org\/espanol\/wp-json\/wp\/v2\/comments?post=17834"}],"version-history":[{"count":0,"href":"https:\/\/www2.memri.org\/espanol\/wp-json\/wp\/v2\/posts\/17834\/revisions"}],"wp:featuredmedia":[{"embeddable":true,"href":"https:\/\/www2.memri.org\/espanol\/wp-json\/wp\/v2\/media\/17835"}],"wp:attachment":[{"href":"https:\/\/www2.memri.org\/espanol\/wp-json\/wp\/v2\/media?parent=17834"}],"wp:term":[{"taxonomy":"category","embeddable":true,"href":"https:\/\/www2.memri.org\/espanol\/wp-json\/wp\/v2\/categories?post=17834"},{"taxonomy":"post_tag","embeddable":true,"href":"https:\/\/www2.memri.org\/espanol\/wp-json\/wp\/v2\/tags?post=17834"}],"curies":[{"name":"wp","href":"https:\/\/api.w.org\/{rel}","templated":true}]}}