{"id":17800,"date":"2016-02-24T19:21:13","date_gmt":"2016-02-24T23:51:13","guid":{"rendered":"http:\/\/www2.memri.org\/espanol\/?p=17800"},"modified":"2016-02-25T20:02:16","modified_gmt":"2016-02-26T00:32:16","slug":"canal-de-television-irani-en-urdu-celebra-el-aniversario-no-37-de-la-revolucion-islamica-de-iran-esta-conmemora-el-dominio-de-la-fe-sobre-la-incredulidad-la-nacion-irani-incluso-ahora-consid","status":"publish","type":"post","link":"https:\/\/www2.memri.org\/espanol\/canal-de-television-irani-en-urdu-celebra-el-aniversario-no-37-de-la-revolucion-islamica-de-iran-esta-conmemora-el-dominio-de-la-fe-sobre-la-incredulidad-la-nacion-irani-incluso-ahora-consid\/17800","title":{"rendered":"Canal de televisi\u00f3n iran\u00ed en urdu celebra el aniversario No 37 de la Revoluci\u00f3n Isl\u00e1mica de Ir\u00e1n: &#8216;[Esta] conmemora el dominio de la fe sobre la incredulidad&#8217;; &#8216;La Naci\u00f3n iran\u00ed incluso ahora considera a Estados Unidos su mayor enemigo&#8217;; \u2018Muerte a Estados Unidos\u2019, \u2018Muerte a Israel&#8217;"},"content":{"rendered":"<p><em>El 11 de febrero, 2016 el aniversario de la Revoluci\u00f3n Isl\u00e1mica, el servicio en idioma urdu de la cadena de televisi\u00f3n dirigida por el gobierno iran\u00ed Sahar TV dedic\u00f3 su programa Andaz-e-Jahan (\u201cCamino del Mundo\u00bb) a \u00abLa Revoluci\u00f3n Isl\u00e1mica y a la ola de despertar isl\u00e1mico\u00bb. El canal de televisi\u00f3n estatal iran\u00ed en urdu va dirigido a un p\u00fablico chiita de habla urdu en Pakist\u00e1n e India.<\/em><\/p>\n<p><img loading=\"lazy\" decoding=\"async\" class=\"alignnone size-full wp-image-17803\" src=\"http:\/\/www2.memri.org\/espanol\/wp-content\/uploads\/2016\/02\/26911-1.jpg\" width=\"650\" height=\"447\" alt=\"\" srcset=\"https:\/\/www2.memri.org\/espanol\/wp-content\/uploads\/2016\/02\/26911-1.jpg 650w, https:\/\/www2.memri.org\/espanol\/wp-content\/uploads\/2016\/02\/26911-1-300x206.jpg 300w, https:\/\/www2.memri.org\/espanol\/wp-content\/uploads\/2016\/02\/26911-1-600x413.jpg 600w, https:\/\/www2.memri.org\/espanol\/wp-content\/uploads\/2016\/02\/26911-1-100x70.jpg 100w, https:\/\/www2.memri.org\/espanol\/wp-content\/uploads\/2016\/02\/26911-1-218x150.jpg 218w, https:\/\/www2.memri.org\/espanol\/wp-content\/uploads\/2016\/02\/26911-1-611x420.jpg 611w\" sizes=\"auto, (max-width: 650px) 100vw, 650px\" \/><\/p>\n<p><em>Fotograma del programa de televisi\u00f3n en la estaci\u00f3n de televisi\u00f3n iran\u00ed Sahar TV<\/em><\/p>\n<p><em>Lo siguiente es un resumen y extractos del programa:<a href=\"#_edn1\" name=\"_ednref1\"><strong>[1]<\/strong><\/a><\/em><\/p>\n<p><strong>Desde la Revoluci\u00f3n Isl\u00e1mica de Ir\u00e1n, \u00abla ola de despertar isl\u00e1mico en el mundo del Islam se ha sido regenerando y se ha ido incrementado d\u00eda a d\u00eda\u00bb<\/strong><\/p>\n<p>El anfitri\u00f3n del programa Ali Abbas Rizvi comenz\u00f3 diciendo: \u00abUn saludo a todos ustedes en el aniversario No. 37 del triunfo de la Revoluci\u00f3n Isl\u00e1mica. El d\u00eda de hoy celebra el dominio de la fe sobre el <em>kufr<\/em> [incredulidad]. Hoy es el d\u00eda de la victoria del Islam sobre el <em>ilhad<\/em> [ate\u00edsmo]. Hoy es el d\u00eda del \u00e9xito de los oprimidos sobre el opresor. Hoy es el d\u00eda en que la naci\u00f3n iran\u00ed desafi\u00f3 a las potencias de Occidente y Oriente. Hoy es el d\u00eda en que la existencia de las potencias imperialistas fue sacudida&#8230;<\/p>\n<p>\u00abDesde ese d\u00eda hasta ahora, la ola de despertar isl\u00e1mico en el mundo del Islam se ha ido regenerando y crece d\u00eda a d\u00eda. El d\u00eda hist\u00f3rico del 11 de febrero, 1979 cuando bajo el liderazgo del Imam [Ayatola Ruhollah] Jomeini&#8230; el pueblo de Ir\u00e1n puso fin para siempre a 2.500 a\u00f1os de monarqu\u00eda en Ir\u00e1n y desde ese d\u00eda hasta hoy, Ir\u00e1n es el Ir\u00e1n isl\u00e1mico. La Revoluci\u00f3n Isl\u00e1mica no fue s\u00f3lo la revoluci\u00f3n de una naci\u00f3n. La Revoluci\u00f3n Isl\u00e1mica no fue una mera revoluci\u00f3n pol\u00edtica. La Revoluci\u00f3n Isl\u00e1mica no fue por pan, vestimenta y albergue\u00bb&#8230; De las ideas de la Revoluci\u00f3n Isl\u00e1mica de Ir\u00e1n, no s\u00f3lo las naciones musulmanas, sino tambi\u00e9n las naciones amantes de la libertad del mundo reciben intuici\u00f3n, inspiraci\u00f3n y coraje.<\/p>\n<p>El programa luego proyect\u00f3 un video de las celebraciones del aniversario a lo largo de Ir\u00e1n, con comentarios de fondo, que incluye material de archivo de manifestaciones en m\u00e1s de 1.000 ciudades y m\u00e1s de 4.000 aldeas en las que participaron millones de personas. Seg\u00fan un comentarista, la multitud grit\u00f3 consignas a favor de la libre determinaci\u00f3n de los pueblos, la libertad y de la Rep\u00fablica Isl\u00e1mica. El comentarista se\u00f1al\u00f3 que el Presidente de Ir\u00e1n Hassan Rouhani les dijo que en la Revoluci\u00f3n Isl\u00e1mica de 1979, \u00abel mundo vio c\u00f3mo un l\u00edder religioso [el Imam Jomeini] puede gobernar sobre los corazones del pueblo, incluso en tiempos modernos&#8230; Estamos conscientes de que la revoluci\u00f3n Isl\u00e1mica no es simplemente una revoluci\u00f3n pol\u00edtica&#8230;\u00bb<\/p>\n<p><img loading=\"lazy\" decoding=\"async\" class=\"alignnone size-full wp-image-17804\" src=\"http:\/\/www2.memri.org\/espanol\/wp-content\/uploads\/2016\/02\/26912-1.jpg\" width=\"650\" height=\"494\" alt=\"\" srcset=\"https:\/\/www2.memri.org\/espanol\/wp-content\/uploads\/2016\/02\/26912-1.jpg 650w, https:\/\/www2.memri.org\/espanol\/wp-content\/uploads\/2016\/02\/26912-1-300x228.jpg 300w, https:\/\/www2.memri.org\/espanol\/wp-content\/uploads\/2016\/02\/26912-1-600x456.jpg 600w, https:\/\/www2.memri.org\/espanol\/wp-content\/uploads\/2016\/02\/26912-1-80x60.jpg 80w, https:\/\/www2.memri.org\/espanol\/wp-content\/uploads\/2016\/02\/26912-1-553x420.jpg 553w\" sizes=\"auto, (max-width: 650px) 100vw, 650px\" \/><\/p>\n<p><em>Anfitri\u00f3n del programa Ali Abbas Rizvi a la izquierda; invitado paquistan\u00ed Ali Raza Alvi a la derecha<\/em><\/p>\n<p>De acuerdo al comentarista, \u00abSe aprob\u00f3 una resoluci\u00f3n al final de las reuniones en las que las potencias imperialistas fueron advertidas de que si intentaban amenazar a Ir\u00e1n o debilitarla, entonces la naci\u00f3n iran\u00ed le dar\u00e1 una respuesta en la jeta que quebrar\u00e1 a los enemigos\u00bb. La resoluci\u00f3n tambi\u00e9n se\u00f1al\u00f3: \u00abLa antiimperialista naci\u00f3n iran\u00ed incluso ahora considera a Estados Unidos su enemigo mayor\u00bb. Los participantes en las manifestaciones condenaron al Estado Isl\u00e1mico (EIIS) y a otros grupos takfiris (es decir, los musulmanes que declaran apostatas a otros musulmanes) y expresaron su apoyo a los gobiernos de Siria e Irak, as\u00ed como tambi\u00e9n a los \u00abgrupos de voluntarios\u00bb armados apoyados por Ir\u00e1n &#8211; de acuerdo al programa.<\/p>\n<p><em>Para ver el despacho en su totalidad en ingl\u00e9s junto a las im\u00e1genes copie por favor el siguiente enlace en su ordenador: <\/em><a href=\"http:\/\/www.memri.org\/report\/en\/0\/0\/0\/0\/0\/0\/9033.htm\">http:\/\/www.memri.org\/report\/en\/0\/0\/0\/0\/0\/0\/9033.htm<\/a><em>\u00a0<\/em><\/p>\n<p><a href=\"#_ednref1\" name=\"_edn1\">[1]<\/a> Youtube.com\/watch?v=PydoQdSK5DA 11 de febrero de 2016.<\/p>\n","protected":false},"excerpt":{"rendered":"<p>El 11 de febrero, 2016 el aniversario de la Revoluci\u00f3n Isl\u00e1mica, el servicio en idioma urdu de la cadena de televisi\u00f3n dirigida por el gobierno iran\u00ed Sahar TV dedic\u00f3 su programa Andaz-e-Jahan (\u201cCamino del Mundo\u00bb) a \u00abLa Revoluci\u00f3n Isl\u00e1mica y a la ola de despertar isl\u00e1mico\u00bb. El canal de televisi\u00f3n estatal iran\u00ed en urdu va [&hellip;]<\/p>\n","protected":false},"author":42,"featured_media":17801,"comment_status":"open","ping_status":"open","sticky":false,"template":"","format":"standard","meta":{"footnotes":""},"categories":[4,6,20,18,2],"tags":[],"class_list":["post-17800","post","type-post","status-publish","format-standard","has-post-thumbnail","hentry","category-archivos","category-comunicados-especiales","category-iran","category-paises","category-featured"],"_links":{"self":[{"href":"https:\/\/www2.memri.org\/espanol\/wp-json\/wp\/v2\/posts\/17800","targetHints":{"allow":["GET"]}}],"collection":[{"href":"https:\/\/www2.memri.org\/espanol\/wp-json\/wp\/v2\/posts"}],"about":[{"href":"https:\/\/www2.memri.org\/espanol\/wp-json\/wp\/v2\/types\/post"}],"author":[{"embeddable":true,"href":"https:\/\/www2.memri.org\/espanol\/wp-json\/wp\/v2\/users\/42"}],"replies":[{"embeddable":true,"href":"https:\/\/www2.memri.org\/espanol\/wp-json\/wp\/v2\/comments?post=17800"}],"version-history":[{"count":0,"href":"https:\/\/www2.memri.org\/espanol\/wp-json\/wp\/v2\/posts\/17800\/revisions"}],"wp:featuredmedia":[{"embeddable":true,"href":"https:\/\/www2.memri.org\/espanol\/wp-json\/wp\/v2\/media\/17801"}],"wp:attachment":[{"href":"https:\/\/www2.memri.org\/espanol\/wp-json\/wp\/v2\/media?parent=17800"}],"wp:term":[{"taxonomy":"category","embeddable":true,"href":"https:\/\/www2.memri.org\/espanol\/wp-json\/wp\/v2\/categories?post=17800"},{"taxonomy":"post_tag","embeddable":true,"href":"https:\/\/www2.memri.org\/espanol\/wp-json\/wp\/v2\/tags?post=17800"}],"curies":[{"name":"wp","href":"https:\/\/api.w.org\/{rel}","templated":true}]}}