{"id":1775,"date":"2007-06-06T00:00:00","date_gmt":"2007-06-06T00:00:00","guid":{"rendered":"http:\/\/www2.memri.org\/espanol\/2007\/06\/06\/ex-guardaespaldas-de-osama-bin-laden-en-entrevista-en-al-arabiya-tv-lo-amo-mas-que-a-mi-propio-padre\/"},"modified":"2007-06-06T00:00:00","modified_gmt":"2007-06-06T00:00:00","slug":"ex-guardaespaldas-de-osama-bin-laden-en-entrevista-en-al-arabiya-tv-lo-amo-mas-que-a-mi-propio-padre","status":"publish","type":"post","link":"https:\/\/www2.memri.org\/espanol\/ex-guardaespaldas-de-osama-bin-laden-en-entrevista-en-al-arabiya-tv-lo-amo-mas-que-a-mi-propio-padre\/1775","title":{"rendered":"Ex guardaespaldas de Osama bin Laden en entrevista en Al-Arabiya Tv: Lo amo m\u00e1s que a m\u00ed propio padre"},"content":{"rendered":"<div class=\"bodytext c1\">\n<p><em>Lo siguiente son extractos de una entrevista con Nasser Al-Bahri, aka \u00abAbu Jandal\u00bb, ex guardaespaldas de Osama bin Laden, que fue presentada en Al-Arabiya Tv el 4 de mayo, 2007.<\/em><\/p>\n<p><em>Al-Bahri, qui\u00e9n naci\u00f3 en Jeddah, Arabia Saudita, fue arrestado en el 2001 en Yemen bajo sospecha de estar involucrado en el ataque al destructor americano USS Cole, y fue liberado despu\u00e9s de recibir amnist\u00eda del Presidente de Yemen Ali Abdallah Saleh.<\/em><\/p>\n<p><em>La entrevista es seguida por una entrevista el 3 de agosto, 2004 con Al-Bahri en el diario \u00e1rabe de Londres Al-Quds Al-Arabi. <a href=\"#_edn1\" name=\"_ednref1\"><u>[1]<\/u><\/a><\/em><\/p>\n<p><em>Para ver este segmento de video, por favor visite:http:\/\/www.memritv.org\/search.asp?ACT=S9&amp;P1=1462.<\/em><\/p>\n<p><strong>Entrevistador:<\/strong> \u00abC\u00f3mo se hizo usted el guardaespaldas de una persona tan importante, quien es buscado por todas las agencias de seguridad alrededor del mundo, despu\u00e9s de s\u00f3lo dos a\u00f1os de entrenamiento?\u00bb<\/p>\n<p><strong>Nasser Al-Bahri:<\/strong> \u00abLos guardaespaldas, especialmente aqu\u00e9llos que protegen al Jeque Osama bin Laden, se distingu\u00edan de los guardaespaldas que protegen a cualquier otra persona en el mundo en que estaban dispuestos a morir. Ning\u00fan otro guardaespaldas en la faz de este planeta tiene esta cualidad. Estos tipos son, de hecho, combatientes, no guardaespaldas. Ellos han venido a morir y no tienen ning\u00fan problema con esto\u00bb.<\/p>\n<p>[&#8230;]<\/p>\n<p>\u00abSaddam Hussein no estaba dispuesto a morir en los d\u00edas que preceden a su captura, pero Osama bin Laden nunca consider\u00f3 la posibilidad de que fuese capturado. El ser capturado ni siquiera era una opci\u00f3n\u00bb.<\/p>\n<p>Entrevistador: \u00abAun as\u00ed esto no ha sido clasificado como &#8216;suicidio&#8217;&#8230;\u00bb<\/p>\n<p><strong>Nasser Al-Bahri:<\/strong> \u00abNo, no ha sido\u00bb.<\/p>\n<p><strong>Entrevistador:<\/strong> \u00abC\u00f3mo lo clasific\u00f3 usted desde la perspectiva de la ley religiosa?\u00bb<\/p>\n<p><strong>Nasser Al-Bahri:<\/strong> \u00abComo martirio\u00bb.<\/p>\n<p>[&#8230;]<\/p>\n<p>\u00abYo recuerdo que una vez, estaba hablando conmigo, y le dije: Al\u00e1 no me har\u00e1 hacer esto\u00bb.<\/p>\n<p><strong>Entrevistador:<\/strong> \u00abQu\u00e9 dijo \u00e9l?\u00bb<\/p>\n<p><strong>Nasser Al-Bahri:<\/strong> \u00abDijo: &#8216;Si estamos sitiados &#8211; hazlo'\u00bb.<\/p>\n<p><strong>Entrevistador:<\/strong> \u00ab\u00c9l dio la orden de matarle, para que no fuese atrapado&#8230;\u00bb<\/p>\n<p><strong>Nasser Al-Bahri:<\/strong> \u00abYo recuerdo que \u00e9l dijo: &#8216;Prefiero que me disparen por la espalda los guardaespaldas que ser arrestado vivo por los americanos'\u00bb.<\/p>\n<p><strong>Entrevistador:<\/strong> \u00abPiensa usted que existe alguna coordinaci\u00f3n entre la organizaci\u00f3n [Al-Qaeda] e Ir\u00e1n?\u00bb<\/p>\n<p><strong>Nasser Al-Bahri:<\/strong> \u00abHay coordinaci\u00f3n sobre la base de intereses conjuntos\u00bb.<\/p>\n<p><strong>Entrevistador:<\/strong> \u00abDe qu\u00e9 manera?\u00bb<\/p>\n<p><strong>Nasser Al-Bahri:<\/strong> \u00abPor ejemplo, existe un enemigo com\u00fan, &#8211; los Estados Unidos &#8211; y los iran\u00edes, para su informaci\u00f3n, saben que el ataque [americano] es inevitable. Por consiguiente, tienen que tomar ventaja de todos aquellos disponibles en la escena, incluyendo a la organizaci\u00f3n Al-Qaeda\u00bb.<\/p>\n<p>Entrevistador: \u00abAs\u00ed que la manera en que usted lo ve, la organizaci\u00f3n Al-Qaeda puede cooperar con los iran\u00edes contra Am\u00e9rica?\u00bb<\/p>\n<p><strong>Nasser Al-Bahri:<\/strong> \u00abPueden cooperar con los iran\u00edes pero no operar\u00e1 bajo los iran\u00edes. Y no existe ning\u00fan problema respecto a la cooperaci\u00f3n\u00bb.<\/p>\n<p>[&#8230;]<\/p>\n<p>\u00abMe gustar\u00eda enfatizar aqu\u00ed, en Al-Arabiya Tv, que yo coloco al Jeque Osama al mismo nivel que mi padre, y lo amo quiz\u00e1s aun m\u00e1s que a mi padre\u00bb.<\/p>\n<p>[&#8230;]<\/p>\n<p><strong>Entrevistador:<\/strong> \u00abD\u00f3nde piensa usted que est\u00e1 todav\u00eda m\u00e1s activa la organizaci\u00f3n Al-Qaeda?\u00bb<\/p>\n<p><strong>Nasser Al-Bahri:<\/strong> \u00abEn Afganist\u00e1n\u00bb.<\/p>\n<p><strong>Entrevistador:<\/strong> \u00abEso es todo?\u00bb<\/p>\n<p><strong>Nasser Al-Bahri:<\/strong> \u00abYo s\u00e9 que est\u00e1 activa en Afganist\u00e1n. Lo que sucede en otras partes &#8211; en Irak, Somalia, o \u00c1frica del Norte &#8211; es que los grupos isl\u00e1micos, y especialmente aquellos <em>mujahideen<\/em> que portan armas, se han embarcado en un plan para unir sus esfuerzos. Usted ha comenzado a escuchar sobre la &#8216;Organizaci\u00f3n Al-Qaeda en \u00c1frica del Norte&#8217;. \u00bfCu\u00e1l es la historia de esta organizaci\u00f3n? \u00c9stos son grupos antiguos, algunos de los cuales pueden ser m\u00e1s antiguos que la propia Al-Qaeda\u00bb.<\/p>\n<p>[&#8230;]<\/p>\n<p>\u00abEl Jeque Osama sol\u00eda decir: &#8216;Mis hijos, no podemos continuar llevando nuestro alto perfil y las costosas operaciones de esta manera, porque cada vez que golpeamos un objetivo expuesto, cerrar\u00e1n otro. Debemos tratar de golpearlos para atraerlos al campo de batalla&#8217;. \u00c9l ha tenido \u00e9xito en hacerlo. Ahora el toro ha comenzado a gritar [por ayuda] en Afganist\u00e1n\u00bb.<\/p>\n<p><strong>Entrevistador:<\/strong> \u00abPero no piensa usted que se han abierto nuevos frentes en el mundo \u00e1rabe?\u00bb<\/p>\n<p><strong>Nasser Al-Bahri:<\/strong> \u00abEso es debido a la estupidez del toro. Cuando el toro golpe\u00f3 su cabeza en Afganist\u00e1n&#8230;\u00bb<\/p>\n<p><strong>Entrevistador:<\/strong> \u00abCual toro?\u00bb<\/p>\n<p><strong>Nasser Al-Bahri:<\/strong> \u00abEl toro americano, el entupido vaquero americano que ha comenzado a dar puntapi\u00e9s por todas partes. Ataca en Bagdad, ataca en Somalia, y atacar\u00e1 en todas partes\u00bb.<\/p>\n<p>20 de agosto, 2004<\/p>\n<p><strong>Las actividades de Al-Bahri en Al-Qaeda<\/strong><\/p>\n<p>\u00abYo me un\u00ed a la organizaci\u00f3n Al-Qaeda al finales de 1996 despu\u00e9s de regresar de un viaje a Tajikistan&hellip; Mi primera visita a Afganist\u00e1n tuvo lugar a finales del verano en 1996, y desde entonces sal\u00ed de Afganist\u00e1n tres veces. La primera vez que sal\u00ed fue para contraer matrimonio. La segunda vez fui a Yemen a reorganizar y finalizar los arreglos para la boda del Jeque Osama bin Laden [con una mujer yemenita]. Mi tercero y \u00faltimo viaje fue hace aproximadamente dos meses y medio antes del ataque contra el Cole. Yo estaba a cargo de proteger al Jeque Osama bin Laden y serv\u00ed durante alg\u00fan tiempo como su guardaespaldas personal\u00bb.<\/p>\n<p><strong>El ataque al Cole y al s\u00faper tanquero franc\u00e9s Limburg<\/strong><\/p>\n<p>\u00abUna vigilia fue establecida en el destructor [<em>Cole<\/em>] durante alg\u00fan tiempo, durante el cual la informaci\u00f3n del tiempo fue recogida por los &#8216;Comit\u00e9s para la Recolecci\u00f3n de Inteligencia&#8217;. S\u00f3lo dos personas trabajaron en esto, ni m\u00e1s ni menos. Los alegatos de que el Mossad fue responsable [por el ataque al Cole] son tonter\u00edas, y es un esfuerzo por lanzar dudas sobre la habilidad de los musulmanes en hacer algo de esta clase. Aquellos que llevaron a cabo la operaci\u00f3n eran j\u00f3venes muy conocidos de entre las l\u00edneas de nuestros hermanos los <em>Mujahideen<\/em> &#8211; pueda Al\u00e1 tener misericordia en ellos&hellip; Hassan Al-Khamri del distrito Shuba, originario de Al-Ta&#8217;if en Arabia Saudita, y Ibrahim Al-Thur, de San&#8217;aa, tambi\u00e9n originario de Al-Ta&#8217;if\u00bb.<\/p>\n<p>En respuesta a la pregunta del por qu\u00e9 el destructor fue escogido como blanco, Al-Bahri dijo: \u00abHubo muchas razones: [Quisimos] da\u00f1ar la reputaci\u00f3n de los Estados Unidos en el campo naval, para levantar la moral de los musulmanes, y demostrarle a la naci\u00f3n isl\u00e1mica que sus hijos son capaces de golpear a los enemigos de la naci\u00f3n dondequiera que se encuentren, por mar, aire, y por tierra&hellip; 71 pa\u00edses isl\u00e1micos son incapaces de decirle &#8216;no&#8217; a los Estados Unidos, pero como individuos podemos decir &#8216;no&#8217; a ella&hellip; La opci\u00f3n del mejor destructor en la armada americana y el mejor producto del ej\u00e9rcito americano fue un golpe dif\u00edcil para los Estados Unidos, [lo cual demuestra que] somos capaces de golpearlos siempre que lo veamos conveniente y de cualquier manera que lo veamos conveniente\u00bb.<\/p>\n<p>En el ataque al s\u00faper tanquero franc\u00e9s <em>Limburg<\/em> fuera de las costas de Al-Mukalla, dijo: \u00abEso fue el resultado de un error de ambos lados. [Fue] en venganza por la matanza de Yahya Majly, <a href=\"#_edn2\" name=\"_ednref2\">[2]<\/a> qui\u00e9n fue muerto en la ciudad de San&#8217;aa por fuerzas del gobierno [yemenita]. La respuesta fue apresurada e irracional, con graves consecuencias ambas para el gobierno yemenita y para el pueblo yemenita.<\/p>\n<p><strong>Actividades de Al-Qaeda en Yemen<\/strong><\/p>\n<p>\u00abEn la actualidad uno pudiera decir que Al-Qaeda no existe en Yemen como organizaci\u00f3n, y que existen s\u00f3lo individuos que creen en las ideas de Al-Qaeda. [Las actividades de] la organizaci\u00f3n [en Yemen] finalizaron cuando el Jeque Abu Ali Al-Harithi, comandante de la organizaci\u00f3n en Yemen, fue martirizado&hellip; Hay muchos en Yemen que pertenecen a la organizaci\u00f3n en t\u00e9rminos a sus simpat\u00edas pero no pertenecen a esta en los niveles ideol\u00f3gicos, organizacionales, y administrativos, y no est\u00e1n en lista [en la organizaci\u00f3n]&hellip; pero nosotros no tenemos paz con el pa\u00eds [Yemen].<\/p>\n<p>\u00abEstos j\u00f3venes no tienen ning\u00fan liderazgo&hellip; Aqu\u00e9llos que llevan a cabo las operaciones no son necesariamente miembros de Al-Qaeda. La gente sin una conexi\u00f3n organizacional a Al-Qaeda es absolutamente capaz de llevar a cabo operaciones como, por ejemplo, la operaci\u00f3n de asesinato contra los misioneros americanos en Jablah, o el asesinato de Jar Allah Omar en la Convenci\u00f3n de Reformas.<\/p>\n<p>\u00c9l agreg\u00f3: \u00abPuedo decirle que el 95% de los miembros de Al-Qaeda son yemenitas&hellip; incluyendo al l\u00edder de la organizaci\u00f3n Al-Qaeda, cuyos or\u00edgenes son de Yemen. Sus guardaespaldas son yemenitas, los instructores en los campos son yemenitas, los l\u00edderes del frente son yemenitas, y todas las operaciones contra Am\u00e9rica fueron coordinadas con los miembros yemenita de la organizaci\u00f3n\u00bb.<\/p>\n<p><strong>Actividades de Al-Qaeda en Irak y Abu Mus&#8217;ab Al-Zarqawi<\/strong><\/p>\n<p>\u00abUn n\u00famero grande de operarios de Al-Qaeda han entrado en Irak y est\u00e1n combatiendo actualmente en las l\u00edneas de la resistencia iraqu\u00ed&hellip; El problema es que hoy d\u00eda Al-Qaeda no es una organizaci\u00f3n en el verdadero sentido de la palabra sino s\u00f3lo una idea que se ha convertido en fe.<\/p>\n<p>\u00abMuchos entre la juventud han comenzado a creer en los puntos de vista y creencias de Al-Qaeda respecto a la lucha contra Am\u00e9rica. Abu Mus&#8217;ab Al-Zarqawi estaba en Afganist\u00e1n y en Kabul. \u00c9l se reuni\u00f3 con Osama bin Laden innumerables veces, pero yo no creo que \u00e9l es el No. 1 en la organizaci\u00f3n Al-Qaeda, ya que Al-Qaeda tiene l\u00edderes iraqu\u00edes presentes en suelo iraqu\u00ed y no necesitan de Al-Zarqawi\u00bb.<\/p>\n<p><strong>El terrorismo ataca en Arabia Saudita y en Abd Al-Aziz Al-Muqrin &#8211; El gobierno saudita apoy\u00f3 en principio el Jihad<\/strong><\/p>\n<p>En respuesta a la pregunta de si Al-Qaeda estuvo involucrada en los ataques en Arabia Saudita, Al-Bahri dijo: \u00abSobre la base de mi conocimiento personal con algunos de los l\u00edderes de [Al-Qaeda] y con algunos de aqu\u00e9llos que llevan a cabo las operaciones de martirio en Arabia Saudita, puedo decir que ellos [el \u00faltimo] son operarios de Al-Qaeda. Pero uno debe preguntar: \u00bfQu\u00e9 causa que estos j\u00f3venes tomen las armas y cometan atentados en suelo saudita?<\/p>\n<p>\u00abYo pienso que son las pol\u00edticas entupidas del gobierno saudita respecto a esta gente. Aqu\u00e9llos que volaron las instalaciones Al-Muhaya hablaron en sus mensajes grabados en los portales sobre el hecho de que fueron al jihad con el permiso y sanci\u00f3n del estado y con el est\u00edmulo del Jeque Sa&#8217;d Al-Bureik, el Jeque &#8216;A&#8217;idh Al-Qarni, y el Jeque Salman Al-Odeh, as\u00ed como tambi\u00e9n muchos otros que incitaron entre estos j\u00f3venes. Sin embargo, cuando la lucha contra el gobierno empez\u00f3, los j\u00f3venes estaban sorprendidos de encontrar que los mismos jeques que les hab\u00edan insistido en el pasado ahora los repudian. No s\u00f3lo eso, sino gente como el Jeque Sa&#8217;d Al-Bureik y el Jeque &#8216;Ai&#8217;dh Al-Qarni han incluso comenzado a atacar a estos j\u00f3venes, a pesar del hecho que sus acciones fueron el resultado l\u00f3gico de sus propias conferencias, sermones, [y] lecciones&hellip;<\/p>\n<p>\u00abLas operaciones en Arabia Saudita fueron reacciones [contra el gobierno saudita]. El caso de Abd Allah Al-Ma&#8217;badi, a quien conozco personalmente, es un buen ejemplo. No s\u00f3lo estaba \u00e9l opuesto a la idea de [perpetrar] operaciones en Arabia Saudita, \u00e9l incluso estaba en contra de cualquier operaci\u00f3n que perjudicara a Arabia Saudita. \u00bfC\u00f3mo, entonces, termin\u00f3 \u00e9l llevando a cabo una operaci\u00f3n en Arabia Saudita? Abd Al-Aziz Al-Muqrin tambi\u00e9n se opuso totalmente a la idea [de operaciones en Arabia Saudita]. Lo que caus\u00f3 que llevara a cabo tal ataque fue el hecho que [miembros del] Departamento de Investigaciones Criminales [sauditas] irrumpi\u00f3 en el hogar de Abd Allah Al-Ma&#8217;badi [donde Al-Muqrin se estaba hospedando para el momento]; golpearon a la madre de Al-Muqrin y le quebraron la mano a su hermano, e irrumpieron en la alcoba de su hermana. Qu\u00e9 puede uno esperar de un tipo que estuvo en encierro solitario durante un a\u00f1o y cinco meses sin ninguna raz\u00f3n otra de que fue a [emprender] el jihad?\u00bb<\/p>\n<p>Seg\u00fan Al-Bahri, las operaciones armadas contra Arabia Saudita continuar\u00e1n \u00abmientras Arabia Saudita contin\u00fae en sus pol\u00edticas que est\u00e1n dise\u00f1adas a apaciguar a los Estados Unidos\u00bb.<\/p>\n<p><strong>El no poder capturar a Osama bin Laden<\/strong><\/p>\n<p>En respuesta a la pregunta, \u00abPor qu\u00e9 Am\u00e9rica es incapaz de capturar a Osama bin Laden, considerando que pudo arrestar a Saddam Hussein en un corto lapso despu\u00e9s de la guerra en Irak?\u00bb Al-Bahri contest\u00f3, \u00abMucha gente clama que Osama bin Laden no ha sido arrestado todav\u00eda porque es un agente [de los Estados Unidos]. Pero nosotros decimos que la comparaci\u00f3n entre Osama bin Laden y Saddam Hussein no es una comparaci\u00f3n acorde, ya que Saddam tiene algunos cap\u00edtulos oscuros en su conducta pasada hacia su pueblo &#8211; s\u00f3lo observe la matanza de los kurdos en Halabja, la masacre de chi&#8217;itas al sur [de Irak], la violaci\u00f3n de mujeres iraqu\u00edes, la anarqu\u00eda, el despotismo, y la esclavitud del pueblo iraqu\u00ed. [Todos estos factores] caus\u00f3 que fuese odiado, y eso hizo su arresto m\u00e1s f\u00e1cil. Pero Osama bin Laden, dondequiera que usted vaya de una esquina del mundo a otra&#8230; es popular y bien recibido\u00bb.<\/p>\n<p><strong>La meta de Al-Qaeda<\/strong><\/p>\n<p>\u00abLa meta de la organizaci\u00f3n Al-Qaeda desde su comienzo es sembrar el conflicto entre los Estados Unidos y el mundo isl\u00e1mico. Yo recuerdo que el Jeque Osama bin Laden sol\u00eda decir que nosotros no podemos, como organizaci\u00f3n, continuar con operaciones de calidad, <a href=\"#_edn3\" name=\"_ednref3\">[3]<\/a> sino m\u00e1s bien, debemos aspirar a llevar a cabo operaciones que arrastrar\u00e1n a los Estados Unidos a una confrontaci\u00f3n regional con los pueblos isl\u00e1micos.<\/p>\n<\/p>\n<\/div>\n<hr noshade=\"noshade\" \/><!-- footnotes --><\/p>\n<div class=\"bodynews c2\">\n<p><a href=\"#_ednref1\" name=\"_edn1\">[1]<\/a> MEMRI Despacho Especial No. 767, \u00abEntrevista con el ex guardaespaldas de Osama bin Laden\u00bb, 20 de agosto del 2004, <a href=\"http:\/\/www2.memri.org\/bin\/espanol\/articulos.cgi?Page=archives&amp;Area=sd&amp;ID=SP76704\">http:\/\/www2.memri.org\/bin\/espanol\/articulos.cgi?Page=archives&amp;Area=sd&amp;ID=SP76704<\/a>.<\/p>\n<p><a href=\"#_ednref2\" name=\"_edn2\">[2]<\/a> Este nombre est\u00e1 traducido literalmente &#8211; es quiz\u00e1s \u00abMajally\u00bb.<\/p>\n<p><a href=\"#_ednref3\" name=\"_edn3\">[3]<\/a> \u00abOperaci\u00f3n de calidad\u00bb es un t\u00e9rmino est\u00e1ndar entre islamistas para un ataque a gran escala en un blanco de importancia estrat\u00e9gico que cause un n\u00famero grande de bajas.<\/p>\n<\/div>\n","protected":false},"excerpt":{"rendered":"<p>Lo siguiente son extractos de una entrevista con Nasser Al-Bahri, aka \u00abAbu Jandal\u00bb, ex guardaespaldas de Osama bin Laden, que fue presentada en Al-Arabiya Tv el 4 de mayo, 2007. Al-Bahri, qui\u00e9n naci\u00f3 en Jeddah, Arabia Saudita, fue arrestado en el 2001 en Yemen bajo sospecha de estar involucrado en el ataque al destructor americano [&hellip;]<\/p>\n","protected":false},"author":1,"featured_media":0,"comment_status":"open","ping_status":"open","sticky":false,"template":"","format":"standard","meta":{"footnotes":""},"categories":[10,6],"tags":[],"class_list":["post-1775","post","type-post","status-publish","format-standard","hentry","category-estudios-sobre-terrorismo-y-yihad","category-comunicados-especiales"],"_links":{"self":[{"href":"https:\/\/www2.memri.org\/espanol\/wp-json\/wp\/v2\/posts\/1775","targetHints":{"allow":["GET"]}}],"collection":[{"href":"https:\/\/www2.memri.org\/espanol\/wp-json\/wp\/v2\/posts"}],"about":[{"href":"https:\/\/www2.memri.org\/espanol\/wp-json\/wp\/v2\/types\/post"}],"author":[{"embeddable":true,"href":"https:\/\/www2.memri.org\/espanol\/wp-json\/wp\/v2\/users\/1"}],"replies":[{"embeddable":true,"href":"https:\/\/www2.memri.org\/espanol\/wp-json\/wp\/v2\/comments?post=1775"}],"version-history":[{"count":0,"href":"https:\/\/www2.memri.org\/espanol\/wp-json\/wp\/v2\/posts\/1775\/revisions"}],"wp:attachment":[{"href":"https:\/\/www2.memri.org\/espanol\/wp-json\/wp\/v2\/media?parent=1775"}],"wp:term":[{"taxonomy":"category","embeddable":true,"href":"https:\/\/www2.memri.org\/espanol\/wp-json\/wp\/v2\/categories?post=1775"},{"taxonomy":"post_tag","embeddable":true,"href":"https:\/\/www2.memri.org\/espanol\/wp-json\/wp\/v2\/tags?post=1775"}],"curies":[{"name":"wp","href":"https:\/\/api.w.org\/{rel}","templated":true}]}}