{"id":17714,"date":"2016-02-12T23:27:25","date_gmt":"2016-02-12T23:27:25","guid":{"rendered":"http:\/\/www2.memri.org\/espanol\/?p=17714"},"modified":"2016-02-15T23:29:33","modified_gmt":"2016-02-15T23:29:33","slug":"articulo-en-diario-islamista-radical-turco-pro-gobierno-akp-los-gorilas-y-chimpances-estan-maldecidos-y-son-judios-mutados","status":"publish","type":"post","link":"https:\/\/www2.memri.org\/espanol\/articulo-en-diario-islamista-radical-turco-pro-gobierno-akp-los-gorilas-y-chimpances-estan-maldecidos-y-son-judios-mutados\/17714","title":{"rendered":"Art\u00edculo en diario islamista radical turco pro-gobierno AKP: Los gorilas y chimpanc\u00e9s est\u00e1n maldecidos y son jud\u00edos mutados"},"content":{"rendered":"<p><i>En su columna el 31 de enero, 2016 en el diario islamista radical pro-gobierno AKP Vahdet, el periodista Seyfi Sahin escribi\u00f3 que la teor\u00eda de la evoluci\u00f3n \u00abdel jud\u00edo\u00bb Darwin contradice la palabra de Al\u00e1 en el Cor\u00e1n. Afirmando ser m\u00e9dico, Sahin argument\u00f3 que los humanos no evolucionaron de los monos, sino m\u00e1s bien que los monos evolucionaron a partir de los pervertidos jud\u00edos a quienes Al\u00e1 maldijo y castig\u00f3. <a href=\"http:\/\/www2.memri.org\/bin\/espanol\/ultimasnoticias.cgi?ID=SD630316#_edn1\" name=\"_ednref1\">[1]<\/a> La columna fue muy criticada por los medios de oposici\u00f3n independientes de Turqu\u00eda.<\/i><\/p>\n<p><img loading=\"lazy\" decoding=\"async\" class=\"alignnone size-full wp-image-17715\" src=\"http:\/\/www2.memri.org\/espanol\/wp-content\/uploads\/2016\/02\/26730.jpg\" width=\"257\" height=\"252\" alt=\"\" srcset=\"https:\/\/www2.memri.org\/espanol\/wp-content\/uploads\/2016\/02\/26730.jpg 257w, https:\/\/www2.memri.org\/espanol\/wp-content\/uploads\/2016\/02\/26730-32x32.jpg 32w, https:\/\/www2.memri.org\/espanol\/wp-content\/uploads\/2016\/02\/26730-64x64.jpg 64w\" sizes=\"auto, (max-width: 257px) 100vw, 257px\" \/><\/p>\n<p><i>Sahin. Vahdet 31 de enero de 2016.<\/i><\/p>\n<p><i>Lo siguiente son extractos del art\u00edculo de Sahin, titulado \u00abLos Monos Evolucionaron de los Seres Humanos\u00bb. <a href=\"http:\/\/www2.memri.org\/bin\/espanol\/ultimasnoticias.cgi?ID=SD630316#_edn2\" name=\"_ednref2\">[2]<\/a><\/i><\/p>\n<p><b>\u00abLas anomal\u00edas cromos\u00f3micas\u00bb en los monos \u00abnunca han dado lugar al nacimiento de los seres humanos o de monos que se asemejen a seres humanos\u00bb<\/b><\/p>\n<p>\u00abLos monos son animales que se asemejan a los seres humanos. Los seres humanos poseen 46 cromosomas y los monos 48. Dado que estos cromosomas son similares en estructura, estas especies pueden trasladarse de uno al otro. Cuando nosotros, los m\u00e9dicos, examinamos las anomal\u00edas en los cromosomas, encontramos que las anomal\u00edas cromos\u00f3micas humanas conducen al nacimiento de seres humanos similares a los monos, tal como en los casos de microcefalia, en el que los reci\u00e9n nacidos se asemejan a los monos en forma, inteligencia, comportamiento y vida social. Tales [seres humanos deformes] deben ser mantenidos bajo un estricto control. El n\u00famero de tales casos no es insignificante.<\/p>\n<p>\u00abEn los monos tambi\u00e9n existen anomal\u00edas cromos\u00f3micas, pero \u00e9stas nunca han dado lugar al nacimiento de seres humanos o a monos que se asemejen a los seres humanos. Entendemos por esto que los seres humanos no se generan de los monos, pero que los monos provienen de los seres humanos. Existen muchos factores en la creaci\u00f3n de este tipo de anomal\u00edas, entre ellas las divinas, ambientales y qu\u00edmicas\u00bb.<\/p>\n<p><b>&#8216;Aquellos entre ustedes que violaron las prohibiciones del s\u00e1bado [Sabbat]&#8230; se convertir\u00e1n en monos miserables [Cor\u00e1n 5:60]&#8217;<\/b><\/p>\n<p>\u00abNuestro Al\u00e1, el Creador del Universo, tambi\u00e9n confirm\u00f3 estas verdades. &#8216;Ustedes saben que entre ustedes violaron las prohibiciones del s\u00e1bado [Sabbat]. Para ellos se es dicho que se convertir\u00e1n en miserables simios [Cor\u00e1n 2:65]&#8217;.<\/p>\n<p>\u00abTambi\u00e9n:\u00bb A quien Al\u00e1 ha maldecido y castigado y a los que \u00c9l convirti\u00f3 en simios, cerdos y adoradores de Satan\u00e1s, ocupan el peor lugar [ante Sus ojos] y son pervertidos que se han desviado de su camino [Cor\u00e1n 5:60]&#8217;.<\/p>\n<p>\u00ab&#8216;Y cuando se volvieron arrogantes y no cambiaron sus maneras de ser, se les dijo que se convertir\u00edan en bajos y despreciables simios [Cor\u00e1n 7: 166]&#8217;.<\/p>\n<p>\u00abLos versos del [Cor\u00e1n] arriba nos muestran que los monos provinieron de los seres humanos. Al\u00e1 siempre dice la verdad\u00bb.<\/p>\n<p><b>La teor\u00eda de la evoluci\u00f3n es \u00abuna opini\u00f3n\u00bb de \u00abun jud\u00edo llamado Darwin\u00bb; \u00abLos gorilas y chimpanc\u00e9s que viven hoy d\u00eda en los bosques del norte de \u00c1frica son jud\u00edos maldecidos\u00bb<\/b><\/p>\n<p>\u00abLa teor\u00eda de la evoluci\u00f3n fue presentada por un jud\u00edo llamado Darwin. Por lo tanto, es una opini\u00f3n. El objetivo de esta teor\u00eda es hacer que los no-jud\u00edos se aparten de su religi\u00f3n, perjudicar su fe y hacer que sospechen de su religi\u00f3n. Darwin, siendo jud\u00edo, crey\u00f3, vivi\u00f3 y fue enterrado de acuerdo a su religi\u00f3n. Sus verdaderos objetivos eran los musulmanes. Lo m\u00e1s probable es que Darwin supo sobre estos versos cor\u00e1nicos. En el sagrado Cor\u00e1n, Al\u00e1 le respondi\u00f3 muy bien a estos pervertidos.<\/p>\n<p>\u00abJud\u00edos, quienes est\u00e1n muy bien organizados en las instituciones financieras y cient\u00edficas del mundo, son tan poderosos que aterrorizan al mundo de la ciencia. A trav\u00e9s de la propaganda y a trav\u00e9s de reiterar esta tonter\u00eda, estos han lavado cerebros y han impuesto esta opini\u00f3n como regla general y han vendido este enga\u00f1o como una realidad cient\u00edfica. Incluso algunos te\u00f3logos ignorantes se han cre\u00eddo la propaganda de esta teor\u00eda&#8230;<\/p>\n<p>\u00abYo creo que los gorilas y chimpanc\u00e9s que viven hoy en los bosques del norte de \u00c1frica son los jud\u00edos maldecidos. Son seres humanos pervertidos que han mutado. Este pensamiento es mucho m\u00e1s fuerte y cient\u00edfico que la teor\u00eda de Darwin. Pero nosotros como musulmanes, que creemos esto, no tenemos bancos, dinero o una organizaci\u00f3n dentro del mundo de la ciencia [tal como los jud\u00edos la tienen]. Tampoco tenemos medios de propaganda, a fin de gritar esta verdad. Pero tenemos nuestro intelecto, tenemos nuestra fe y tenemos a nuestro Al\u00e1. Alhamdullillah [con la gracia de Al\u00e1]\u00bb.<\/p>\n<hr align=\"left\" size=\"1\" width=\"33%\" \/>\n<p><a href=\"http:\/\/www2.memri.org\/bin\/espanol\/ultimasnoticias.cgi?ID=SD630316#_ednref1\" name=\"_edn1\">[1]<\/a> Para m\u00e1s informaci\u00f3n sobre este tema v\u00e9ase Informe Especial No. 11 de MEMRI, Basado en los versos del Cor\u00e1n, interpretaciones y tradiciones, los cl\u00e9rigos musulmanes declaran: Los jud\u00edos son descendientes de los monos, cerdos y otros animales, 1 de noviembre, 2002.<\/p>\n<p><a href=\"http:\/\/www2.memri.org\/bin\/espanol\/ultimasnoticias.cgi?ID=SD630316#_ednref2\" name=\"_edn2\">[2]<\/a> <i>Vahdet<\/i> 31 de enero, 2016.<\/p>\n","protected":false},"excerpt":{"rendered":"<p>En su columna el 31 de enero, 2016 en el diario islamista radical pro-gobierno AKP Vahdet, el periodista Seyfi Sahin escribi\u00f3 que la teor\u00eda de la evoluci\u00f3n \u00abdel jud\u00edo\u00bb Darwin contradice la palabra de Al\u00e1 en el Cor\u00e1n. Afirmando ser m\u00e9dico, Sahin argument\u00f3 que los humanos no evolucionaron de los monos, sino m\u00e1s bien que [&hellip;]<\/p>\n","protected":false},"author":1,"featured_media":17715,"comment_status":"open","ping_status":"open","sticky":false,"template":"","format":"standard","meta":{"footnotes":""},"categories":[4,6,9,16],"tags":[],"class_list":["post-17714","post","type-post","status-publish","format-standard","has-post-thumbnail","hentry","category-archivos","category-comunicados-especiales","category-temas","category-proyecto-documental-sobre-antisemitismo"],"_links":{"self":[{"href":"https:\/\/www2.memri.org\/espanol\/wp-json\/wp\/v2\/posts\/17714","targetHints":{"allow":["GET"]}}],"collection":[{"href":"https:\/\/www2.memri.org\/espanol\/wp-json\/wp\/v2\/posts"}],"about":[{"href":"https:\/\/www2.memri.org\/espanol\/wp-json\/wp\/v2\/types\/post"}],"author":[{"embeddable":true,"href":"https:\/\/www2.memri.org\/espanol\/wp-json\/wp\/v2\/users\/1"}],"replies":[{"embeddable":true,"href":"https:\/\/www2.memri.org\/espanol\/wp-json\/wp\/v2\/comments?post=17714"}],"version-history":[{"count":0,"href":"https:\/\/www2.memri.org\/espanol\/wp-json\/wp\/v2\/posts\/17714\/revisions"}],"wp:featuredmedia":[{"embeddable":true,"href":"https:\/\/www2.memri.org\/espanol\/wp-json\/wp\/v2\/media\/17715"}],"wp:attachment":[{"href":"https:\/\/www2.memri.org\/espanol\/wp-json\/wp\/v2\/media?parent=17714"}],"wp:term":[{"taxonomy":"category","embeddable":true,"href":"https:\/\/www2.memri.org\/espanol\/wp-json\/wp\/v2\/categories?post=17714"},{"taxonomy":"post_tag","embeddable":true,"href":"https:\/\/www2.memri.org\/espanol\/wp-json\/wp\/v2\/tags?post=17714"}],"curies":[{"name":"wp","href":"https:\/\/api.w.org\/{rel}","templated":true}]}}