{"id":1691,"date":"2007-04-18T00:00:00","date_gmt":"2007-04-18T00:00:00","guid":{"rendered":"http:\/\/www2.memri.org\/espanol\/2007\/04\/18\/el-presidente-de-la-provincia-del-kurdistan-iraqui-masoud-al-barazani-advierte-a-turquia-a-que-no-interfiera-sobre-kirkuk-declara-apoyo-los-derechos-del-pueblo-palestino-pero-estoy-en-contra-de\/"},"modified":"2007-04-18T00:00:00","modified_gmt":"2007-04-18T00:00:00","slug":"el-presidente-de-la-provincia-del-kurdistan-iraqui-masoud-al-barazani-advierte-a-turquia-a-que-no-interfiera-sobre-kirkuk-declara-apoyo-los-derechos-del-pueblo-palestino-pero-estoy-en-contra-de","status":"publish","type":"post","link":"https:\/\/www2.memri.org\/espanol\/el-presidente-de-la-provincia-del-kurdistan-iraqui-masoud-al-barazani-advierte-a-turquia-a-que-no-interfiera-sobre-kirkuk-declara-apoyo-los-derechos-del-pueblo-palestino-pero-estoy-en-contra-de\/1691","title":{"rendered":"El Presidente de la provincia del Kurdist\u00e1n iraqu\u00ed Mas&#8217;oud Al-Barazani advierte a Turqu\u00eda a que no interfiera sobre Kirkuk, declara: Apoyo los derechos del pueblo palestino, pero&#8230; estoy en contra de arrojar a Israel al mar"},"content":{"rendered":"<div class=\"bodytext c1\">\n<p><em>Lo siguiente son extractos de una entrevista con Mas&#8217;oud Al-Barazani, presidente de la provincia del Kurdist\u00e1n iraqu\u00ed, que fue puesta al aire en Al-Arabiya Tv el 6 de abril, 2007.<\/em><\/p>\n<p><em>PARA VER ESTE SEGMENTO DE VIDEO:<\/em> <em><a href=\"http:\/\/www.memritv.org\/search.asp?ACT=S9&amp;P1=1423\">http:\/\/www.memritv.org\/search.asp?ACT=S9&amp;P1=1423<\/a><\/em><\/p>\n<p><strong>La meta kurda \u00abdeber\u00eda ser realizada, pero sin acudir a la violencia\u00bb<\/strong><\/p>\n<p><strong>Mas&#8217;oud Al-Barazani:<\/strong> \u00abSi hablamos sobre la causa kurda en general &#8211; como la causa de una naci\u00f3n &#8211; hay todav\u00eda definitivamente un largo camino por delante de nosotros\u00bb.<\/p>\n<p><strong>Entrevistador:<\/strong> \u00abEntonces esto s\u00f3lo ser\u00e1 completado con la declaraci\u00f3n de un estado?\u00bb<\/p>\n<p><strong>Mas&#8217;oud Al-Barazani:<\/strong> \u00ab\u00c9ste es el derecho leg\u00edtimo de la naci\u00f3n kurda. Esta meta debe ser realizada, pero sin acudir a la violencia. Yo no apoyo el uso de la violencia\u00bb.<\/p>\n<p><strong>Entrevistador:<\/strong> \u00abY si otros recurren a la violencia?\u00bb<\/p>\n<p><strong>Mas&#8217;oud Al-Barazani:<\/strong> \u00abEn este caso, la autodefensa es un derecho leg\u00edtimo. Yo fomento el di\u00e1logo, establezco lazos, y les explico la causa a otros. Apoyo este tipo de lucha democr\u00e1tica y pac\u00edfica, no a trav\u00e9s de la violencia, sino si somos atacados, ciertamente&#8230;\u00bb<\/p>\n<p><strong>Entrevistador:<\/strong> \u00abUsted combatir\u00e1?\u00bb<\/p>\n<p><strong>Mas&#8217;oud Al-Barazani:<\/strong> \u00abNos defenderemos\u00bb.<\/p>\n<p><strong>Entrevistador:<\/strong> \u00abDespu\u00e9s de 15 o 17 a\u00f1os de estabilidad, los kurdos son todav\u00eda capaces de luchar, o han perdido este &#8216;don?'\u00bb<\/p>\n<p><strong>Mas&#8217;oud Al-Barazani:<\/strong> \u00abHermano, los kurdos nunca han escogido combatir. Siempre se les ha impuesto. Los kurdos nunca han iniciado la lucha. Siempre estuvieron a la defensiva. Yo creo que los kurdos continuar\u00e1n preparados para defenderse. Pero piensan ellos atacar o renovar la lucha? Esto nunca ha sido, y nunca ser\u00e1, la naturaleza de los kurdos.<\/p>\n<p><strong>\u00abLos j\u00f3venes [kurdos]&#8230; Usando ropa europea &#8216;Effendi&#8217; se convertir\u00e1n indudablemente en valientes combatientes si su pa\u00eds fuese atacado\u00bb<\/strong><\/p>\n<p><strong>Entrevistador:<\/strong> \u00abTodos los trajes que ustedes ven en los hombres de negocios de la nueva generaci\u00f3n&#8230; con toda honestidad, pueden convertirse, en un instante, si, Dios lo proh\u00edba, Kurdist\u00e1n es atacado&#8230; Se convertir\u00e1n ellos en combatientes y Peshmerga, se quitaran sus trajes, y se convertir\u00e1n en combatientes en el frente?\u00bb<\/p>\n<p><strong>Mas&#8217;oud Al-Barazani:<\/strong> \u00abMuchos de los j\u00f3venes que usted ve llevan puesta ropa europea &#8216;effendi&#8217; se convertir\u00e1n indudablemente en valientes combatientes si su pa\u00eds fuese atacado\u00bb.<\/p>\n<p><strong>Entrevistador:<\/strong> \u00abEstos j\u00f3venes se convertir\u00e1n en combatientes, sin importar qui\u00e9n los est\u00e1 atacando?\u00bb<\/p>\n<p><strong>Mas&#8217;oud Al-Barazani:<\/strong> \u00abAbsolutamente\u00bb.<\/p>\n<p><strong>Entrevistador:<\/strong> \u00abEsta usted convencido de esto?\u00bb<\/p>\n<p><strong>Mas&#8217;oud Al-Barazani:<\/strong> \u00abEstoy convencido de que muchos de ellos lo har\u00e1n, no estoy diciendo que todos lo har\u00e1n\u00bb.<\/p>\n<p><strong>Entrevistador:<\/strong> \u00abPero usted est\u00e1 seguro que si los kurdos fuesen atacados, luchar\u00edan tal como lo hicieron en el pasado, y que no debemos enga\u00f1arnos por todo lo que vemos?\u00bb<\/p>\n<p><strong>Mas&#8217;oud Al-Barazani:<\/strong> \u00abPor supuesto\u00bb.<\/p>\n<p><strong>Los kurdos \u00abson la raz\u00f3n principal por el cual Irak est\u00e1 unido\u00bb<\/strong><\/p>\n<p><strong>Entrevistador:<\/strong> \u00abUsted est\u00e1 diciendo que el verdadero sue\u00f1o de un estado kurdo no se ha realizado, pero cada vez que llego a Kurdist\u00e1n, lo que veo es un estado independiente. Todo lo que a usted le falta es la declaraci\u00f3n de un estado. Ustedes tienen un parlamento, un gobierno, un presidente de la provincia &#8211; usted mismo. Tienen al Peshmerga, un ej\u00e9rcito, un cuerpo policial. Tienen su propio idioma, su propia cultura, su propia nacionalidad, y as\u00ed sucesivamente. Parece ser una maniobra pol\u00edtica de su parte, el seguir diciendo que usted est\u00e1 protegiendo a Irak, mientras de hecho, lo que usted tiene es un estado casi completo. Tiene aeropuertos internacionales&#8230; Es esto una maniobra pol\u00edtica &#8211; para abstenerse de declarar el estado, y as\u00ed evitar lanzar a los vecinos en una confusi\u00f3n y causarles problemas, mientras de hecho, ya existe un estado?\u00bb<\/p>\n<p><strong>Mas&#8217;oud Al-Barazani:<\/strong> \u00abHermano, perm\u00edtame ser claro. Despu\u00e9s de la ca\u00edda del r\u00e9gimen de [Saddam], nosotros los kurdos protegemos la unidad de Irak. Hasta el d\u00eda de hoy, somos la raz\u00f3n principal por el cual Irak est\u00e1 unido\u00bb.<\/p>\n<p><strong>Entrevistador:<\/strong> \u00abPero Irak no est\u00e1 unido\u00bb.<\/p>\n<p><strong>Mas&#8217;oud Al-Barazani:<\/strong> \u00abPor lo menos formalmente. Nosotros consagramos nuestros m\u00e1s grandes esfuerzos a expandir la experiencia de Kurdist\u00e1n a las otras regiones de Irak, pero los hermanos en las otras regiones, triste decir, no se benefician de nuestra experiencia. Adoptamos una cultura de perd\u00f3n, mientras ellos adoptaron una cultura vindicativa\u00bb.<\/p>\n<p>[&#8230;]<\/p>\n<p>\u00abAlgunos sunnis se oponen a la interferencia iran\u00ed, pero buscan la ayuda de Turqu\u00eda, y llaman al ej\u00e9rcito turco a que intervenga. Yo pienso que esta gente est\u00e1 jugando con fuego. Existen sunnis que se oponen a Ir\u00e1n, pero aceptan a Turqu\u00eda. \u00bfCu\u00e1l es la diferencia? Nuestro problema es que los chiitas est\u00e1n temerosos porque padecen un complejo del pasado, mientras los sunnis temen porque padecen un complejo del futuro\u00bb.<\/p>\n<p><strong>Entrevistador:<\/strong> \u00abY a que le temen los kurdos?\u00bb<\/p>\n<p><strong>Mas&#8217;oud Al-Barazani:<\/strong> \u00abA todo\u00bb.<\/p>\n<p><strong>Entrevistador:<\/strong> \u00abCu\u00e1l es el mayor temor de los kurdos hoy?\u00bb<\/p>\n<p><strong>Mas&#8217;oud Al-Barazani:<\/strong> \u00abQue la dictadura retorne a Irak\u00bb.<\/p>\n<p><strong>Entrevistador:<\/strong> \u00abC\u00f3mo puede ser posible que regrese?\u00bb<\/p>\n<p><strong>Mas&#8217;oud Al-Barazani:<\/strong> \u00abAl\u00e1 que lega, no volver\u00e1. Nosotros no le permitiremos volver, pero usted pregunt\u00f3 por el temor m\u00e1s grande de los kurdos. Es el retorno a la dictadura\u00bb.<\/p>\n<p><strong>\u00abNo permitiremos que los turcos intervengan en el asunto de Kirkuk\u00bb<\/strong><\/p>\n<p><strong>Entrevistador:<\/strong> \u00abNo le temen los kurdos a Turqu\u00eda?\u00bb<\/p>\n<p><strong>Mas&#8217;oud Al-Barazani:<\/strong> \u00abNo\u00bb.<\/p>\n<p><strong>Entrevistador:<\/strong> \u00abC\u00f3mo puede ser? Si Kirkuk est\u00e1 anexado a ustedes, los turcos no estar\u00e1n del todo contentos. Est\u00e1n constantemente declarando que no le permitir\u00e1n a los kurdos anexarse Kirkuk\u00bb.<\/p>\n<p><strong>Mas&#8217;oud Al-Barazani:<\/strong> \u00abPor nuestra parte, le decimos que no le permitiremos a los turcos intervenir en el asunto de Kirkuk\u00bb.<\/p>\n<p><strong>Entrevistador:<\/strong> \u00abC\u00f3mo piensa usted prevenirles?\u00bb<\/p>\n<p><strong>Mas&#8217;oud Al-Barazani:<\/strong> \u00abC\u00f3mo piensan ellos prevenirnos?\u00bb<\/p>\n<p><strong>Entrevistador:<\/strong> \u00abEllos constituyen una fuerza militar. Tienen un ej\u00e9rcito inmenso\u00bb.<\/p>\n<p><strong>Mas&#8217;oud Al-Barazani:<\/strong> \u00abNo le tengo miedo a su poder militar. Sin importar cuan fuerte puede ser, no puede compararse a lo de Saddam\u00bb.<\/p>\n<p><strong>Entrevistador:<\/strong> \u00abPero tambi\u00e9n tienen gran poder diplom\u00e1tico\u00bb.<\/p>\n<p><strong>Mas&#8217;oud Al-Barazani:<\/strong> \u00abNo le tengo miedo a su poder militar o diplom\u00e1tico, porque est\u00e1n interfiriendo en asuntos que no les concierne, en asuntos dom\u00e9sticos de otro pa\u00eds. Kirkuk es una ciudad iraqu\u00ed con identidad kurda. Todos los hechos hist\u00f3ricos y geogr\u00e1ficos demuestran que Kirkuk es parte del Kurdist\u00e1n iraqu\u00ed, lo cual es a si mima parte de Irak. Por consiguiente, Kirkuk es una ciudad iraqu\u00ed con una identidad kurda, y Turqu\u00eda no tiene ning\u00fan derecho de interferir en este asunto. Si Turqu\u00eda se permite a si misma interferir en el tema de Kirkuk, nosotros haremos lo mismo respecto a Dyarbakir y otras ciudades en Turqu\u00eda\u00bb.<\/p>\n<p><strong>Entrevistador:<\/strong> \u00abEs eso una amenaza?\u00bb<\/p>\n<p><strong>Mas&#8217;oud Al-Barazani:<\/strong> \u00abNo es una amenaza, sino una respuesta a la cuesti\u00f3n de lo que pasar\u00e1 si Turqu\u00eda interfiere. Qu\u00e9 derecho tiene Turqu\u00eda de interferir en el asunto de Kirkuk?\u00bb<\/p>\n<p><strong>Entrevistador:<\/strong> \u00abPor al los turcomanos en la ciudad\u00bb.<\/p>\n<p><strong>Mas&#8217;oud Al-Barazani:<\/strong> \u00abHay 30 millones de kurdos en Turqu\u00eda\u00bb.<\/p>\n<p><strong>Entrevistador:<\/strong> \u00abUsted no interfiere cu\u00e1ndo se refiere a los kurdos?\u00bb<\/p>\n<p><strong>Mas&#8217;oud Al-Barazani:<\/strong> \u00abNo lo hacemos, pero si ellos no se permiten interferir en el asunto de Kirkuk por unos mil turcomanos, nosotros intervendremos por la causa de los 30 millones de kurdos en Turqu\u00eda\u00bb.<\/p>\n<p><strong>Entrevistador:<\/strong> \u00abPiensa usted que llegara a eso?\u00bb<\/p>\n<p><strong>Mas&#8217;oud Al-Barazani:<\/strong> \u00abEspero que no, pero si los turcos insisten en interferir en el asunto de Kirkuk, estoy listo para cargar con las consecuencias, y no les permitir\u00e9 implementar su plan en Kirkuk\u00bb.<\/p>\n<p><strong>\u00abSi estamos destinamos a vivir sin estabilidad y libertad, por Al\u00e1, no le permitiremos a los otros vivir en seguridad y estabilidad\u00bb<\/strong><\/p>\n<p><strong>Entrevistador:<\/strong> \u00abAbu Masrour, la auto confianza que siempre veo en usted &#8211; la obtiene de su alianza con los americanos?\u00bb<\/p>\n<p><strong>Mas&#8217;oud Al-Barazani:<\/strong> \u00abYo obtengo confianza de mi fe en Al\u00e1 y en la justicia de la causa, y del apoyo del pueblo iraqu\u00ed en su totalidad, porque esto constituye interferencia en los asuntos de Irak\u00bb.<\/p>\n<p><strong>Entrevistador:<\/strong> \u00abPero los kurdos siempre han sido v\u00edctimas de acuerdos internacionales. Y si los americanos forman una alianza con Turqu\u00eda, renuncian a los kurdos, y le permiten a Turqu\u00eda subestimar su estabilidad y sus sue\u00f1os?\u00bb<\/p>\n<p><strong>Mas&#8217;oud Al-Barazani:<\/strong> \u00abLa causa kurda est\u00e1 m\u00e1s all\u00e1 de esta fase, y por encima de estas conspiraciones. Si estamos destinamos a vivir sin estabilidad y libertad, por Al\u00e1, que no le permitiremos a los otros vivir en seguridad y estabilidad\u00bb.<\/p>\n<p><strong>Entrevistador:<\/strong> \u00abYo espero que no llegue a eso\u00bb.<\/p>\n<p><strong>Mas&#8217;oud Al-Barazani:<\/strong> \u00abYo tambi\u00e9n espero que no. La opongo, por supuesto. Pero estamos preparamos para defender nuestra libertad y nuestra causa hasta un final amargo\u00bb.<\/p>\n<p><strong>\u00abAl pueblo kurdo nunca se le dio la opci\u00f3n entre independencia o pertenecer a este o aquel pa\u00eds\u00bb<\/strong><\/p>\n<p><strong>Entrevistador:<\/strong> \u00abUsted est\u00e1 rodeado por tres nacionalidades &#8211; los \u00e1rabes, los persas, y los turcos. Si los americanos se retiran, si los Republicanos pierden las elecciones presidenciales, y los Dem\u00f3cratas quieren retirar las fuerzas americanas, c\u00f3mo podr\u00e1 usted continuar, mientras est\u00e1 rodeado por estas tres nacionalidades?\u00bb<\/p>\n<p><strong>Mas&#8217;oud Al-Barazani:<\/strong> \u00abEscoger\u00edamos la muerte por encima de arrodillarnos a cualquiera. \u00c9sa es nuestra decisi\u00f3n\u00bb.<\/p>\n<p><strong>Entrevistador:<\/strong> \u00abCualquiera que sea el precio?\u00bb<\/p>\n<p><strong>Mas&#8217;oud Al-Barazani:<\/strong> \u00abS\u00ed. No permitiremos que ninguno de esos pa\u00edses controle nuestro destino.<\/p>\n<p>[&#8230;]<\/p>\n<p>\u00abLos pa\u00edses que dividieron Kurdist\u00e1n&#8230; Por supuesto, al pueblo kurdo nunca se le dio la opci\u00f3n entre la independencia o el pertenecer a este o aquel pa\u00eds. Esta divisi\u00f3n fue impuesta sobre este contra su voluntad. Estos pa\u00edses que dividieron Kurdist\u00e1n, hicieron alianzas, conspiraron, y cooperaron contra la causa kurda. Todos intentaron comprometerse en una pol\u00edtica turca, persa, o de arabizaci\u00f3n, y no lograron estas metas. Si la pol\u00edtica de negar la existencia y derechos del pueblo kurdo fuese una pol\u00edtica exitosa, esta habr\u00eda sido ejecutada en los \u00faltimos cien a\u00f1os. El hecho que la causa kurda todav\u00eda despierta el temor en estos pa\u00edses demuestra que esta causa todav\u00eda est\u00e1 viva, y que las pol\u00edticas del pasado han fracasado. Por consiguiente, deben buscarse nuevas soluciones &#8211; soluciones democr\u00e1ticas a trav\u00e9s de m\u00e9todos pac\u00edficos. Yo digo de nuevo de que es el derecho leg\u00edtimo y legal de la naci\u00f3n kurda de ser independiente y tener un estado, pero estoy en contra de recurrir a violencia para lograr esta meta\u00bb.<\/p>\n<p><strong>Entrevistador:<\/strong> \u00abAs\u00ed que usted est\u00e1 llamando en los kurdos de Turqu\u00eda a no recurrir a la violencia?\u00bb<\/p>\n<p><strong>Mas&#8217;oud Al-Barazani:<\/strong> \u00abNo a los kurdos de Turqu\u00eda, ni los de Ir\u00e1n, Siria, o Irak &#8211; a menos que sea impuesto en nosotros. Si el combate es impuesto en nosotros, eso es otro asunto\u00bb.<\/p>\n<p><strong>\u00abEl asunto kurdo [debe] ser resuelto en cada regi\u00f3n seg\u00fan sus caracter\u00edsticas\u00bb<\/strong><\/p>\n<p><strong>Entrevistador:<\/strong> \u00abEntonces c\u00f3mo realizar\u00e1n los kurdos de Turqu\u00eda su sue\u00f1o de tener su propio estado?\u00bb<\/p>\n<p><strong>Mas&#8217;oud Al-Barazani:<\/strong> \u00abEn mi opini\u00f3n, la soluci\u00f3n \u00f3ptima hoy d\u00eda es que se resuelva el problema kurdo en cada regi\u00f3n de acuerdo con sus caracter\u00edsticas\u00bb.<\/p>\n<p><strong>Entrevistador:<\/strong> \u00abPero no siente usted que los turcos hoy d\u00eda le temen a esta chispa? Temen que si los kurdos en el Kurdist\u00e1n iraqu\u00ed realizan su sue\u00f1o, ser\u00e1 imposible impedirle a los kurdos en Turqu\u00eda, Ir\u00e1n, o Siria a que realicen el mismo sue\u00f1o\u00bb.<\/p>\n<p><strong>Mas&#8217;oud Al-Barazani:<\/strong> \u00abPor qu\u00e9 se oponen ellos a este sue\u00f1o? \u00bfPor qu\u00e9 se oponen a esta aspiraci\u00f3n? Si se oponen a esta aspiraci\u00f3n, definitivamente se enfrentar\u00e1n a la oposici\u00f3n. No hay ninguna duda de que si los kurdos ven que cierto pa\u00eds se opone o niega sus aspiraciones &#8211; esto no continuar\u00e1 para siempre. La situaci\u00f3n explotar\u00e1\u00bb.<\/p>\n<p>[&#8230;]<\/p>\n<p><strong>Entrevistador:<\/strong> Se dice que sus relaciones con los israel\u00edes son excelentes, pero que \u00e9stas son relaciones entre bastidores. Ciertamente usted ha escuchado y ha le\u00eddo en los peri\u00f3dicos que existe coordinaci\u00f3n, y que se celebran reuniones, y que el Mossad est\u00e1 presente en Kurdist\u00e1n. Nosotros constantemente estamos escuchando que existen relaciones, las cuales se han convertido en cercanas con los israel\u00edes.<\/p>\n<p><strong>Mas&#8217;oud Al-Barazani:<\/strong> \u00abSi no fuera por que es usted el que pregunta, no la responder\u00eda\u00bb.<\/p>\n<p><strong>Entrevistador:<\/strong> \u00abS\u00f3lo estoy citando. No soy yo qui\u00e9n est\u00e1 preguntando esto\u00bb.<\/p>\n<p><strong>Mas&#8217;oud Al-Barazani:<\/strong> \u00abYo no contestar\u00eda esta pregunta, porque es degradante. Primero, la constituci\u00f3n no nos da el derecho de mantener lazos con cualquier pa\u00eds. Las relaciones diplom\u00e1ticas son autoridad exclusiva del estado federal. Si una embajada israel\u00ed se abriera en Bagdad, nosotros sin ninguna duda abrir\u00edamos un consulado israel\u00ed en Irbil\u00bb.<\/p>\n<p><strong>Entrevistador:<\/strong> \u00abEn otros t\u00e9rminos, no existen&#8230;\u00bb<\/p>\n<p><strong>Mas&#8217;oud Al-Barazani:<\/strong> \u00abSi no se establecen las relaciones diplom\u00e1ticas entre el estados iraqu\u00ed y el estado israel\u00ed, no habr\u00e1 ninguna relaci\u00f3n entre la provincia de Kurdist\u00e1n e Israel. Pero de hecho, tal como lo he dicho en el pasado, yo no considero las relaciones con Israel de ser un crimen o algo prohibido. La mayor\u00eda de los pa\u00edses \u00e1rabes mantiene relaciones con Israel, y si nosotros establecemos relaciones, lo haremos p\u00fablicamente. No existe ninguna raz\u00f3n para que estas relaciones sean mantenidas en secreto, porque no tenemos ni miedo ni estamos avergonzados de tales relaciones\u00bb.<\/p>\n<p><strong>\u00abYo apoyo los derechos del pueblo palestino, pero&#8230; estoy en contra de arrojar a Israel al mar\u00bb<\/strong><\/p>\n<p><strong>Entrevistador:<\/strong> \u00abApoya usted la paz con Israel &#8211; un acuerdo de paz, y un final a este conflicto?\u00bb<\/p>\n<p><strong>Mas&#8217;oud Al-Barazani:<\/strong> \u00abYo apoyo una soluci\u00f3n pac\u00edfica al problema palestino. Apoyo los derechos del pueblo palestino, pero al mismo tiempo, estoy en contra de arrojar a Israel al mar\u00bb.<\/p>\n<p><strong>Entrevistador:<\/strong> \u00abEntonces usted no apoya el plan para destruir al estado de Israel?\u00bb<\/p>\n<p><strong>Mas&#8217;oud Al-Barazani:<\/strong> \u00abClaro que no\u00bb.<\/p>\n<p><strong>Entrevistador:<\/strong> \u00abAlgunos grupos entre los palestinos y entre los libaneses, tales como el Hizbullah, todav\u00eda est\u00e1n llamando, en su ideolog\u00eda, a la destrucci\u00f3n de Israel\u00bb.<\/p>\n<p><strong>Mas&#8217;oud Al-Barazani:<\/strong> \u00abEsto es imposible\u00bb.<\/p>\n<p><strong>Entrevistador:<\/strong> \u00abUsted est\u00e1 en contra de esto meramente porque es imposible, o porque no quiere?\u00bb<\/p>\n<p><strong>Mas&#8217;oud Al-Barazani:<\/strong> \u00abNo, en mi opini\u00f3n, esta pol\u00edtica es equivocada, il\u00f3gica, e irrazonable. Por qu\u00e9 aniquilar a un pueblo?\u00bb<\/p>\n<p><strong>Entrevistador:<\/strong> \u00abDebido a que muchos lo consideran un pillaje, el ocupar a pueblos. Yo creo que esta declaraci\u00f3n reverberar\u00e1 y atraer\u00e1 mucha cr\u00edtica, Abu Masrour\u00bb.<\/p>\n<p><strong>Mas&#8217;oud Al-Barazani:<\/strong> \u00abYo no creo en el aniquilar al pueblo israel\u00ed. Pero por ning\u00fan medio apoyo el negarle al pueblo palestino sus derechos, o cualquier agresi\u00f3n israel\u00ed contra el pueblo palestino.<\/p>\n<\/div>\n","protected":false},"excerpt":{"rendered":"<p>Lo siguiente son extractos de una entrevista con Mas&#8217;oud Al-Barazani, presidente de la provincia del Kurdist\u00e1n iraqu\u00ed, que fue puesta al aire en Al-Arabiya Tv el 6 de abril, 2007. PARA VER ESTE SEGMENTO DE VIDEO: http:\/\/www.memritv.org\/search.asp?ACT=S9&amp;P1=1423 La meta kurda \u00abdeber\u00eda ser realizada, pero sin acudir a la violencia\u00bb Mas&#8217;oud Al-Barazani: \u00abSi hablamos sobre la [&hellip;]<\/p>\n","protected":false},"author":1,"featured_media":0,"comment_status":"open","ping_status":"open","sticky":false,"template":"","format":"standard","meta":{"footnotes":""},"categories":[6,21,28,29],"tags":[],"class_list":["post-1691","post","type-post","status-publish","format-standard","hentry","category-comunicados-especiales","category-irak","category-turquia","category-africa-del-norte"],"_links":{"self":[{"href":"https:\/\/www2.memri.org\/espanol\/wp-json\/wp\/v2\/posts\/1691","targetHints":{"allow":["GET"]}}],"collection":[{"href":"https:\/\/www2.memri.org\/espanol\/wp-json\/wp\/v2\/posts"}],"about":[{"href":"https:\/\/www2.memri.org\/espanol\/wp-json\/wp\/v2\/types\/post"}],"author":[{"embeddable":true,"href":"https:\/\/www2.memri.org\/espanol\/wp-json\/wp\/v2\/users\/1"}],"replies":[{"embeddable":true,"href":"https:\/\/www2.memri.org\/espanol\/wp-json\/wp\/v2\/comments?post=1691"}],"version-history":[{"count":0,"href":"https:\/\/www2.memri.org\/espanol\/wp-json\/wp\/v2\/posts\/1691\/revisions"}],"wp:attachment":[{"href":"https:\/\/www2.memri.org\/espanol\/wp-json\/wp\/v2\/media?parent=1691"}],"wp:term":[{"taxonomy":"category","embeddable":true,"href":"https:\/\/www2.memri.org\/espanol\/wp-json\/wp\/v2\/categories?post=1691"},{"taxonomy":"post_tag","embeddable":true,"href":"https:\/\/www2.memri.org\/espanol\/wp-json\/wp\/v2\/tags?post=1691"}],"curies":[{"name":"wp","href":"https:\/\/api.w.org\/{rel}","templated":true}]}}