{"id":1458,"date":"2006-11-16T00:00:00","date_gmt":"2006-11-16T00:00:00","guid":{"rendered":"http:\/\/www2.memri.org\/espanol\/2006\/11\/16\/investigador-iraqui-que-vive-en-europa-en-al-jazeera-tv-el-premio-nobel-de-la-paz-es-racista-por-que-se-le-ha-otorgado-el-premio-a-167-judios-y-solo-a-4-arabes-todos-son-consideraron-traidores\/"},"modified":"2006-11-16T00:00:00","modified_gmt":"2006-11-16T00:00:00","slug":"investigador-iraqui-que-vive-en-europa-en-al-jazeera-tv-el-premio-nobel-de-la-paz-es-racista-por-que-se-le-ha-otorgado-el-premio-a-167-judios-y-solo-a-4-arabes-todos-son-consideraron-traidores","status":"publish","type":"post","link":"https:\/\/www2.memri.org\/espanol\/investigador-iraqui-que-vive-en-europa-en-al-jazeera-tv-el-premio-nobel-de-la-paz-es-racista-por-que-se-le-ha-otorgado-el-premio-a-167-judios-y-solo-a-4-arabes-todos-son-consideraron-traidores\/1458","title":{"rendered":"Investigador iraqu\u00ed que vive en Europa en Al-Jazeera Tv: El premio N\u00f3bel de la Paz es racista; &#8216;Por qu\u00e9 se le ha otorgado el premio a 167 jud\u00edos y s\u00f3lo a 4 \u00e1rabes&#8230; Todos son consideraron traidores?&#8217;; El premio brota de los Protocolos de los Sabios de Si"},"content":{"rendered":"<div class=\"bodytext c1\">\n<p><em>Lo siguiente son extractos de una entrevista con Samir &#8216;Ubeid, investigador iraqu\u00ed que vive en Europa, la cual fue presentada en Al-Jazeera televisi\u00f3n el 31 de octubre del 2006.<\/em><\/p>\n<p><em>PARA VER ESTE SEGMENTO DE VIDEO VISITE: <a href=\"http:\/\/www.memritv.org\/search.asp?ACT=S9&amp;P1=1313\">http:\/\/www.memritv.org\/search.asp?ACT=S9&amp;P1=1313<\/a><\/em><\/p>\n<p><strong>Samir &#8216;Ubeid:<\/strong> \u00abYo no lo llamo el Premio N\u00f3bel &#8211; lo llamo el premio <em>hubal<\/em> [\u00eddolo]\u00bb.<\/p>\n<p><strong>Entrevistador:<\/strong> \u00ab<em>Hubal<\/em>?\u00bb<\/p>\n<p><strong>Samir &#8216;Ubeid:<\/strong> \u00abS\u00ed, porque a menudo promueve la herej\u00eda. Esta alienta ataques contra la herencia, y promueve a aqu\u00e9llos que odian a su pueblo y a su cultura. La prueba es que se le otorg\u00f3 recientemente a Pamuk, quien hab\u00eda promovido un conflicto civil, que podr\u00eda preocupar a Turqu\u00eda y a los musulmanes en general. \u00c9l responsabiliz\u00f3 a Turqu\u00eda por lo que el estado otomano hizo, cuando se refiri\u00f3 a la matanza de los armenios\u00bb.<\/p>\n<p>[&#8230;]<\/p>\n<p><strong>Entrevistador:<\/strong> \u00abEn otras palabras, si usted es un traidor a su pa\u00eds, usted se merece este premio\u00bb.<\/p>\n<p><strong>Samir &#8216;Ubeid:<\/strong> \u00abSi usted es un traidor a su pa\u00eds, y un hereje, que maldice a su Profeta usted se merece un Premio N\u00f3bel.<\/p>\n<p>[&#8230;]<\/p>\n<p>\u00abPor qu\u00e9 se le ha otorgado el premio a 167 jud\u00edos, y s\u00f3lo a cuatro \u00e1rabes de 380 millones de \u00e1rabes &#8211; y todos los cuatro son considerados traidores? Por ejemplo, Al-Sadat consigui\u00f3 el premio durante el proceso de normalizaci\u00f3n, y como un premio por Camp David, junto con Begin, qui\u00e9n llev\u00f3 a cabo la masacre de Deir Yassin, y qui\u00e9n estaba en las bandas Hagana. Luego, el premio le fue otorgado a [Ahmad] Al-Zewail, para comprarle su invento, y desde ese momento Al-Zewail desapareci\u00f3\u00bb.<\/p>\n<p><strong>Entrevistador:<\/strong> \u00abQuiere usted decir el egipcio Ahmad Al-Zewail?\u00bb<\/p>\n<p><strong>Samir &#8216;Ubeid:<\/strong> \u00abS\u00ed, el qu\u00edmico egipcio. El premio tambi\u00e9n le fue otorgado a Muhammad ElBaradei, y en este caso, est\u00e1 empa\u00f1ado en la sangre de los ni\u00f1os iraqu\u00edes y el pueblo.<\/p>\n<p>[&#8230;]<\/p>\n<p>La Madre Teresa fue tra\u00edda, junto con un grupo de personas iguales a ella&hellip;\u00bb<\/p>\n<p><strong>Entrevistador:<\/strong> \u00abAlgunos dicen que el premio le fue otorgado a ella por su actividad misionera en \u00c1frica, India, y as\u00ed sucesivamente&#8230;\u00bb<\/p>\n<p><strong>Samir &#8216;Ubeid:<\/strong> \u00abAsumamos que era virtuosa, seg\u00fan la l\u00f3gica de los medios de comunicaci\u00f3n, los cuales son ahora controlados por los jud\u00edos y Hollywood. Cuando ellos le otorgaron el premio a la Madre Teresa, estaban intentando premiar un &#8216;himen artificial&#8217; o un &#8216;honor artificial&#8217; con este premio.<\/p>\n<p>\u00abMi colega dijo que hay democracia. Cual democracia es la que hay, si de 1.5 billones de chinos, s\u00f3lo a dos o tres se les ha otorgado el N\u00f3bel? Si usted examina los cient\u00edficos y escritores rusos, que conmocionaron el mundo con su literatura y su conocimiento&#8230;<\/p>\n<p>\u00abQu\u00e9 hay sobre Sakharov, que hay sobre Tolstoi? Adem\u00e1s&#8230;\u00bb<\/p>\n<p><strong>Entrevistador:<\/strong> \u00abPero a Sakharov se le otorg\u00f3 el premio N\u00f3bel\u00bb.<\/p>\n<p><strong>Samir &#8216;Ubeid:<\/strong> \u00abQuise decir Chekhov. \u00a1Chekhov! \u00a1Chekhov!<\/p>\n<p>[&#8230;]<\/p>\n<p>\u00abNo estamos nosotros los \u00e1rabes incluidos en la transferencia del c\u00f3digo gen\u00e9tico cient\u00edfico? Nosotros, los descendientes de Al-Khawarizmi, Al-Jahez, Al-Razi, Avicenna, y Ibn Al-Haytham &#8211; nacimos todos idiotas? \u00bfNo existe ni un solo cient\u00edfico entre nosotros? \u00bfNo estamos nosotros incluidos en el c\u00f3digo gen\u00e9tico? No se transfiere la inteligencia entre nosotros los \u00e1rabes?\u00bb<\/p>\n<p><strong>Entrevistador:<\/strong> \u00abLa creatividad cient\u00edfica ocurre en libertad y democracia, hermano\u00bb.<\/p>\n<p><strong>Samir &#8216;Ubeid:<\/strong> \u00abLa democracia no explica c\u00f3mo se le otorg\u00f3 a 167 jud\u00edos, de entre 15 millones esparcidos alrededor del mundo, mientras abandonaban a 1.5 billones de chinos, un bill\u00f3n de hind\u00faes, y 380 millones de \u00e1rabes. Esto es racismo.<\/p>\n<p>[&#8230;]<\/p>\n<p>\u00abEl banco [Grameen] para los pobres gan\u00f3 el premio porque algunos de sus accionistas son gigantes como Haliburton y otros.<\/p>\n<p>[&#8230;]<\/p>\n<p>\u00abEllos se infiltraron en este banco, el cual llego a estar en el bolsillo de los francmasones. Este premio proviene del propio centro de los <em>Protocolos de los Sabios de Si\u00f3n<\/em>\u00ab.<\/p>\n<\/div>\n","protected":false},"excerpt":{"rendered":"<p>Lo siguiente son extractos de una entrevista con Samir &#8216;Ubeid, investigador iraqu\u00ed que vive en Europa, la cual fue presentada en Al-Jazeera televisi\u00f3n el 31 de octubre del 2006. PARA VER ESTE SEGMENTO DE VIDEO VISITE: http:\/\/www.memritv.org\/search.asp?ACT=S9&amp;P1=1313 Samir &#8216;Ubeid: \u00abYo no lo llamo el Premio N\u00f3bel &#8211; lo llamo el premio hubal [\u00eddolo]\u00bb. Entrevistador: \u00abHubal?\u00bb [&hellip;]<\/p>\n","protected":false},"author":1,"featured_media":0,"comment_status":"open","ping_status":"open","sticky":false,"template":"","format":"standard","meta":{"footnotes":""},"categories":[6,16],"tags":[],"class_list":["post-1458","post","type-post","status-publish","format-standard","hentry","category-comunicados-especiales","category-proyecto-documental-sobre-antisemitismo"],"_links":{"self":[{"href":"https:\/\/www2.memri.org\/espanol\/wp-json\/wp\/v2\/posts\/1458","targetHints":{"allow":["GET"]}}],"collection":[{"href":"https:\/\/www2.memri.org\/espanol\/wp-json\/wp\/v2\/posts"}],"about":[{"href":"https:\/\/www2.memri.org\/espanol\/wp-json\/wp\/v2\/types\/post"}],"author":[{"embeddable":true,"href":"https:\/\/www2.memri.org\/espanol\/wp-json\/wp\/v2\/users\/1"}],"replies":[{"embeddable":true,"href":"https:\/\/www2.memri.org\/espanol\/wp-json\/wp\/v2\/comments?post=1458"}],"version-history":[{"count":0,"href":"https:\/\/www2.memri.org\/espanol\/wp-json\/wp\/v2\/posts\/1458\/revisions"}],"wp:attachment":[{"href":"https:\/\/www2.memri.org\/espanol\/wp-json\/wp\/v2\/media?parent=1458"}],"wp:term":[{"taxonomy":"category","embeddable":true,"href":"https:\/\/www2.memri.org\/espanol\/wp-json\/wp\/v2\/categories?post=1458"},{"taxonomy":"post_tag","embeddable":true,"href":"https:\/\/www2.memri.org\/espanol\/wp-json\/wp\/v2\/tags?post=1458"}],"curies":[{"name":"wp","href":"https:\/\/api.w.org\/{rel}","templated":true}]}}