{"id":1457,"date":"2006-11-15T00:00:00","date_gmt":"2006-11-15T00:00:00","guid":{"rendered":"http:\/\/www2.memri.org\/espanol\/2006\/11\/15\/supervision-de-portales-islamistas-no-21\/"},"modified":"2016-01-14T16:21:58","modified_gmt":"2016-01-14T16:21:58","slug":"supervision-de-portales-islamistas-no-21","status":"publish","type":"post","link":"https:\/\/www2.memri.org\/espanol\/supervision-de-portales-islamistas-no-21\/1457","title":{"rendered":"Supervisi\u00f3n de Portales Islamistas No. 21"},"content":{"rendered":"<div class=\"bodytext c2\">\n<p><strong>\u00abVoz del Califato\u00bb presenta video sobre el Estado Isl\u00e1mico de Irak<\/strong><\/p>\n<p>El 6 de noviembre del 2006, el Frente Global de Medios de Comunicaci\u00f3n Isl\u00e1mico (FGMCI) <a href=\"#_edn1\" name=\"_ednref1\">[1]<\/a> present\u00f3 un video de 13 minutos de duraci\u00f3n en su canal de televisi\u00f3n en Internet Sawt Al-Khalifa (\u00abLa Voz del Califato\u00bb), el cual ha puesto al aire algunos programas en el pasado y ha estado inactivo durante un a\u00f1o. El video (<a href=\"http:\/\/switch3.castup.net\/cunet\/gm.asp?ai=214&amp;ar=M4-020-wmv&amp;ak=null\">http:\/\/switch3.castup.net\/cunet\/gm.asp?ai=214&amp;ar=M4-020-wmv&amp;ak=null<\/a> ), sobre el establecimiento del Estado Isl\u00e1mico de Irak, se encuentra en formato de noticias y est\u00e1 subtitulado en ingl\u00e9s.<\/p>\n<p>El presentador enmascarado informa que el Concejo del Shura de los Combatientes del Jihad en Irak ha anunciado el establecimiento del Estado Isl\u00e1mico de Irak, y da un \u00aban\u00e1lisis preliminar\u00bb de los eventos actuales del pa\u00eds. \u00c9l dice que las \u00abCruzadas\u00bb y sus aliados chi&#8217;itas se han topado con la derrota en Irak, y est\u00e1n por consiguiente esparciendo mentiras en un \u00faltimo intento por debilitar a los <em>mujahideen<\/em>. Por ejemplo, \u00e9l dice, claman que Abu Hamza Al-Muhajir no es iraqu\u00ed como para propagar el mito de que el pueblo iraqu\u00ed le da la bienvenida a la ocupaci\u00f3n, y que s\u00f3lo un manojo de combatientes extranjeros les est\u00e1 haciendo oposici\u00f3n. El presentador agrega que los cruzados hab\u00edan tambi\u00e9n reportado, como parte de su \u00abguerra psicol\u00f3gica\u00bb contra los <em>mujahideen<\/em>, que los encabezados tribales iraqu\u00edes se hab\u00edan reunido con el Presidente iraqu\u00ed Al-Maliki, cuando de hecho los que se hab\u00edan reunido con \u00e9l eran meramente \u00abt\u00edteres\u00bb controlados por los ocupantes. Tambi\u00e9n se menciona el video de Abu Osama Al-&#8216;Iraqi, <a href=\"#_edn2\" name=\"_ednref2\">[2]<\/a> el cual es igualmente denunciado de ser una falsificaci\u00f3n.<\/p>\n<p>El presentador luego declara que el Estado Isl\u00e1mico de Irak fue establecido para contrarrestar este \u00abferoz ataque\u00bb, y que ser\u00e1 la punta de lanza de la guerra para liberar a Palestina. Finalmente, \u00e9l declara que Abu Hamza Al-Muhajir llama en todos los cl\u00e9rigos y profesionales en Irak a participar en el establecimiento del Estado Isl\u00e1mico.<\/p>\n<p>A lo largo de la pel\u00edcula, una pantalla detr\u00e1s del presentador de las noticias muestra escenas de los combates en Irak.<\/p>\n<p>Lo siguiente es una imagen del video:<\/p>\n<p class=\"c1\"><img loading=\"lazy\" decoding=\"async\" class=\"alignnone size-full wp-image-16754\" src=\"http:\/\/www2.memri.org\/espanol\/wp-content\/uploads\/2016\/01\/sd_135806_1.jpg\" width=\"338\" height=\"254\" srcset=\"https:\/\/www2.memri.org\/espanol\/wp-content\/uploads\/2016\/01\/sd_135806_1.jpg 338w, https:\/\/www2.memri.org\/espanol\/wp-content\/uploads\/2016\/01\/sd_135806_1-300x225.jpg 300w, https:\/\/www2.memri.org\/espanol\/wp-content\/uploads\/2016\/01\/sd_135806_1-80x60.jpg 80w, https:\/\/www2.memri.org\/espanol\/wp-content\/uploads\/2016\/01\/sd_135806_1-265x198.jpg 265w\" sizes=\"auto, (max-width: 338px) 100vw, 338px\" \/><\/p>\n<p><strong>Video del \u00faltimo mensaje de una mujer atacante suicida<\/strong><\/p>\n<p>El 12 de noviembre del 2006, un portal islamista public\u00f3 un video de tres minutos (http:\/\/switch3.castup.net\/cunet\/gm.asp?ai=214&amp;ar=M4-019wmv&amp;ak=null) que presenta el \u00faltimo mensaje de Mirfat Amin Mas&#8217;ud, una mujer de 19 a\u00f1os quien llev\u00f3 a cabo un atentado suicida en un punto de control de las IDF en la Franja de Gaza el 6 de noviembre del 2006.<\/p>\n<p>En el video, Mirfat Amin est\u00e1 de pie delante de un estandarte isl\u00e1mica negra del jihad sosteniendo un rifle. En la mesa delante de ella hay un Cor\u00e1n, una pistola, y lo que parece ser una granada de mano. Se oyen sonidos de ni\u00f1os jugando claramente en el fondo.<\/p>\n<p>Despu\u00e9s de pedirles a sus padres que la perdonen por emprender el martirio, Mirfat Amin se dirige a su extensa familia, diciendo: \u00abMi deseo [en servirle] a Al\u00e1 y a Su Mensajero y de derramar mi sangre por la causa de esta patria es mucho mayor que mi amor por ustedes\u00bb. Amin tambi\u00e9n llama en los <em>mujahideen<\/em> a lo ancho del mundo \u00abdesde Irak a Chechenia y desde Palestina a las Filipinas\u00bb a que \u00abpersistan en la forma de resistencia\u00bb. Ella le pide a su familia que distribuya dulces al escuchar las noticias de su muerte, y de adherirse al Cor\u00e1n y al Sunna.<\/p>\n<p>El video finaliza con Mirfat Amin que posa para la c\u00e1mara con un rifle en una mano y un Cor\u00e1n en la otra.<\/p>\n<p class=\"c1\"><img loading=\"lazy\" decoding=\"async\" class=\"alignnone size-full wp-image-16775\" src=\"http:\/\/www2.memri.org\/espanol\/wp-content\/uploads\/2016\/01\/sd_135806_2.jpg\" width=\"250\" height=\"189\" srcset=\"https:\/\/www2.memri.org\/espanol\/wp-content\/uploads\/2016\/01\/sd_135806_2.jpg 250w, https:\/\/www2.memri.org\/espanol\/wp-content\/uploads\/2016\/01\/sd_135806_2-80x60.jpg 80w\" sizes=\"auto, (max-width: 250px) 100vw, 250px\" \/><img loading=\"lazy\" decoding=\"async\" class=\"alignnone size-full wp-image-16779\" src=\"http:\/\/www2.memri.org\/espanol\/wp-content\/uploads\/2016\/01\/sd_135806_3.jpg\" width=\"250\" height=\"189\" srcset=\"https:\/\/www2.memri.org\/espanol\/wp-content\/uploads\/2016\/01\/sd_135806_3.jpg 250w, https:\/\/www2.memri.org\/espanol\/wp-content\/uploads\/2016\/01\/sd_135806_3-80x60.jpg 80w\" sizes=\"auto, (max-width: 250px) 100vw, 250px\" \/><\/p>\n<\/p>\n<\/div>\n<hr noshade=\"noshade\" \/><!-- footnotes --><\/p>\n<div class=\"bodynews c3\">\n<p><a href=\"#_ednref1\" name=\"_edn1\">[1]<\/a> El FGMCI es una organizaci\u00f3n isl\u00e1mica que publica material que trata con los combatientes del jihad en Internet. Este niega alguna conexi\u00f3n con Al-Qaeda.<\/p>\n<p><a href=\"#_ednref2\" name=\"_edn2\">[2]<\/a> V\u00e9ase MEMRI Despacho Especial No. 1340, \u00abJeque Islamista Abu Osama Al-&#8216;Iraqi Denuncia a Al-Qaeda en Irak por las Atrocidades contra los Sunnis\u00bb, 31 de octubre del 2006, <a href=\"http:\/\/www2.memri.org\/bin\/espanol\/articulos.cgi?Page=archives&amp;Area=sd&amp;ID=SP134006\">http:\/\/www2.memri.org\/bin\/espanol\/articulos.cgi?Page=archives&amp;Area=sd&amp;ID=SP134006<\/a>.<\/p>\n<\/div>\n","protected":false},"excerpt":{"rendered":"<p>\u00abVoz del Califato\u00bb presenta video sobre el Estado Isl\u00e1mico de Irak El 6 de noviembre del 2006, el Frente Global de Medios de Comunicaci\u00f3n Isl\u00e1mico (FGMCI) [1] present\u00f3 un video de 13 minutos de duraci\u00f3n en su canal de televisi\u00f3n en Internet Sawt Al-Khalifa (\u00abLa Voz del Califato\u00bb), el cual ha puesto al aire algunos [&hellip;]<\/p>\n","protected":false},"author":1,"featured_media":16754,"comment_status":"open","ping_status":"open","sticky":false,"template":"","format":"standard","meta":{"footnotes":""},"categories":[10,6],"tags":[],"class_list":["post-1457","post","type-post","status-publish","format-standard","has-post-thumbnail","hentry","category-estudios-sobre-terrorismo-y-yihad","category-comunicados-especiales"],"_links":{"self":[{"href":"https:\/\/www2.memri.org\/espanol\/wp-json\/wp\/v2\/posts\/1457","targetHints":{"allow":["GET"]}}],"collection":[{"href":"https:\/\/www2.memri.org\/espanol\/wp-json\/wp\/v2\/posts"}],"about":[{"href":"https:\/\/www2.memri.org\/espanol\/wp-json\/wp\/v2\/types\/post"}],"author":[{"embeddable":true,"href":"https:\/\/www2.memri.org\/espanol\/wp-json\/wp\/v2\/users\/1"}],"replies":[{"embeddable":true,"href":"https:\/\/www2.memri.org\/espanol\/wp-json\/wp\/v2\/comments?post=1457"}],"version-history":[{"count":0,"href":"https:\/\/www2.memri.org\/espanol\/wp-json\/wp\/v2\/posts\/1457\/revisions"}],"wp:featuredmedia":[{"embeddable":true,"href":"https:\/\/www2.memri.org\/espanol\/wp-json\/wp\/v2\/media\/16754"}],"wp:attachment":[{"href":"https:\/\/www2.memri.org\/espanol\/wp-json\/wp\/v2\/media?parent=1457"}],"wp:term":[{"taxonomy":"category","embeddable":true,"href":"https:\/\/www2.memri.org\/espanol\/wp-json\/wp\/v2\/categories?post=1457"},{"taxonomy":"post_tag","embeddable":true,"href":"https:\/\/www2.memri.org\/espanol\/wp-json\/wp\/v2\/tags?post=1457"}],"curies":[{"name":"wp","href":"https:\/\/api.w.org\/{rel}","templated":true}]}}