{"id":1351,"date":"2006-08-24T00:00:00","date_gmt":"2006-08-24T00:00:00","guid":{"rendered":"http:\/\/www2.memri.org\/espanol\/2006\/08\/24\/servicio-de-noticias-al-borz-se-espera-que-el-presidente-ahmadinejad-anuncie-el-nacimiento-de-la-era-nuclear-de-iran\/"},"modified":"2006-08-24T00:00:00","modified_gmt":"2006-08-24T00:00:00","slug":"servicio-de-noticias-al-borz-se-espera-que-el-presidente-ahmadinejad-anuncie-el-nacimiento-de-la-era-nuclear-de-iran","status":"publish","type":"post","link":"https:\/\/www2.memri.org\/espanol\/servicio-de-noticias-al-borz-se-espera-que-el-presidente-ahmadinejad-anuncie-el-nacimiento-de-la-era-nuclear-de-iran\/1351","title":{"rendered":"Servicio de noticias Al-Borz: Se espera que el Presidente Ahmadinejad anuncie &#8216;el nacimiento de la era nuclear&#8217; de Ir\u00e1n"},"content":{"rendered":"<div class=\"bodytext c1\">\n<p><em>El servicio de noticias iran\u00ed Al-Borz, el cual se conoce por tener acceso a fuentes en el gobierno iran\u00ed predijo que al primer aniversario del gobierno del Presidente iran\u00ed Ahmadinejad, a finales de agosto del 2006, se espera que anuncie lo que el servicio de noticias llam\u00f3 el nacimiento de Ir\u00e1n en la era nuclear\u00bb.<\/em><\/p>\n<p><em>Adem\u00e1s, un articulo del 23 de agosto, 2006 sobre la respuesta de Ir\u00e1n a la propuesta de incentivos que fue anunciada en el portal afiliado al Ministerio de Relaciones Exteriores iran\u00ed &#8211; www.tehrantimes.com implic\u00f3 que la tecnolog\u00eda nuclear de Ir\u00e1n ya hab\u00eda alcanzado el punto sin retorno: \u00ab&#8230; Si Occidente est\u00e1 buscando impedir que Ir\u00e1n entre en la industria nuclear, este deber\u00eda comprender que Ir\u00e1n ha pasado esta fase\u00bb. <a href=\"#_edn1\" name=\"_ednref1\"><u>[1]<\/u><\/a><\/em><\/p>\n<p><em>Lo siguiente son extractos del informe Al-Borz: <a href=\"#_edn2\" name=\"_ednref2\"><u>[2]<\/u><\/a><\/em><\/p>\n<p>\u00abSe espera que el primero aniversario de la formaci\u00f3n del noveno gobierno ser\u00e1 la fecha del &#8216;nacimiento a la era nuclear&#8217; del gobierno de Ahmadinejad\u00bb.<\/p>\n<p>\u00ab&#8230; Junto a [la celebraci\u00f3n del] aniversario de la formaci\u00f3n del noveno gabinete, el presidente del pa\u00eds [Mahmoud Ahmadinejad] sostendr\u00e1 su tercera conferencia de prensa&#8230; donde contestar\u00e1 las preguntas de los periodistas de Ir\u00e1n y del extranjero.<\/p>\n<p>\u00abAdem\u00e1s de detallar las actividades del gobierno al final de [su primer] a\u00f1o, el encabezado del gobierno [e.d. Ahmadinejad] presentar\u00e1 oficialmente las posturas de Ir\u00e1n sobre: materias econ\u00f3micas y culturales, el expediente de la energ\u00eda nuclear, las actividades de los centros de investigaci\u00f3n en el \u00e1rea de energ\u00eda nuclear, y los desarrollos en la regi\u00f3n\u00bb.<\/p>\n<\/p>\n<\/div>\n<hr noshade=\"noshade\" \/><!-- footnotes --><\/p>\n<div class=\"bodynews c2\">\n<p><a href=\"#_ednref1\" name=\"_edn1\">[1]<\/a> <em>Teher\u00e1n Times<\/em> (Ir\u00e1n), 23 de agosto, 2006.<\/p>\n<p><a href=\"#_ednref2\" name=\"_edn2\">[2]<\/a> <em>Al-Borz<\/em>, 21 de agosto, 2006.<\/p>\n<\/div>\n","protected":false},"excerpt":{"rendered":"<p>El servicio de noticias iran\u00ed Al-Borz, el cual se conoce por tener acceso a fuentes en el gobierno iran\u00ed predijo que al primer aniversario del gobierno del Presidente iran\u00ed Ahmadinejad, a finales de agosto del 2006, se espera que anuncie lo que el servicio de noticias llam\u00f3 el nacimiento de Ir\u00e1n en la era nuclear\u00bb. [&hellip;]<\/p>\n","protected":false},"author":1,"featured_media":0,"comment_status":"open","ping_status":"open","sticky":false,"template":"","format":"standard","meta":{"footnotes":""},"categories":[6,20],"tags":[],"class_list":["post-1351","post","type-post","status-publish","format-standard","hentry","category-comunicados-especiales","category-iran"],"_links":{"self":[{"href":"https:\/\/www2.memri.org\/espanol\/wp-json\/wp\/v2\/posts\/1351","targetHints":{"allow":["GET"]}}],"collection":[{"href":"https:\/\/www2.memri.org\/espanol\/wp-json\/wp\/v2\/posts"}],"about":[{"href":"https:\/\/www2.memri.org\/espanol\/wp-json\/wp\/v2\/types\/post"}],"author":[{"embeddable":true,"href":"https:\/\/www2.memri.org\/espanol\/wp-json\/wp\/v2\/users\/1"}],"replies":[{"embeddable":true,"href":"https:\/\/www2.memri.org\/espanol\/wp-json\/wp\/v2\/comments?post=1351"}],"version-history":[{"count":0,"href":"https:\/\/www2.memri.org\/espanol\/wp-json\/wp\/v2\/posts\/1351\/revisions"}],"wp:attachment":[{"href":"https:\/\/www2.memri.org\/espanol\/wp-json\/wp\/v2\/media?parent=1351"}],"wp:term":[{"taxonomy":"category","embeddable":true,"href":"https:\/\/www2.memri.org\/espanol\/wp-json\/wp\/v2\/categories?post=1351"},{"taxonomy":"post_tag","embeddable":true,"href":"https:\/\/www2.memri.org\/espanol\/wp-json\/wp\/v2\/tags?post=1351"}],"curies":[{"name":"wp","href":"https:\/\/api.w.org\/{rel}","templated":true}]}}