{"id":1338,"date":"2006-08-15T00:00:00","date_gmt":"2006-08-15T00:00:00","guid":{"rendered":"http:\/\/www2.memri.org\/espanol\/2006\/08\/15\/director-general-de-al-arabiya-tv-en-defensa-a-la-descripcion-del-presidente-bush-de-los-atacantes-suicidas-en-londres-son-fascistas\/"},"modified":"2006-08-15T00:00:00","modified_gmt":"2006-08-15T00:00:00","slug":"director-general-de-al-arabiya-tv-en-defensa-a-la-descripcion-del-presidente-bush-de-los-atacantes-suicidas-en-londres-son-fascistas","status":"publish","type":"post","link":"https:\/\/www2.memri.org\/espanol\/director-general-de-al-arabiya-tv-en-defensa-a-la-descripcion-del-presidente-bush-de-los-atacantes-suicidas-en-londres-son-fascistas\/1338","title":{"rendered":"Director general de Al-Arabiya Tv en defensa a la descripci\u00f3n del Presidente Bush de los atacantes suicidas en Londres: &#8216;Son fascistas&#8217;"},"content":{"rendered":"<div class=\"bodytext c1\">\n<p><em>En un articulo del 14 de agosto, 2006 titulado \u00abEllos Son Fascistas\u00bb en el diario de Londres Al-Sharq Al-Awsat, el ex jefe de redacci\u00f3n del peri\u00f3dico y actual director general de Al-Arabiya Tv, Abd Al-Rahman Al-Rashed, defendi\u00f3 la descripci\u00f3n del Presidente George W. Bush de los individuos que fueron arrestados la semana pasada antes de que pudieran llevar a cabo su plan de volar aviones de pasajeros.<\/em><\/p>\n<p><em>Lo siguiente son extractos del art\u00edculo, en su ingl\u00e9s original:<\/em><\/p>\n<p><strong>\u00abLos grupos que protestan&#8230; habr\u00eda hecho mejor en&#8230; denunciar los hechos de aqu\u00e9llos afiliados al Islam que perjudicaron a todos los musulmanes y al Islam\u00bb<\/strong><\/p>\n<p>\u00abMuchos de nosotros s\u00f3lo estamos preocupamos por la reputaci\u00f3n y la imagen, nuestra imagen en los medios de comunicaci\u00f3n, y la reputaci\u00f3n de los musulmanes en el mundo, pero no se preocupan por reformar la fuente original, sus hijos.<\/p>\n<p>\u00abCuando el Presidente norteamericano George W. Bush describi\u00f3 a aqu\u00e9llos que tramaron de matar a miles de pasajeros en diez aviones comerciales como fascistas musulmanes, las protestas de varias sociedades isl\u00e1micas en Occidente y Oriente fueron expresadas contra esta descripci\u00f3n.<\/p>\n<p>\u00abQue hay de malo en usar un mal adjetivo para describir a un terrorista mientras que tiene la voluntad de llamarse a si mismo islamista; declara su posici\u00f3n, sus esquemas, y sus objetivos; mientras que sus partidarios llaman p\u00fablicamente a matar a aqu\u00e9llos a quienes consideren infieles, o discrepen religiosa o pol\u00edticamente con ellos?<\/p>\n<p>\u00abLo extra\u00f1o es que los grupos que protestan, que celebraron una conferencia de prensa lo habr\u00edan hecho mejor celebr\u00e1ndola en denunciar los hechos de aqu\u00e9llos afiliados al Islam, que perjudicaron a todos los musulmanes y al Islam\u00bb.<\/p>\n<p><strong>\u00abBush no dijo que los musulmanes eran fascistas; dijo que los fascistas musulmanes eran el problema\u00bb<\/strong><\/p>\n<p>\u00abBush no dijo que los musulmanes eran fascistas; dijo que los fascistas musulmanes eran el problema, e.d. distingui\u00f3 entre un grupo extremista y los comunes inocentes pac\u00edficos musulmanes. S\u00ed, fascismo es una palabra que tiene malas connotaciones, y es usada aqu\u00ed para aproximar el significado a los oyentes. Los occidentales saben que el fascismo es un movimiento nacionalista extremista que surgi\u00f3 de la sociedad europea, y fue responsable de guerras destructivas causado por sus premisas, que est\u00e1n basadas en la discriminaci\u00f3n, el racismo y el odio. Esta aproximaci\u00f3n es correcta cuando uno la aplica a la literatura de los extremistas isl\u00e1micos. Igual que los europeos combatieron el fascismo y a los fascistas por la palabra y por la p\u00f3lvora, el mundo combatir\u00e1 a los islamistas extremistas. Esto es lo que los buenos musulmanes, que est\u00e1n a la vanguardia de los que hacen aquellos que persiguen a Al-Qaeda; al igual que los musulmanes que expusieron la \u00faltima conspiraci\u00f3n para secuestrar aviones, mientras \u00e9l se apresur\u00f3 a informarle a las autoridades de seguridad cuando sospech\u00f3 lo que estaba sucediendo en el vecindario.<\/p>\n<p>\u00abEste es el por qu\u00e9 yo no entiendo lo que esta gente &#8211; qui\u00e9nes quieren proteger la reputaci\u00f3n e imagen de los occidentales &#8211; quieren llamar a los extremistas musulmanes que acuden a la violencia. Quieren ellos llamarlos Khawarij (la primera secta isl\u00e1mica, quienes rastrean sus comienzos a una controversia religioso-pol\u00edtica sobre del Califato)? El problema es que nadie (en Occidente) entiende su significado hist\u00f3rico. Los llaman s\u00f3lo por sus nombres, como Osama, Ayman, Muhammad, y Zamani? Los llaman seg\u00fan la manera sarc\u00e1stica egipcia: &#8216;gente que deber\u00eda permanecer an\u00f3nima?'\u00bb<\/p>\n<p><strong>\u00abM\u00e1s importante que la preocupaci\u00f3n con el preservar la imagen es rectificar la situaci\u00f3n, y confrontar a los extremistas entre nosotros\u00bb<\/strong><\/p>\n<p>\u00abDescribi\u00e9ndolos como fascistas en occidente es mejor que todos los malos adjetivos que correcta o incorrectamente se le han atribuido a ellos. Esto es debido a que hasta donde les concierne a los occidentales, el fascismo significa un grupo espec\u00edficamente definido que todav\u00eda vive dentro de sus sociedades, es de sus grupos \u00e9tnicos y de su religi\u00f3n, y as\u00ed se distingue entre ellos y los otros.<\/p>\n<p>\u00abM\u00e1s importante que la preocupaci\u00f3n con preservar la imagen es rectificar la situaci\u00f3n, y confrontar a los extremistas entre nosotros. La mayor\u00eda de los occidentales no sab\u00edan nada del Islam y los musulmanes hasta bin Laden, Al-Zawahiri, Muhammad Atta, y los culpables de las explosiones de Londres se llamaron a si mismos islamistas, y empezaron a usar el Cor\u00e1n y las nomenclaturas hist\u00f3ricas isl\u00e1micas. Usted no puede llamar al Movimiento de las Brigadas Rojas de otra manera de lo que ellos mismos se autodenominan, y no existe escape alguno en llamarlos comunistas italianos; lo mismo aplica al Frente Nacional en G. Breta\u00f1a, que se describe como un movimiento fascista nazi\u00bb.<\/p>\n<p><strong>\u00abDescribir a un musulm\u00e1n como terrorista es natural si es terrorista\u00bb<\/strong><\/p>\n<p>\u00abAl final, describir manzanas podridas como podridas no hace que la gente odie el comer manzanas buenas. Lo mismo aplica a los musulmanes; hay un bill\u00f3n de musulmanes en el mundo, y el mundo no tiene ninguna opci\u00f3n otra que tratar con ellos, y perseguir a la minor\u00eda malvada de entre ellos. Hemos desperdiciado mucho tiempo desde los a\u00f1os setenta preocup\u00e1ndonos con protestar en contra de las nomenclaturas y las im\u00e1genes. Esto a pesar del hecho de que esta gente secuestra aviones civiles, mata gente en restaurantes, y justifica sus acciones usando descripciones pan-\u00e1rabes o isl\u00e1micas. Para describir a un musulm\u00e1n como terrorista es de lo m\u00e1s natural si es un terrorista, al igual que lo hacen con un contrabandista de droga colombiano, un mafioso italiano, un carnicero ruso, un nazi brit\u00e1nico, o un extremista derechista americano\u00bb.<\/p>\n<\/div>\n","protected":false},"excerpt":{"rendered":"<p>En un articulo del 14 de agosto, 2006 titulado \u00abEllos Son Fascistas\u00bb en el diario de Londres Al-Sharq Al-Awsat, el ex jefe de redacci\u00f3n del peri\u00f3dico y actual director general de Al-Arabiya Tv, Abd Al-Rahman Al-Rashed, defendi\u00f3 la descripci\u00f3n del Presidente George W. Bush de los individuos que fueron arrestados la semana pasada antes de [&hellip;]<\/p>\n","protected":false},"author":1,"featured_media":0,"comment_status":"open","ping_status":"open","sticky":false,"template":"","format":"standard","meta":{"footnotes":""},"categories":[6],"tags":[],"class_list":["post-1338","post","type-post","status-publish","format-standard","hentry","category-comunicados-especiales"],"_links":{"self":[{"href":"https:\/\/www2.memri.org\/espanol\/wp-json\/wp\/v2\/posts\/1338","targetHints":{"allow":["GET"]}}],"collection":[{"href":"https:\/\/www2.memri.org\/espanol\/wp-json\/wp\/v2\/posts"}],"about":[{"href":"https:\/\/www2.memri.org\/espanol\/wp-json\/wp\/v2\/types\/post"}],"author":[{"embeddable":true,"href":"https:\/\/www2.memri.org\/espanol\/wp-json\/wp\/v2\/users\/1"}],"replies":[{"embeddable":true,"href":"https:\/\/www2.memri.org\/espanol\/wp-json\/wp\/v2\/comments?post=1338"}],"version-history":[{"count":0,"href":"https:\/\/www2.memri.org\/espanol\/wp-json\/wp\/v2\/posts\/1338\/revisions"}],"wp:attachment":[{"href":"https:\/\/www2.memri.org\/espanol\/wp-json\/wp\/v2\/media?parent=1338"}],"wp:term":[{"taxonomy":"category","embeddable":true,"href":"https:\/\/www2.memri.org\/espanol\/wp-json\/wp\/v2\/categories?post=1338"},{"taxonomy":"post_tag","embeddable":true,"href":"https:\/\/www2.memri.org\/espanol\/wp-json\/wp\/v2\/tags?post=1338"}],"curies":[{"name":"wp","href":"https:\/\/api.w.org\/{rel}","templated":true}]}}