{"id":1324,"date":"2006-08-08T00:00:00","date_gmt":"2006-08-08T00:00:00","guid":{"rendered":"http:\/\/www2.memri.org\/espanol\/2006\/08\/08\/presidente-venezolano-chavez-en-al-jazeera-israel-usa-los-metodos-de-hitler-los-estados-unidos-usan-los-metodos-de-dracula-soy-un-nasserista-que-ha-cruzado-desiertos-montado-camellos-y-cantado-ju\/"},"modified":"2006-08-08T00:00:00","modified_gmt":"2006-08-08T00:00:00","slug":"presidente-venezolano-chavez-en-al-jazeera-israel-usa-los-metodos-de-hitler-los-estados-unidos-usan-los-metodos-de-dracula-soy-un-nasserista-que-ha-cruzado-desiertos-montado-camellos-y-cantado-ju","status":"publish","type":"post","link":"https:\/\/www2.memri.org\/espanol\/presidente-venezolano-chavez-en-al-jazeera-israel-usa-los-metodos-de-hitler-los-estados-unidos-usan-los-metodos-de-dracula-soy-un-nasserista-que-ha-cruzado-desiertos-montado-camellos-y-cantado-ju\/1324","title":{"rendered":"Presidente venezolano Ch\u00e1vez en Al-Jazeera: Israel usa los m\u00e9todos de Hitler, los Estados Unidos usan los m\u00e9todos de Dr\u00e1cula; Soy un nasserista que ha cruzado desiertos, montado camellos, y cantado junto a los beduinos; Al-Jazeera juega un papel en libera"},"content":{"rendered":"<div class=\"bodytext c1\">\n<p><em>En una entrevista con Al-Jazeera Tv que fue puesta al aire el 4 de agosto del 2006, el Presidente venezolano Hugo Ch\u00e1vez expres\u00f3 su solidaridad con la totalidad de los pueblos \u00e1rabes en ocasi\u00f3n de su cumplea\u00f1os, declarando que su coraz\u00f3n \u00abpalpita junto a millones de corazones \u00e1rabes\u00bb. Luego sigue hablando sobre como Israel est\u00e1 \u00abhaciendo lo que Hitler le hizo a los jud\u00edos\u00bb, sobre c\u00f3mo los Estados Unidos son como el Conde Dr\u00e1cula &#8211; siempre en busca de sangre y combustible\u00bb, del c\u00f3mo Nasser fue \u00abuna de las m\u00e1s grandes personas en la historia \u00e1rabe, y en el c\u00f3mo Al-Jazeera juega \u00abun papel en liberar al mundo\u00bb.<\/em><\/p>\n<p><em>Lo siguiente son extractos de la entrevista.<\/em><\/p>\n<p><em>PARA VER ESTE SEGMENTO, VISITE: <a href=\"http:\/\/www.memritv.org\/search.asp?ACT=S9&amp;P1=1220\">http:\/\/www.memritv.org\/search.asp?ACT=S9&amp;P1=1220<\/a><\/em><\/p>\n<p><strong>\u00abHe cruzado desiertos, he montado camellos, y he cantado junto a los beduinos\u00bb<\/strong><\/p>\n<p><strong>Hugo Chavez:<\/strong> \u00abQuiero felicitar al pueblo de Qatar, y su l\u00edder, mi amigo y hermano, el Pr\u00edncipe Hamad. Desde este p\u00falpito, le env\u00edo mis felicitaciones fraternales a todo el pueblo \u00e1rabe. Estoy celebrando mi cumplea\u00f1os en el coraz\u00f3n de la patria \u00e1rabe, en tierra \u00e1rabe. \u00a1Que feliz coincidencia! Mi coraz\u00f3n late junto a millones de corazones \u00e1rabes. Yo podr\u00eda ser \u00e1rabe. He cruzado desiertos, He montado camellos, y he cantado junto con los beduinos. He aprendido en estos a\u00f1os a amar y a respetar al pueblo \u00e1rabe\u00bb.<\/p>\n<p>[&#8230;]<\/p>\n<p><strong>La agresi\u00f3n de Israel es \u00abperpetrada a la manera de Hitler\u00bb<\/strong><\/p>\n<p>\u00abNosotros sentimos que la agresi\u00f3n israel\u00ed contra los palestinos y contra el L\u00edbano tambi\u00e9n va dirigida contra nosotros. Esta agresi\u00f3n es injustificada. Es perpetrada de la manera fascista de Hitler. Israel est\u00e1 justificado en criticar a Hitler y su agresi\u00f3n &#8211; y nosotros criticamos esto tambi\u00e9n &#8211; pero ahora est\u00e1n haciendo lo que Hitler le hizo a los jud\u00edos. Est\u00e1n matando a ni\u00f1os inocentes y a familias enteras. Desmantelaron al leg\u00edtimo gobierno de Palestina, y frustraron los tremendos esfuerzos para lograr la paz y establecer un estado palestino.<\/p>\n<p>\u00abAhora est\u00e1n atacando al L\u00edbano, y han destruido m\u00e1s de la mitad de ella, seg\u00fan la \u00faltima informaci\u00f3n. Han asesinado a centenares de personas inocentes, y con qu\u00e9 fin? No hay ninguna justificaci\u00f3n por esto. Yo les estoy diciendo con toda la honestidad que la mano de los americanos los est\u00e1 incitando. Esta mano est\u00e1 detr\u00e1s de la agresi\u00f3n israel\u00ed. Es agresi\u00f3n imperialista. La verdadera amenaza al mundo es la amenaza imperialista propuesta por los Estados Unidos, e Israel es uno de sus instrumentos imperialistas en esta parte del mundo\u00bb.<\/p>\n<p>[&#8230;]<\/p>\n<p>\u00abEn este d\u00eda, mientras estoy celebrando mi cumplea\u00f1os, exijo, en nombre del pueblo de Venezuela, que Israel se retire de la tierra de Palestina y del L\u00edbano. Debe haber un inmediato cese de hostilidades. Debemos darle espacio a la diplomacia, y respetar la ley y los derechos humanos. No podemos volver a vivir en cuevas. Esto ser\u00e1 terrible para el futuro de la humanidad\u00bb.<\/p>\n<p>[&#8230;]<\/p>\n<p>\u00abUna vez m\u00e1s, la m\u00e1scara ha ca\u00eddo del rostro sat\u00e1nico imperialista de los Estados Unidos. Usaron su veto para impedirle al Concejo de Seguridad activar el mecanismo de las Naciones Unidas para acabar con esta agresi\u00f3n\u00bb.<\/p>\n<p>[&#8230;]<\/p>\n<p><strong>Los Estados Unidos son como el Conde Dr\u00e1cula &#8211; siempre en busca de combustible y sangre\u00bb<\/strong><\/p>\n<p><strong>Entrevistador:<\/strong> \u00abSr. Presidente, podr\u00eda esto llevarnos a decir, como se ha denunciado, que esta es una guerra americana hecha por su agente, en lugar de una guerra israel\u00ed contra el L\u00edbano y Palestina?\u00bb<\/p>\n<p><strong>Hugo Ch\u00e1vez:<\/strong> \u00abS\u00ed, no tengo ninguna duda sobre esto\u00bb.<\/p>\n<p>[&#8230;]<\/p>\n<p>\u00abEn 50 a\u00f1os, los Estados Unidos consumieron la energ\u00eda que consumi\u00f3 toda la humanidad en 150 a\u00f1os. Ahora, est\u00e1n trabajando para tomar el control del petr\u00f3leo de los pueblos para poder consumirlo, igual que Dr\u00e1cula. Ellos son como el Conde Dr\u00e1cula &#8211; siempre en busca de combustible y de sangre. \u00bfPor qu\u00e9? Porque quieren preservar algo que es transe\u00fante &#8211; el estilo de vida imperialista americano\u00bb.<\/p>\n<p>[&#8230;]<\/p>\n<p><strong>\u00abEl imperio americano es el enemigo No. 1 de el camino al reino de la paz y de la justicia\u00bb<\/strong><\/p>\n<p>\u00abCon toda honestidad, digo que son los Estados Unidos que deber\u00edan formular un plan para el post-imperialismo. La sociedad americana no puede y no debe llegar a un fin, pero el imperialismo de la elite fascista s\u00ed. Debemos derrotar al imperialismo en este siglo, para que esta elite no aniquile al mundo. O tenemos \u00e9xito de 1,000 maneras diferentes en acabar con el imperialismo, o el imperialismo usar\u00e1 1,000 maneras diferentes para aniquilar al mundo. Esto constituir\u00eda el fin de la humanidad, el fin de nuestras esperanzas. Jesucristo llam\u00f3 en nosotros a vivir en el Reino de la Paz, pero no puede haber paz sin libertad. Yo soy cristiano, y creo que Jes\u00fas vino a anunciarnos la llagada del Reino de Dios, y el Reino de Dios es paz, igualdad, y justicia. El imperio americano es el enemigo numero uno en el camino al Reino de la Paz y la Justicia\u00bb.<\/p>\n<p>[&#8230;]<\/p>\n<p>\u00abC\u00f3mo puede lograrse esto? La respuesta tiene que ver con la estrategia que nos permitir\u00e1 alcanzar nuestra meta &#8211; alcanzando lo que Jes\u00fas llam\u00f3 el Reino de los Cielos. \u00bfC\u00f3mo? Esto puede hacerse en un mundo multi-polar. La respuesta es que debemos crear un mundo multi-polar. \u00c9ste es el esp\u00edritu de la pol\u00edtica exterior de Venezuela, mi querido amigo y hermano, Muhammad\u00bb.<\/p>\n<p>[&#8230;]<\/p>\n<p><strong>\u00abNasser fue uno de los m\u00e1s grandes de la historia \u00e1rabe\u00bb<\/strong><\/p>\n<p>\u00abAlguien habl\u00f3 conmigo sobre su pesimismo respecto al futuro del nacionalismo \u00e1rabe. Le dije que yo era optimista, porque las ideas de Nasser todav\u00eda est\u00e1n vivas. Nasser fue uno de los m\u00e1s grandes en la historia \u00e1rabe, para decir al menos; Soy nasserista, desde que fui un joven soldado\u00bb.<\/p>\n<p>[&#8230;]<\/p>\n<p><strong>\u00abMi coraz\u00f3n est\u00e1 con Al-Jazeera y su gente en los medios de comunicaci\u00f3n&#8230; ustedes tienen un papel en liberar al mundo\u00bb<\/strong><\/p>\n<p>\u00abSiempre que me encuentro con un reportero de Al-Jazeera, siento como si quisiera darle una entrevista o una declaraci\u00f3n. Perm\u00edtanme decirle al personal de Al-Jazeera que estoy asombrado por ellos. Como alguien que lucha por un mundo justo, es un honor para m\u00ed estar aqu\u00ed, y sentarse frente a ustedes en estos estudios, y entre estos colegas y hermanos en Al-Jazeera. Yo le digo a la gente de los medios de comunicaci\u00f3n que he conocido aqu\u00ed, y a algunos con quienes he estrechado la mano, de que ustedes son un ejemplo y un modelo de honor, valent\u00eda, y de lucha por la justicia. Ustedes est\u00e1n comprometidos con el c\u00f3digo de trabajo period\u00edstico, y con la ruptura del monopolio sobre los medios de comunicaci\u00f3n, y la distorsi\u00f3n de la verdad, a pesar de toda la presi\u00f3n\u00bb.<\/p>\n<p>[&#8230;]<\/p>\n<p>\u00abMi coraz\u00f3n est\u00e1 con Al-Jazeera y con la gente que maneja los medios de comunicaci\u00f3n, sus empleados, y sus obreros. Ustedes debe continuar sirviendo como ejemplo, y presentar la verdad al mundo, porque la verdad es que ustedes tiene un papel en liberar al mundo\u00bb.<\/p>\n<\/div>\n","protected":false},"excerpt":{"rendered":"<p>En una entrevista con Al-Jazeera Tv que fue puesta al aire el 4 de agosto del 2006, el Presidente venezolano Hugo Ch\u00e1vez expres\u00f3 su solidaridad con la totalidad de los pueblos \u00e1rabes en ocasi\u00f3n de su cumplea\u00f1os, declarando que su coraz\u00f3n \u00abpalpita junto a millones de corazones \u00e1rabes\u00bb. Luego sigue hablando sobre como Israel est\u00e1 [&hellip;]<\/p>\n","protected":false},"author":1,"featured_media":0,"comment_status":"open","ping_status":"open","sticky":false,"template":"","format":"standard","meta":{"footnotes":""},"categories":[6,11],"tags":[],"class_list":["post-1324","post","type-post","status-publish","format-standard","hentry","category-comunicados-especiales","category-e-u-a-y-el-medio-oriente"],"_links":{"self":[{"href":"https:\/\/www2.memri.org\/espanol\/wp-json\/wp\/v2\/posts\/1324","targetHints":{"allow":["GET"]}}],"collection":[{"href":"https:\/\/www2.memri.org\/espanol\/wp-json\/wp\/v2\/posts"}],"about":[{"href":"https:\/\/www2.memri.org\/espanol\/wp-json\/wp\/v2\/types\/post"}],"author":[{"embeddable":true,"href":"https:\/\/www2.memri.org\/espanol\/wp-json\/wp\/v2\/users\/1"}],"replies":[{"embeddable":true,"href":"https:\/\/www2.memri.org\/espanol\/wp-json\/wp\/v2\/comments?post=1324"}],"version-history":[{"count":0,"href":"https:\/\/www2.memri.org\/espanol\/wp-json\/wp\/v2\/posts\/1324\/revisions"}],"wp:attachment":[{"href":"https:\/\/www2.memri.org\/espanol\/wp-json\/wp\/v2\/media?parent=1324"}],"wp:term":[{"taxonomy":"category","embeddable":true,"href":"https:\/\/www2.memri.org\/espanol\/wp-json\/wp\/v2\/categories?post=1324"},{"taxonomy":"post_tag","embeddable":true,"href":"https:\/\/www2.memri.org\/espanol\/wp-json\/wp\/v2\/tags?post=1324"}],"curies":[{"name":"wp","href":"https:\/\/api.w.org\/{rel}","templated":true}]}}