{"id":1307,"date":"2006-07-28T00:00:00","date_gmt":"2006-07-28T00:00:00","guid":{"rendered":"http:\/\/www2.memri.org\/espanol\/2006\/07\/28\/estudiantes-iranies-se-ofrecen-como-voluntarios-para-unirse-a-la-lucha-en-el-libano-y-palestina\/"},"modified":"2006-07-28T00:00:00","modified_gmt":"2006-07-28T00:00:00","slug":"estudiantes-iranies-se-ofrecen-como-voluntarios-para-unirse-a-la-lucha-en-el-libano-y-palestina","status":"publish","type":"post","link":"https:\/\/www2.memri.org\/espanol\/estudiantes-iranies-se-ofrecen-como-voluntarios-para-unirse-a-la-lucha-en-el-libano-y-palestina\/1307","title":{"rendered":"Estudiantes iran\u00edes se ofrecen como voluntarios para unirse a la lucha en el L\u00edbano y Palestina"},"content":{"rendered":"<div class=\"bodytext c1\">\n<p><em>Lo siguiente son extractos de un informe de noticias sobre voluntarios iran\u00edes hacia el L\u00edbano, que fue presentado en Al-Alam Tv el 26 de julio, 2006.<\/em><\/p>\n<p><em>PARA VER ESTE SEGMENTO, VISITE: <a href=\"http:\/\/www.memritv.org\/search.asp?ACT=S9&amp;P1=1207\">http:\/\/www.memritv.org\/search.asp?ACT=S9&amp;P1=1207<\/a>.<\/em><\/p>\n<p><strong>Reportero:<\/strong> \u00abLejos de los rotundos discursos y la propaganda pol\u00edtica, estos iran\u00edes escogieron poner las palabras en acci\u00f3n. Todos ellos son estudiantes universitarios, que se han reunido aqu\u00ed en Teher\u00e1n bajo el t\u00edtulo de &#8216;El Movimiento de Justicia de los Estudiantes&#8217; para ir al L\u00edbano y a los territorios palestinos ocupados y unirse a las l\u00edneas de la resistencia ah\u00ed. Es notable que este movimiento opere sin el apoyo del gobierno. Es un movimiento voluntario por excelencia. Ellos esperan que las autoridades turcas les permitan pasar hacia Siria, y de all\u00ed al L\u00edbano\u00bb.<\/p>\n<p><strong>Amin Jalili Nejad, secretario de El Movimiento de Justicia de los Estudiantes:<\/strong> \u00ab\u00c9ste es un movimiento popular, que no recibe apoyo de nadie. Nuestra meta es apoyar a nuestros hermanos en el L\u00edbano y en Palestina. Creo que reuniremos a m\u00e1s voluntarios en nuestra v\u00eda a la frontera turca, a la que llegaremos ma\u00f1ana\u00bb.<\/p>\n<p><strong>Reportero:<\/strong> \u00abTodos los que conoces aqu\u00ed te dicen que enfrentan dificultades geogr\u00e1ficas, pero puedes sentir la emotividad colectiva de responsabilidad hacia su religi\u00f3n, y hacia sus hermanos libaneses y palestinos\u00bb.<\/p>\n<p><strong>Sahil Taqvi, voluntario e ingeniero en computaci\u00f3n:<\/strong> \u00abAmamos el martirio, y estamos listos para ir al L\u00edbano y a Palestina con las manos vac\u00edas para darle una mano a la resistencia, as\u00ed sea ayud\u00e1ndola o incluso con el martirio\u00bb.<\/p>\n<p><strong>Reportero:<\/strong> \u00abCada uno tiene su propia forma de expresi\u00f3n. El sitio de acci\u00f3n hoy son las oficinas de las Naciones Unidas en Teher\u00e1n. Decenas de iran\u00edes se han reunido, exigiendo que la comunidad internacional tome acciones y logre un cese de hostilidades y a que protejan a los civiles en el L\u00edbano y Palestina\u00bb.<\/p>\n<p><strong>Mahdi Chamran, encabezado del Concejo de la Ciudad de Teheran:<\/strong> \u00abLa misi\u00f3n humanitaria de la Naciones Unidas y del Concejo de Seguridad es la de proteger los derechos humanos en todas partes. Pero nosotros no vemos ninguna se\u00f1al de este rol en el L\u00edbano, y esto lanza dudas en la credibilidad internacional\u00bb.<\/p>\n<p><strong>Reportero:<\/strong> \u00abAlgunos de ellos ten\u00edan m\u00e1s que dudas, y acusaron a algunos poderes de participar en el ataque al L\u00edbano\u00bb.<\/p>\n<p><strong>Protestante:<\/strong> \u00abPodemos ver c\u00f3mo todas las fuerzas globales est\u00e1n ayudando a que Israel ataque a una naci\u00f3n que s\u00f3lo porta el arma de la fe\u00bb.<\/p>\n<p><strong>Reportero:<\/strong> \u00abEntre una protesta pol\u00edtica como esta, y otra, que insiste en la verdadera participaci\u00f3n en el campo de batalla, la posici\u00f3n popular iran\u00ed es la de apoyar a la resistencia, en teor\u00eda y en la pr\u00e1ctica. &#8216;Los m\u00e1rtires vivientes&#8217; &#8211; as\u00ed es como ellos se llaman. Su jornada es una larga, tal como bien lo saben. No obstante, ellos vienen en ayuda de sus hermanos en Palestina y en el L\u00edbano, seg\u00fan el principio: &#8216;\u00c9l que ayuda a su hermano, Al\u00e1 lo ayuda'\u00bb.<\/p>\n<\/div>\n","protected":false},"excerpt":{"rendered":"<p>Lo siguiente son extractos de un informe de noticias sobre voluntarios iran\u00edes hacia el L\u00edbano, que fue presentado en Al-Alam Tv el 26 de julio, 2006. PARA VER ESTE SEGMENTO, VISITE: http:\/\/www.memritv.org\/search.asp?ACT=S9&amp;P1=1207. Reportero: \u00abLejos de los rotundos discursos y la propaganda pol\u00edtica, estos iran\u00edes escogieron poner las palabras en acci\u00f3n. Todos ellos son estudiantes universitarios, [&hellip;]<\/p>\n","protected":false},"author":1,"featured_media":0,"comment_status":"open","ping_status":"open","sticky":false,"template":"","format":"standard","meta":{"footnotes":""},"categories":[10,6,20],"tags":[],"class_list":["post-1307","post","type-post","status-publish","format-standard","hentry","category-estudios-sobre-terrorismo-y-yihad","category-comunicados-especiales","category-iran"],"_links":{"self":[{"href":"https:\/\/www2.memri.org\/espanol\/wp-json\/wp\/v2\/posts\/1307","targetHints":{"allow":["GET"]}}],"collection":[{"href":"https:\/\/www2.memri.org\/espanol\/wp-json\/wp\/v2\/posts"}],"about":[{"href":"https:\/\/www2.memri.org\/espanol\/wp-json\/wp\/v2\/types\/post"}],"author":[{"embeddable":true,"href":"https:\/\/www2.memri.org\/espanol\/wp-json\/wp\/v2\/users\/1"}],"replies":[{"embeddable":true,"href":"https:\/\/www2.memri.org\/espanol\/wp-json\/wp\/v2\/comments?post=1307"}],"version-history":[{"count":0,"href":"https:\/\/www2.memri.org\/espanol\/wp-json\/wp\/v2\/posts\/1307\/revisions"}],"wp:attachment":[{"href":"https:\/\/www2.memri.org\/espanol\/wp-json\/wp\/v2\/media?parent=1307"}],"wp:term":[{"taxonomy":"category","embeddable":true,"href":"https:\/\/www2.memri.org\/espanol\/wp-json\/wp\/v2\/categories?post=1307"},{"taxonomy":"post_tag","embeddable":true,"href":"https:\/\/www2.memri.org\/espanol\/wp-json\/wp\/v2\/tags?post=1307"}],"curies":[{"name":"wp","href":"https:\/\/api.w.org\/{rel}","templated":true}]}}