{"id":1224,"date":"2006-05-02T00:00:00","date_gmt":"2006-05-02T00:00:00","guid":{"rendered":"http:\/\/www2.memri.org\/espanol\/2006\/05\/02\/lider-libio-muammar-al-qadhafi-en-al-jazeera-hay-senales-de-que-ala-le-concedera-la-victoria-al-islam-en-europa-europa-y-los-estados-unidos-deberian-acordar-en-convertirse-al-islam-o-de\/"},"modified":"2006-05-02T00:00:00","modified_gmt":"2006-05-02T00:00:00","slug":"lider-libio-muammar-al-qadhafi-en-al-jazeera-hay-senales-de-que-ala-le-concedera-la-victoria-al-islam-en-europa-europa-y-los-estados-unidos-deberian-acordar-en-convertirse-al-islam-o-de","status":"publish","type":"post","link":"https:\/\/www2.memri.org\/espanol\/lider-libio-muammar-al-qadhafi-en-al-jazeera-hay-senales-de-que-ala-le-concedera-la-victoria-al-islam-en-europa-europa-y-los-estados-unidos-deberian-acordar-en-convertirse-al-islam-o-de\/1224","title":{"rendered":"L\u00edder libio Mu&#8217;ammar Al-Qadhafi en Al-Jazeera: &#8216;Hay Se\u00f1ales de que Al\u00e1 le conceder\u00e1 la victoria al Islam en Europa&#8217;; Europa y los Estados Unidos &#8216;deber\u00edan acordar en convertirse al Islam\u2026 o declararle la guerra a los musulmanes"},"content":{"rendered":"<div class=\"bodytext c1\">\n<p><em>Lo siguiente son extractos de un discurso del l\u00edder libio Mu&#8217;ammar Al-Qadhafi, que fue presentado en Al-Jazeera Tv el 10 de abril del 2006.<\/em><\/p>\n<p><em>PARA VER ESTE SEGMENTO VISITE: <a href=\"http:\/\/www.memritv.org\/search.asp?ACT=S9&amp;P1=1121\">http:\/\/www.memritv.org\/search.asp?ACT=S9&amp;P1=1121<\/a>.<\/em><\/p>\n<p><strong>Mu&#8217;ammar Al-Qadhafi:<\/strong> \u00abAlgunos creen que Muhammad es solamente el profeta de los \u00e1rabes o musulmanes. Esto es un error. Muhammad es el profeta de todos los pueblos\u00bb.<\/p>\n<p>[&hellip;]<\/p>\n<p>\u00ab\u00c9l reemplaz\u00f3 a todas las religiones anteriores. Si Jes\u00fas estuviera vivo cuando Muhammad fue enviado, lo hubiera seguido. Todo el mundo debe ser musulm\u00e1n\u00bb.<\/p>\n<p>[&#8230;]<\/p>\n<p>\u00abLos musulmanes se enfurecieron por la difamaci\u00f3n de su Profeta. Pero los que difamaron a Muhammad estaban difamando a su propio profeta, ya que Muhammad es el profeta del pueblo de Escandinavia, en Europa, Am\u00e9rica, Asia y \u00c1frica\u00bb.<\/p>\n<p>[&hellip;]<\/p>\n<p>\u00abPero ya que los santos textos que ellos leyeron en Escandinavia han sido falsificados y llaman al odio, ellos creen que Muhammad no es su profeta\u00bb.<\/p>\n<p>[&#8230;]<\/p>\n<p>\u00abEsperamos ver un retrato de Jes\u00fas con bombas nucleares sobre su cabeza, ya que la bomba nuclear fue desarrollada por los seguidores de Jes\u00fas\u00bb.<\/p>\n<p>[&#8230;]<\/p>\n<p>\u00abEllos dibujaron a Muhammad rodeado por mujeres con el velo puesto, debido al velo usado por las mujeres musulmanas. Nosotros esperamos que dibujen a Jes\u00fas rodeado de mujeres desnudas, ya que los seguidores&#8230; las mujeres cristianas est\u00e1n desnudas\u00bb.<\/p>\n<p>[&hellip;]<\/p>\n<p>\u00abEn Escandinavia las mujeres est\u00e1n desnudas\u00bb.<\/p>\n<p>[&#8230;]<\/p>\n<p>\u00abEn cualquier caso, los santos textos de Occidente, de Europa y Am\u00e9rica, llaman al odio, no hay ninguna duda de esto\u00bb.<\/p>\n<p>[&hellip;]<\/p>\n<p>\u00abEste texto es corrupto e inhumano\u00bb.<\/p>\n<p>[&#8230;]<\/p>\n<p>\u00abEl supuesto Antiguo Testamento y el Nuevo Testamento no son ni Antiguo ni Nuevo Testamento &#8211; porque ambos testamentos fueron reemplazados, y han sido falsificados. Fueron escritos a mano cientos de a\u00f1os despu\u00e9s de Jes\u00fas\u00bb.<\/p>\n<p>[&hellip;]<\/p>\n<p>\u00abEn la Biblia hay cosas que son impropias a ambos Jes\u00fas y Mois\u00e9s. Si queremos enmendar el estado de la humanidad, y vivir en una villa global, debido a la globalizaci\u00f3n, debemos buscar la verdadera Biblia, porque la Biblia que existe hoy es una falsificaci\u00f3n. La Biblia de hoy no menciona a Muhammad, mientras que la Biblia de nuestro Se\u00f1or menciona a Muhammad repetidamente\u00bb.<\/p>\n<p>[&hellip;]<\/p>\n<p>\u00abDebemos buscar el Evangelio de Barnabas, de St. Barnabas, ya que este es el verdadero evangelio\u00bb.<\/p>\n<p>[&hellip;]<\/p>\n<p>\u00abEste evangelio menciona expl\u00edcitamente que Muhammad vendr\u00eda despu\u00e9s de Jes\u00fas\u00bb.<\/p>\n<p>[&#8230;]<\/p>\n<p>\u00abHoy, estamos corrigiendo la historia humana desde aqu\u00ed, en Timbuktu\u00bb.<\/p>\n<p>[&hellip;]<\/p>\n<p>\u00abTenemos 50 millones de musulmanes en Europa. Hay se\u00f1ales de que Al\u00e1 le conceder\u00e1 al Islam la victoria en Europa &#8211; sin espadas, sin armas, sin conquistas. Los cincuenta millones de musulmanes de Europa la convertir\u00e1n en un continente musulm\u00e1n dentro de unas d\u00e9cadas.<\/p>\n<p>\u00abAl\u00e1 moviliza a la naci\u00f3n musulmana de Turqu\u00eda, y la agrega a la Uni\u00f3n Europea\u00bb.<\/p>\n<p>[&hellip;]<\/p>\n<p>\u00abEso son otros 50 millones de musulmanes. Habr\u00e1 100 millones de musulmanes en Europa. Albania el cual es un pa\u00eds musulm\u00e1n ya ha entrado en la U.E.\u00bb.<\/p>\n<p>[&hellip;]<\/p>\n<p>\u00abBosnia, que es un pa\u00eds musulm\u00e1n, ya ha entrado en la U.E. Cincuenta por ciento de sus ciudadanos son musulmanes\u00bb.<\/p>\n<p>[&#8230;]<\/p>\n<p>\u00abEuropa est\u00e1 en dificultades, y tambi\u00e9n Am\u00e9rica. Deber\u00edan acordar en convertirse en isl\u00e1micos en el transcurso del tiempo, o declararle la guerra a los musulmanes\u00bb.<\/p>\n<p>[&#8230;]<\/p>\n<p>\u00abTodas las personas tienen el derecho de hacer una peregrinaci\u00f3n a la Meca, y circular alrededor de la Ka&#8217;ba\u00bb.<\/p>\n<p>[&hellip;]<\/p>\n<p>\u00abEl verso dice que los polite\u00edstas son impuros, y se les proh\u00edbe acercarse a la Mezquita de Haram\u00bb.<\/p>\n<p>[&#8230;]<\/p>\n<p>\u00abSi el presidente americano viene a hacer una peregrinaci\u00f3n, le dir\u00e1n: Usted es un polite\u00edsta impuro\u00bb.<\/p>\n<p>[&hellip;]<\/p>\n<p>\u00abPero \u00e9l responder\u00e1: No soy polite\u00edsta. Ni tampoco soy impuro. \u00bfC\u00f3mo puede usted hacer tales serios alegatos contra m\u00ed persona? Si soy impuro, c\u00f3mo es que usted me da la mano y comparte el pan conmigo?\u00bb<\/p>\n<p>[&#8230;]<\/p>\n<p>\u00abSacar\u00e1 el billete de un d\u00f3lar que usamos, y dir\u00e1: Prosiga, lea lo que est\u00e1 escrito en \u00e9l\u00bb.<\/p>\n<p>[&hellip;]<\/p>\n<p><strong>Traductor:<\/strong> \u00abEn Dios confiamos\u00bb.<\/p>\n<p><strong>Mu&#8217;ammar Al-Qadhafi:<\/strong> \u00abDice lo que el traductor dijo: &#8216;En Dios confiamos&#8217;. Aqu\u00ed, tenemos un d\u00f3lar. \u00bfD\u00f3nde est\u00e1? L\u00e9alo&#8230; &#8216;En Dios confiamos'\u00bb.<\/p>\n<\/div>\n","protected":false},"excerpt":{"rendered":"<p>Lo siguiente son extractos de un discurso del l\u00edder libio Mu&#8217;ammar Al-Qadhafi, que fue presentado en Al-Jazeera Tv el 10 de abril del 2006. PARA VER ESTE SEGMENTO VISITE: http:\/\/www.memritv.org\/search.asp?ACT=S9&amp;P1=1121. Mu&#8217;ammar Al-Qadhafi: \u00abAlgunos creen que Muhammad es solamente el profeta de los \u00e1rabes o musulmanes. Esto es un error. Muhammad es el profeta de todos [&hellip;]<\/p>\n","protected":false},"author":1,"featured_media":0,"comment_status":"open","ping_status":"open","sticky":false,"template":"","format":"standard","meta":{"footnotes":""},"categories":[6],"tags":[],"class_list":["post-1224","post","type-post","status-publish","format-standard","hentry","category-comunicados-especiales"],"_links":{"self":[{"href":"https:\/\/www2.memri.org\/espanol\/wp-json\/wp\/v2\/posts\/1224","targetHints":{"allow":["GET"]}}],"collection":[{"href":"https:\/\/www2.memri.org\/espanol\/wp-json\/wp\/v2\/posts"}],"about":[{"href":"https:\/\/www2.memri.org\/espanol\/wp-json\/wp\/v2\/types\/post"}],"author":[{"embeddable":true,"href":"https:\/\/www2.memri.org\/espanol\/wp-json\/wp\/v2\/users\/1"}],"replies":[{"embeddable":true,"href":"https:\/\/www2.memri.org\/espanol\/wp-json\/wp\/v2\/comments?post=1224"}],"version-history":[{"count":0,"href":"https:\/\/www2.memri.org\/espanol\/wp-json\/wp\/v2\/posts\/1224\/revisions"}],"wp:attachment":[{"href":"https:\/\/www2.memri.org\/espanol\/wp-json\/wp\/v2\/media?parent=1224"}],"wp:term":[{"taxonomy":"category","embeddable":true,"href":"https:\/\/www2.memri.org\/espanol\/wp-json\/wp\/v2\/categories?post=1224"},{"taxonomy":"post_tag","embeddable":true,"href":"https:\/\/www2.memri.org\/espanol\/wp-json\/wp\/v2\/tags?post=1224"}],"curies":[{"name":"wp","href":"https:\/\/api.w.org\/{rel}","templated":true}]}}