{"id":1191,"date":"2006-03-22T00:00:00","date_gmt":"2006-03-22T00:00:00","guid":{"rendered":"http:\/\/www2.memri.org\/espanol\/2006\/03\/22\/renombrado-poeta-sirio-adonis-los-arabes-estan-extintos-al-igual-que-los-sumerianos-griegos-y-faraones-si-los-arabes-son-tan-ineptos-que-no-pueden-ser-democraticos-la-intervencion-exte\/"},"modified":"2006-03-22T00:00:00","modified_gmt":"2006-03-22T00:00:00","slug":"renombrado-poeta-sirio-adonis-los-arabes-estan-extintos-al-igual-que-los-sumerianos-griegos-y-faraones-si-los-arabes-son-tan-ineptos-que-no-pueden-ser-democraticos-la-intervencion-exte","status":"publish","type":"post","link":"https:\/\/www2.memri.org\/espanol\/renombrado-poeta-sirio-adonis-los-arabes-estan-extintos-al-igual-que-los-sumerianos-griegos-y-faraones-si-los-arabes-son-tan-ineptos-que-no-pueden-ser-democraticos-la-intervencion-exte\/1191","title":{"rendered":"Renombrado poeta sirio \u2018Adonis&#8217;: Los \u00e1rabes est\u00e1n extintos, Al igual que los sumerianos, griegos, y faraones; Si los \u00e1rabes son tan ineptos que no pueden ser democr\u00e1ticos, la intervenci\u00f3n externa no lo har\u00e1"},"content":{"rendered":"<div class=\"bodytext c1\">\n<p><em>El poeta Ali Ahmad Sa&#8217;id (b. 1930), conocido por su seud\u00f3nimo \u00abAdonis\u00bb, candidato al Premio N\u00f3bel de Literatura 2005, dej\u00f3 a su pa\u00eds nativo Siria para irse al L\u00edbano en los a\u00f1os 1950s despu\u00e9s de seis meses de encarcelamiento por actividades pol\u00edticas. En 1973, recibi\u00f3 su Ph.D. de<\/em> <em>la Universidad St.<\/em> <em>Joseph en Beirut; en 1985 se estableci\u00f3 en Par\u00eds, d\u00f3nde trabaja ahora como escritor y cr\u00edtico literario. Entre otras ocupaciones ha editado la revista modernista Mawaqif (Puntos de Vista), y traducido algunos de los grandes poetas franceses al \u00e1rabe.<\/em><\/p>\n<p><em>Lo siguiente son extractos de una entrevista con el poeta sirio \u00abAdonis\u00bb, presentado en Dubai Tv el 11 de marzo, 2006.<\/em><\/p>\n<p><em>PARA VER ESTE SEGMENTO: <a href=\"http:\/\/www.memritv.org\/search.asp?ACT=S9&amp;P1=1076\">http:\/\/www.memritv.org\/search.asp?ACT=S9&amp;P1=1076<\/a>.<\/em><\/p>\n<p><strong>Adonis:<\/strong> Las palabras son tratadas hoy como un crimen. A trav\u00e9s de la historia, no ha habido nunca nada similar a lo que est\u00e1 sucediendo hoy en nuestra sociedad \u00e1rabe &#8211; cuando usted dice una palabra, es como cometer un crimen\u00bb.<\/p>\n<p><strong>Entrevistador:<\/strong> \u00abCierto\u00bb.<\/p>\n<p><strong>Adonis:<\/strong> \u00abLas palabras y opiniones son tratados como un crimen. Esto es inconcebible\u00bb.<\/p>\n<p><strong>Entrevistador:<\/strong> \u00abUsted puede ser arrestado por escribir un art\u00edculo\u00bb.<\/p>\n<p><strong>Adonis:<\/strong> \u00ab\u00c9se es un ejemplo\u00bb.<\/p>\n<p>[&#8230;]<\/p>\n<p>\u00abEn el propio Cor\u00e1n, dice de que Al\u00e1 escuch\u00f3 a su primer enemigo, Satan\u00e1s, y Satan\u00e1s se neg\u00f3 a obedecerle. Yo creo que Al\u00e1 era capaz de destruir completamente a Satan\u00e1s, aun as\u00ed El escuch\u00f3 la negativa de Satan\u00e1s a obedecerle.<\/p>\n<p>\u00abPor lo menos, exigimos hoy que los musulmanes escuchen a gente con opiniones diferentes\u00bb.<\/p>\n<p>[&#8230;]<\/p>\n<p><strong>Entrevistador:<\/strong> \u00abC\u00f3mo ve usted el plan para la democracia, el &#8216;plan Mayor para el Medio Oriente?'\u00bb<\/p>\n<p><strong>Adonis:<\/strong> \u00abEn primer lugar, me opongo a cualquier intervenci\u00f3n externa en los asuntos \u00e1rabes. Si los \u00e1rabes son tan ineptos que no pueden ser democr\u00e1ticos por si solos, nunca podr\u00e1n ser democr\u00e1ticos a trav\u00e9s de la intervenci\u00f3n de otros.<\/p>\n<p>\u00abSi queremos ser democr\u00e1ticos, debemos serlo por nosotros mismos. Pero las condiciones previas a la democracia no existen en la sociedad \u00e1rabe, y no pueden existir a menos que se reexamine la religi\u00f3n de una manera nueva y exacta, y a menos que la religi\u00f3n se vuelva una experiencia personal y espiritual, la cual debe ser respetada.<\/p>\n<p>\u00abPor otro lado, todos los asuntos pertinentes a los asuntos civiles y humanos deben ser dejados a la ley y a los propios pueblos\u00bb.<\/p>\n<p><strong>Entrevistador:<\/strong> \u00abSr. Adonis, c\u00f3mo ve usted la democracia en Palestina, la cual trajo al poder a Hamas?\u00bb<\/p>\n<p><strong>Adonis:<\/strong> \u00abLa apoyo, pero me opongo al establecimiento de alg\u00fan estado en base a la religi\u00f3n, aun cuando este sea hecho por Hamas\u00bb.<\/p>\n<p><strong>Entrevistador:<\/strong> \u00abAun cuando libere Palestina?\u00bb<\/p>\n<p><strong>Adonis:<\/strong> \u00abS\u00ed, porque en tal caso, ser\u00eda mi deber combatir a este estado religioso\u00bb.<\/p>\n<p>[&hellip;]<\/p>\n<p><strong>Entrevistador:<\/strong> \u00abCu\u00e1les son las razones de la creciente glorificaci\u00f3n a los dictadores &#8211; a veces en el nombre del pan-arabismo, y otras veces en el nombre de rechazar a los extranjeros? La glorificaci\u00f3n viene incluso de las elites, tal como puede verse, por ejemplo, en el juicio a Saddam Hussein, y en toda la gente que lo apoya\u00bb.<\/p>\n<p><strong>Adonis:<\/strong> \u00abEste fen\u00f3meno es muy peligroso, y creo que tiene que ver con el concepto de &#8216;la unidad&#8217;, qu\u00e9 se refleja &#8211; en condiciones pr\u00e1cticas o pol\u00edticas &#8211; en el concepto del h\u00e9roe, el salvador, o el l\u00edder. Este concepto ofrece un sentido interno de seguridad a la gente que le teme a la libertad. Algunos seres humanos le tienen miedo a la libertad\u00bb.<\/p>\n<p><strong>Entrevistador:<\/strong> \u00abPorque es sin\u00f3nimo de anarqu\u00eda?\u00bb<\/p>\n<p><strong>Adonis:<\/strong> \u00abNo, porque ser libre es una gran carga. No es por nada f\u00e1cil\u00bb.<\/p>\n<p><strong>Entrevistador:<\/strong> \u00abUsted tiene que tener un jefe&#8230;\u00bb<\/p>\n<p><strong>Adonis:<\/strong> \u00abCuando usted es libre, usted tiene que enfrentar la realidad, el mundo en su integridad. Tiene que tratar con los problemas del mundo, con todo&#8230;\u00bb<\/p>\n<p><strong>Entrevistador:<\/strong> \u00abCon todos los problemas&#8230;\u00bb<\/p>\n<p><strong>Adonis:<\/strong> \u00abPor otro lado, si somos esclavos, podemos estar satisfechos y no tenemos que tratar con nada. As\u00ed como Al\u00e1 resuelve todos nuestros problemas, el dictador resolver\u00e1 todos nuestros problemas\u00bb.<\/p>\n<p>[&#8230;]<\/p>\n<p>\u00abNo entiendo lo que est\u00e1 pasando hoy en la sociedad \u00e1rabe. No s\u00e9 como interpretar esta situaci\u00f3n, exceptuando el hacer la siguiente hip\u00f3tesis: Cuando observo el mundo \u00e1rabe, con todos sus recursos, las capacidades de los individuos \u00e1rabes, especialmente en el exterior &#8211; usted encontrar\u00e1 entre ellos grandes fil\u00f3sofos, cient\u00edficos, ingenieros, y doctores. En otras palabras, el individuo \u00e1rabe no es menos inteligente, menos genio, que cualquiera en el mundo. \u00c9l puede ser ventajoso &#8211; pero s\u00f3lo fuera de su sociedad. No tengo nada en contra de los individuos &#8211; s\u00f3lo contra las instituciones y los regimenes.<\/p>\n<p>\u00abSi observo a los \u00e1rabes, con todos sus recursos y grandes capacidades, y comparo lo que han logrado durante el \u00faltimo siglo con lo qu\u00e9 otros han logrado en ese per\u00edodo, tendr\u00eda que decir que nosotros los \u00e1rabes estamos en una fase de extinci\u00f3n, en el sentido de que no tenemos ninguna presencia creativa en el mundo\u00bb.<\/p>\n<p><strong>Entrevistador:<\/strong> \u00abEstamos nosotros al borde de la extinci\u00f3n, o ya nos extinguimos?\u00bb<\/p>\n<p><strong>Adonis:<\/strong> \u00abNos hemos extinguido. Tenemos la cantidad. Tenemos las masas de gente, pero un pueblo se extingue cuando ya no tiene capacidad creativa, y la capacidad de cambiar su mundo\u00bb.<\/p>\n<p>[&#8230;]<\/p>\n<p>\u00abLos grandes sumerianos se extinguieron, los grandes griegos se extinguieron, y los faraones se extinguieron. La se\u00f1al m\u00e1s clara de esta extinci\u00f3n es cuando nosotros los intelectuales contin\u00faanos pensando en el contexto de esta extinci\u00f3n\u00bb.<\/p>\n<p><strong>Entrevistador:<\/strong> \u00abEso es muy peligroso\u00bb.<\/p>\n<p><strong>Adonis:<\/strong> \u00ab\u00c9sa es nuestra verdadera crisis intelectual. Estamos enfrentando un nuevo mundo con ideas que ya no existen, y en un contexto que est\u00e1 obsoleto. Debemos desunirnos completamente de ese contexto, en todos los niveles, y pensar en una nueva identidad \u00e1rabe, una nueva cultura, y una nueva sociedad \u00e1rabe\u00bb.<\/p>\n<p>[&#8230;]<\/p>\n<p>\u00abImagine que las sociedades \u00e1rabes no tuvieran influencia occidental. \u00bfQu\u00e9 quedar\u00eda? Los musulmanes deben&#8230;\u00bb<\/p>\n<p><strong>Entrevistador:<\/strong> \u00abQu\u00e9 quedar\u00eda?\u00bb<\/p>\n<p><strong>Adonis:<\/strong> \u00abNada. Nada estar\u00eda a salvo excepto la mezquita, la iglesia, y el comercio, por supuesto\u00bb.<\/p>\n<p>[&#8230;]<\/p>\n<p>\u00abLos musulmanes hoy &#8211; perd\u00f3neme por decir esto &#8211; con su interpretaci\u00f3n aceptada [de los textos religiosos], son los primeros en destruir el Islam, considerando que aqu\u00e9llos que critican a los musulmanes &#8211; los no-creyentes, los infieles, as\u00ed como ellos los llaman &#8211; son los que perciben en el Islam la vitalidad que podr\u00eda adaptarla a la vida. Estos infieles le sirven mejor al Islam que los creyentes\u00bb.<\/p>\n<\/div>\n","protected":false},"excerpt":{"rendered":"<p>El poeta Ali Ahmad Sa&#8217;id (b. 1930), conocido por su seud\u00f3nimo \u00abAdonis\u00bb, candidato al Premio N\u00f3bel de Literatura 2005, dej\u00f3 a su pa\u00eds nativo Siria para irse al L\u00edbano en los a\u00f1os 1950s despu\u00e9s de seis meses de encarcelamiento por actividades pol\u00edticas. En 1973, recibi\u00f3 su Ph.D. de la Universidad St. Joseph en Beirut; en [&hellip;]<\/p>\n","protected":false},"author":1,"featured_media":0,"comment_status":"open","ping_status":"open","sticky":false,"template":"","format":"standard","meta":{"footnotes":""},"categories":[6,12],"tags":[],"class_list":["post-1191","post","type-post","status-publish","format-standard","hentry","category-comunicados-especiales","category-reforma-en-el-mundo-arabe-y-musulman"],"_links":{"self":[{"href":"https:\/\/www2.memri.org\/espanol\/wp-json\/wp\/v2\/posts\/1191","targetHints":{"allow":["GET"]}}],"collection":[{"href":"https:\/\/www2.memri.org\/espanol\/wp-json\/wp\/v2\/posts"}],"about":[{"href":"https:\/\/www2.memri.org\/espanol\/wp-json\/wp\/v2\/types\/post"}],"author":[{"embeddable":true,"href":"https:\/\/www2.memri.org\/espanol\/wp-json\/wp\/v2\/users\/1"}],"replies":[{"embeddable":true,"href":"https:\/\/www2.memri.org\/espanol\/wp-json\/wp\/v2\/comments?post=1191"}],"version-history":[{"count":0,"href":"https:\/\/www2.memri.org\/espanol\/wp-json\/wp\/v2\/posts\/1191\/revisions"}],"wp:attachment":[{"href":"https:\/\/www2.memri.org\/espanol\/wp-json\/wp\/v2\/media?parent=1191"}],"wp:term":[{"taxonomy":"category","embeddable":true,"href":"https:\/\/www2.memri.org\/espanol\/wp-json\/wp\/v2\/categories?post=1191"},{"taxonomy":"post_tag","embeddable":true,"href":"https:\/\/www2.memri.org\/espanol\/wp-json\/wp\/v2\/tags?post=1191"}],"curies":[{"name":"wp","href":"https:\/\/api.w.org\/{rel}","templated":true}]}}