{"id":1111,"date":"2005-12-23T00:00:00","date_gmt":"2005-12-23T00:00:00","guid":{"rendered":"http:\/\/www2.memri.org\/espanol\/2005\/12\/23\/dibujos-animados-sobre-el-jihad-en-portales-islamistas-donde-presentan-coches-bomba-suicidas-asesinatos-politicos-y-ataques-terroristas\/"},"modified":"2005-12-23T00:00:00","modified_gmt":"2005-12-23T00:00:00","slug":"dibujos-animados-sobre-el-jihad-en-portales-islamistas-donde-presentan-coches-bomba-suicidas-asesinatos-politicos-y-ataques-terroristas","status":"publish","type":"post","link":"https:\/\/www2.memri.org\/espanol\/dibujos-animados-sobre-el-jihad-en-portales-islamistas-donde-presentan-coches-bomba-suicidas-asesinatos-politicos-y-ataques-terroristas\/1111","title":{"rendered":"Dibujos animados sobre el Jihad en portales islamistas donde presentan coches bomba suicidas, asesinatos pol\u00edticos y ataques terroristas"},"content":{"rendered":"<div class=\"bodytext c1\">\n<p><em>El siguiente dibujo animado fue anunciado en varios portales islamistas en diciembre del 2005.<\/em><\/p>\n<p><em>Para ver este clip, visite: <a href=\"http:\/\/www.memritv.org\/search.asp?ACT=S9&amp;P1=975\">http:\/\/www.memritv.org\/search.asp?ACT=S9&amp;P1=975<\/a>.<\/em><\/p>\n<p><em>La escena abre con un cohete que est\u00e1 siendo lanzado contra un fondo blanco<\/em>.<\/p>\n<p>[&hellip;]<\/p>\n<p><em>Perspectiva a\u00e9rea de las calles de la ciudad. Los tanques ruedan desde la parte derecha superior. Aparecen los mujahideen y se colocan en posici\u00f3n para atacar a los tanques mientras contin\u00faan rodando por la calle.<\/em><\/p>\n<p><em>Un tanque se mueve hacia la calle y los mujahideen disparan y lo destruyen. Cambian posiciones y disparan a un segundo tanque y lo destruyen<\/em>.<\/p>\n<p>[&hellip;]<\/p>\n<p><em>Una calle de la ciudad. Un mujaheed aparece llevando una granada propulsada por cohete y sale.<\/em><\/p>\n<p><em>Un tanque rueda por las calles de la ciudad y se detiene en primer plano. La compuerta del tanque se abre; y dos soldados miran hacia fuera. Uno est\u00e1 de pie en el tanque y dice en una voz recordativa a Rambo:<\/em><\/p>\n<p>&ldquo;Hola, s\u00f3lo un minuto, es para m\u00ed. S\u00ed, estoy hablando conmigo mismo. S\u00edgueme. Oh, eres t\u00fa. Eh lis&#8230;&rdquo;<\/p>\n<p><em>Le disparan a la cabeza y la sangre se esparce<\/em>.<\/p>\n<p><em>Un mujaheed aparece para inspeccionar la escena y sale<\/em>.<\/p>\n<p>[&hellip;]<\/p>\n<p>Texto en pantalla: \u00ab\u00c9sta es una ciudad en la costa d\u00f3nde el convoy del tirano est\u00e1 a punto de pasar\u00bb.<\/p>\n<p>[&hellip;]<\/p>\n<p><em>Una flecha aparece apuntando hacia la ruta<\/em>.<\/p>\n<p>Texto en pantalla: \u00ab\u00c9sta es la ruta del convoy\u00bb.<\/p>\n<p><em>Imagen del convoy movi\u00e9ndose junto a la ruta. Cuando el convoy se acerca al sitio designado, un autom\u00f3vil se estrella en este y explota<\/em>.<\/p>\n<p>Texto en pantalla: \u00abLa verdadera confrontaci\u00f3n empezar\u00e1 dentro de breve\u00bb.<\/p>\n<p><em>Las sirenas chillan mientras los coches de la polic\u00eda se acercan al choque. Uno vira de entre los edificios en la direcci\u00f3n en que vino el coche bomba. Un mujaheed aparece desde atr\u00e1s de un edificio y comienza a disparar al veh\u00edculo policial<\/em>.<\/p>\n<p>Texto en pantalla: \u00abContinuar\u00e1&hellip; \u00ab<\/p>\n<\/div>\n","protected":false},"excerpt":{"rendered":"<p>El siguiente dibujo animado fue anunciado en varios portales islamistas en diciembre del 2005. Para ver este clip, visite: http:\/\/www.memritv.org\/search.asp?ACT=S9&amp;P1=975. La escena abre con un cohete que est\u00e1 siendo lanzado contra un fondo blanco. [&hellip;] Perspectiva a\u00e9rea de las calles de la ciudad. Los tanques ruedan desde la parte derecha superior. Aparecen los mujahideen y [&hellip;]<\/p>\n","protected":false},"author":1,"featured_media":0,"comment_status":"open","ping_status":"open","sticky":false,"template":"","format":"standard","meta":{"footnotes":""},"categories":[10,6],"tags":[],"class_list":["post-1111","post","type-post","status-publish","format-standard","hentry","category-estudios-sobre-terrorismo-y-yihad","category-comunicados-especiales"],"_links":{"self":[{"href":"https:\/\/www2.memri.org\/espanol\/wp-json\/wp\/v2\/posts\/1111","targetHints":{"allow":["GET"]}}],"collection":[{"href":"https:\/\/www2.memri.org\/espanol\/wp-json\/wp\/v2\/posts"}],"about":[{"href":"https:\/\/www2.memri.org\/espanol\/wp-json\/wp\/v2\/types\/post"}],"author":[{"embeddable":true,"href":"https:\/\/www2.memri.org\/espanol\/wp-json\/wp\/v2\/users\/1"}],"replies":[{"embeddable":true,"href":"https:\/\/www2.memri.org\/espanol\/wp-json\/wp\/v2\/comments?post=1111"}],"version-history":[{"count":0,"href":"https:\/\/www2.memri.org\/espanol\/wp-json\/wp\/v2\/posts\/1111\/revisions"}],"wp:attachment":[{"href":"https:\/\/www2.memri.org\/espanol\/wp-json\/wp\/v2\/media?parent=1111"}],"wp:term":[{"taxonomy":"category","embeddable":true,"href":"https:\/\/www2.memri.org\/espanol\/wp-json\/wp\/v2\/categories?post=1111"},{"taxonomy":"post_tag","embeddable":true,"href":"https:\/\/www2.memri.org\/espanol\/wp-json\/wp\/v2\/tags?post=1111"}],"curies":[{"name":"wp","href":"https:\/\/api.w.org\/{rel}","templated":true}]}}