{"id":1103,"date":"2005-12-14T00:00:00","date_gmt":"2005-12-14T00:00:00","guid":{"rendered":"http:\/\/www2.memri.org\/espanol\/2005\/12\/14\/la-mayor-universidad-del-gobierno-del-libano-organiza-un-simposio-en-el-canal-de-television-del-hizbullah-al-manar-tv-llamando-a-borrar-a-israel-del-mapa-al-igual-que-hitler-combatio-a-los-j\/"},"modified":"2005-12-14T00:00:00","modified_gmt":"2005-12-14T00:00:00","slug":"la-mayor-universidad-del-gobierno-del-libano-organiza-un-simposio-en-el-canal-de-television-del-hizbullah-al-manar-tv-llamando-a-borrar-a-israel-del-mapa-al-igual-que-hitler-combatio-a-los-j","status":"publish","type":"post","link":"https:\/\/www2.memri.org\/espanol\/la-mayor-universidad-del-gobierno-del-libano-organiza-un-simposio-en-el-canal-de-television-del-hizbullah-al-manar-tv-llamando-a-borrar-a-israel-del-mapa-al-igual-que-hitler-combatio-a-los-j\/1103","title":{"rendered":"La mayor universidad del gobierno del L\u00edbano organiza un simposio en el canal de televisi\u00f3n del Hizbullah Al-Manar Tv llamando a borrar a Israel del mapa: \u2018Al igual que Hitler combati\u00f3 a los jud\u00edos\u2026nosotros tambi\u00e9n deber\u00edamos combatir a los jud\u00edos y  quem"},"content":{"rendered":"<div class=\"bodytext c1\">\n<p><em>Lo siguiente son extractos de un simposio de estudiantes en la Universite Libanaise [Universidad del L\u00edbano], organizado por el canal de televisi\u00f3n del Hizbullah Al-Manar Tv y transmitida el 29 de noviembre, 2005. El simposio marc\u00f3 el aniversario del 29 de noviembre de 1947, el d\u00eda en que la Asamblea General de las Naciones Unidas pas\u00f3 al Plan de Partici\u00f3n la cual es marcada anualmente en el mundo \u00e1rabe con ceremonias de solidaridad con los palestinos. El simposio de Al-Manar Tv fue consagrado al conflicto palestino-israel\u00ed y entre los participantes estaban Shafiq Al-Hut, ex representante de la OLP en el L\u00edbano, y estudiantes palestinos, libaneses y sirios.<\/em><\/p>\n<p><em>Deber\u00eda hacerse notar que la Universidad del L\u00edbano <a href=\"#_edn1\" name=\"_ednref1\"><u>[1]<\/u><\/a> es la universidad controlada por el gobierno del L\u00edbano y la m\u00e1s grande del pa\u00eds. <a href=\"#_edn2\" name=\"_ednref2\"><u>[2]<\/u><\/a><\/em><\/p>\n<p><em>PARA VER ESTE CLIP, VISITE,: <a href=\"http:\/\/www.memritv.org\/search.asp?ACT=S9&amp;P1=962\">http:\/\/www.memritv.org\/search.asp?ACT=S9&amp;P1=962<\/a>.<\/em><\/p>\n<p><strong>Mediador:<\/strong> \u00abTodos los reg\u00edmenes \u00e1rabes han aceptado el estableciendo de un estado palestino en los territorios de la Ribera Oriental y la Franja de Gaza. En otras palabras, s\u00f3lo en las fronteras de 1967. Ellos creen que la realidad y el equilibrio de poder no permiten m\u00e1s que eso en esta fase. Apoyan ustedes este &#8216;realismo&#8217;, o se adhieren ustedes a lo que se ha venido a conocer como la palestina hist\u00f3rica del principio? Vamos&#8230; Permitan&#8230; Prosigan.<\/p>\n<p><strong>Estudiante 1:<\/strong> \u00abMi nombre es Hisham Sham&#8217;as, y estudio ciencias pol\u00edticas. Quisiera s\u00f3lo decirle que todos est\u00e1n hablando de&#8230;\u00bb<\/p>\n<p><strong>Mediador:<\/strong> \u00abPor favor dirija la pregunta\u00bb.<\/p>\n<p><strong>Hisham Sham&#8217;as:<\/strong> \u00abEl estado no deber\u00eda estar dentro de las fronteras de 1976&#8230; O m\u00e1s bien, 1967&#8230; Israel debe ser borrada\u00bb.<\/p>\n<p><strong>Mediador:<\/strong> \u00abQuiere usted decir, reavivar el lema de borrar a Israel del mapa\u00bb.<\/p>\n<p><strong>Hisham Sham&#8217;as<\/strong>: \u00abIsrael deber\u00eda ser completamente borrada, para que los palestinos tengan un pa\u00eds al cual regresar\u00bb.<\/p>\n<p><strong>Mediador:<\/strong> \u00abSi alguien te dice que ese lema es poco realista, c\u00f3mo responder\u00edas?\u00bb<\/p>\n<p><strong>Hisham Sham&#8217;as:<\/strong> \u00abNo existe tal cosa como poco realista. Tal como Israel&#8230; Al igual que Hitler combati\u00f3 a los jud\u00edos &#8211; Nosotros somos una gran naci\u00f3n isl\u00e1mica del Jihad, y debemos tambi\u00e9n combatir a los jud\u00edos y quemarlos\u00bb.<\/p>\n<p>[&#8230;]<\/p>\n<p><strong>Estudiante 2:<\/strong> \u00abLa gripe Avian golpe\u00f3 al mundo entero, y est\u00e1n intentando encontrar una cura ahora. En cuanto a Israel &#8211; la \u00fanica cura para esta es borrarla del mapa\u00bb.<\/p>\n<p>[&#8230;]<\/p>\n<p><strong>Mediador:<\/strong> \u00abCu\u00e1l es su nombre?\u00bb<\/p>\n<p><strong>Estudiante 3:<\/strong> \u00abMahmoud Fakhri. Espero que lo que tengo que decir no sea demasiado incitador\u00bb.<\/p>\n<p><strong>Mediador:<\/strong> \u00abProsiga e incite. Eso es lo que estamos buscando. Queremos algo de acci\u00f3n\u00bb.<\/p>\n<p><strong>Mahmoud Fakhri:<\/strong> \u00abCon toda honestidad, el pueblo \u00e1rabe debe derrocar a los reg\u00edmenes que defraudan\u00bb.<\/p>\n<p><strong>Mediador:<\/strong> \u00abAhora si estas realmente incitando&#8230;\u00bb<\/p>\n<p><strong>Fakhri:<\/strong> \u00abCon toda honestidad, cualquier gobierno que defraude y quiera normalizar relaciones con el enemigo sionista y vender la causa \u00e1rabe, y especialmente Jerusal\u00e9n &#8211; el pueblo debe derrocar este r\u00e9gimen y tener su lema\u00bb.<\/p>\n<\/p>\n<\/div>\n<hr noshade=\"noshade\" \/><!-- footnotes --><\/p>\n<div class=\"bodynews c2\">\n<p><a href=\"#_ednref1\" name=\"_edn1\">[1]<\/a> La universidad fue creada en 1953 por el estado liban\u00e9s. Seg\u00fan su portal, es \u00abmoralmente independiente y disfruta de autonom\u00eda administrativa, acad\u00e9mica y financiera&rdquo;. El rector es el Dr. Ibrahim Kobeissi. El portal es en ambos franc\u00e9s y \u00e1rabe, pero la p\u00e1gina principal est\u00e1 en franc\u00e9s <a href=\"http:\/\/www.ul.edu.lb\/index.htm\">http:\/\/www.ul.edu.lb\/index.htm<\/a>. El Rector de la Universidad &#8211; Ibrahim Kobeissi, escribi\u00f3 lo siguiente en su mensaje personal en el portal: \u00abLa Universite Libanaise (Universidad del L\u00edbano) es una entidad moral que disfruta de autonom\u00eda administrativa, acad\u00e9mica y financiera. Su misi\u00f3n principalmente se enfoca en los siguientes tres puntos: ense\u00f1anza, investigaci\u00f3n y en el esparcir de la cultura [&#8230;] La filosof\u00eda de la universidad est\u00e1 basada en la libertad del pensamiento, en el juicio independiente y en el rechazo del autoritarismo\u00bb. <a href=\"http:\/\/www.ul.edu.lb\/francais\/presiden.htm\">http:\/\/www.ul.edu.lb\/francais\/presiden.htm<\/a><\/p>\n<p><a href=\"#_ednref2\" name=\"_edn2\">[2]<\/a> Seg\u00fan el portal de la Universidad, en el a\u00f1o acad\u00e9mico 2000\/2001 hab\u00edan 68,510 estudiantes de los cuales el 85.7% ven\u00edan de pa\u00edses \u00e1rabes.<\/p>\n<\/div>\n","protected":false},"excerpt":{"rendered":"<p>Lo siguiente son extractos de un simposio de estudiantes en la Universite Libanaise [Universidad del L\u00edbano], organizado por el canal de televisi\u00f3n del Hizbullah Al-Manar Tv y transmitida el 29 de noviembre, 2005. El simposio marc\u00f3 el aniversario del 29 de noviembre de 1947, el d\u00eda en que la Asamblea General de las Naciones Unidas [&hellip;]<\/p>\n","protected":false},"author":1,"featured_media":0,"comment_status":"open","ping_status":"open","sticky":false,"template":"","format":"standard","meta":{"footnotes":""},"categories":[6,16,27],"tags":[],"class_list":["post-1103","post","type-post","status-publish","format-standard","hentry","category-comunicados-especiales","category-proyecto-documental-sobre-antisemitismo","category-libano"],"_links":{"self":[{"href":"https:\/\/www2.memri.org\/espanol\/wp-json\/wp\/v2\/posts\/1103","targetHints":{"allow":["GET"]}}],"collection":[{"href":"https:\/\/www2.memri.org\/espanol\/wp-json\/wp\/v2\/posts"}],"about":[{"href":"https:\/\/www2.memri.org\/espanol\/wp-json\/wp\/v2\/types\/post"}],"author":[{"embeddable":true,"href":"https:\/\/www2.memri.org\/espanol\/wp-json\/wp\/v2\/users\/1"}],"replies":[{"embeddable":true,"href":"https:\/\/www2.memri.org\/espanol\/wp-json\/wp\/v2\/comments?post=1103"}],"version-history":[{"count":0,"href":"https:\/\/www2.memri.org\/espanol\/wp-json\/wp\/v2\/posts\/1103\/revisions"}],"wp:attachment":[{"href":"https:\/\/www2.memri.org\/espanol\/wp-json\/wp\/v2\/media?parent=1103"}],"wp:term":[{"taxonomy":"category","embeddable":true,"href":"https:\/\/www2.memri.org\/espanol\/wp-json\/wp\/v2\/categories?post=1103"},{"taxonomy":"post_tag","embeddable":true,"href":"https:\/\/www2.memri.org\/espanol\/wp-json\/wp\/v2\/tags?post=1103"}],"curies":[{"name":"wp","href":"https:\/\/api.w.org\/{rel}","templated":true}]}}