{"id":1039,"date":"2005-10-03T00:00:00","date_gmt":"2005-10-03T00:00:00","guid":{"rendered":"http:\/\/www2.memri.org\/espanol\/2005\/10\/03\/diario-arabe-de-londres-el-mundo-nos-esta-observando-muy-de-cerca-debido-a-las-instituciones-occidentales-que-se-especializan-en-traducir-a-los-medios-de-comunicacion-arabes-el-problema-yace-en-lo-q\/"},"modified":"2005-10-03T00:00:00","modified_gmt":"2005-10-03T00:00:00","slug":"diario-arabe-de-londres-el-mundo-nos-esta-observando-muy-de-cerca-debido-a-las-instituciones-occidentales-que-se-especializan-en-traducir-a-los-medios-de-comunicacion-arabes-el-problema-yace-en-lo-q","status":"publish","type":"post","link":"https:\/\/www2.memri.org\/espanol\/diario-arabe-de-londres-el-mundo-nos-esta-observando-muy-de-cerca-debido-a-las-instituciones-occidentales-que-se-especializan-en-traducir-a-los-medios-de-comunicacion-arabes-el-problema-yace-en-lo-q\/1039","title":{"rendered":"Diario \u00e1rabe de Londres: El mundo nos est\u00e1 observando muy de cerca debido a las instituciones occidentales que se especializan en traducir a los medios de comunicaci\u00f3n \u00e1rabes; El problema yace en lo que decimos"},"content":{"rendered":"<div class=\"bodytext c1\"><!-- Document Body --><\/p>\n<p><em>En un art\u00edculo titulado \u00abEl Mundo nos est\u00e1 Observando Muy de Cerca\u00bb la redactora<\/em> <em><strong>Diana Mukkaled<\/strong><\/em> <em>del diario \u00e1rabe de Londres Al-Sharq Al-Awsat <a href=\"#_edn1\" name=\"_ednref1\">[1]<\/a> escribi\u00f3 sobre la reciente controversia que rodea al programa de la BBC Panorama sobre los musulmanes extremistas en Londres. Los productores del programa fueron ayudados por MEMRI.<\/em><\/p>\n<p><em>Lo siguiente son extractos del art\u00edculo:<\/em><\/p>\n<p>\u00abLos miembros del Concejo Musulm\u00e1n de G. Breta\u00f1a estaban furiosos con la BBC despu\u00e9s de la transmisi\u00f3n la semana pasada del popular programa, \u00abPanorama \u00bb el cual lidi\u00f3 con el fracaso del concejo en la supervisi\u00f3n de 400 mezquitas y organizaciones musulmanas en G. Breta\u00f1a para refrenar a los extremistas. El especial de \u00abPanorama\u00bb trat\u00f3 con entrevistas a l\u00edderes isl\u00e1micos en G. Breta\u00f1a que expresaron su apoyo a las operaciones suicidas contra civiles israel\u00edes aun as\u00ed condenaron los ataques de Londres. El episodio tambi\u00e9n discuti\u00f3 el punto de vista isl\u00e1mico de los cristianos, jud\u00edos e hind\u00faes y la realidad del como algunos musulmanes consideran a miembros de otras religiones como ateos.<\/p>\n<p>\u00abEl programa de la BBC estaba lleno de preguntas que preocupan a la Europa de hoy, qui\u00e9nes son los enemigos que viven entre nosotros, por qu\u00e9 etiquetan a otros como infieles y por qu\u00e9 nos odian? &#8230;<\/p>\n<p>\u00abLo m\u00e1s interesante de este episodio particular de Panorama fue la batalla entre el periodista John Ware y los l\u00edderes musulmanes brit\u00e1nicos en lo que respecta a sus puntos de vista en las operaciones suicidas y en los no-musulmanes&#8230; La misma cara familiar que se presenta frecuentemente en nuestras pantallas \u00e1rabes. Ah\u00ed yace la creencia de que \u00abNosotros somos los creyentes y el pueblo del para\u00edso y ellos son los incr\u00e9dulos y el pueblo del infierno\u00bb. Tal es el idioma que est\u00e1 presente a diario y apenas algunos canales [\u00e1rabes] est\u00e1n libres de tal disputa. Aun as\u00ed dentro de las mentes de aqu\u00e9llos que propagan estos actos, yace la creencia de que el mundo no considerar\u00e1 su mensaje cuando sea repetido en \u00e1rabe en los canales de radiodifusi\u00f3n \u00e1rabes.<\/p>\n<p>\u00abEsta misma gente, sin embargo, usar\u00e1n diferente terminolog\u00eda cuando hablen en ingl\u00e9s en los canales de televisi\u00f3n extranjeros.<\/p>\n<p>\u00abPor esta raz\u00f3n, cuando son confrontados con lo que ellos han argumentado previamente en \u00e1rabe, parecen desconcertados y fren\u00e9ticamente buscan otros argumentos, lo cual fue exactamente el caso en el especial de Panorama.<\/p>\n<p>\u00abSin embargo, el mundo est\u00e1 observando muy de cerca. Hay instituciones occidentales que se especializan en traducir el material que es usado por todas las formas de los medios de comunicaci\u00f3n \u00e1rabes. La mayor\u00eda de los programas son grabados y luego transmitidos, por consiguiente cuando un cl\u00e9rigo musulm\u00e1n se presenta en alg\u00fan canal refiri\u00e9ndose a los jud\u00edos como los \u00abnietos de los monos y de los cerdos\u00bb, es inevitable que tales palabras alcancen a millones de personas alrededor del mundo. Tal representaci\u00f3n de estas actitudes extremistas causan a que los inmigrantes musulmanes y \u00e1rabes y sus hijos en Occidente p\u00e1gen el precio por tales palabras.<\/p>\n<p>\u00abLas acusaciones que los musulmanes brit\u00e1nicos han hecho en contra de la BBC en tener una agenda sionista es f\u00e1cilmente refutable en comparaci\u00f3n con las declaraciones hechas por los propios l\u00edderes musulmanes. El problema no yace en lo que la BBC dijo, sino m\u00e1s bien en lo que nosotros decimos\u00bb.<\/p>\n<\/p>\n<\/div>\n<hr noshade=\"noshade\" \/>\n<div class=\"bodynews c2\"><!-- footnotes --><\/p>\n<p><a href=\"#_ednref1\" name=\"_edn1\">[1]<\/a> <em>Al-Sharq Al-Awsat<\/em> (Londres), 1 de septiembre, 2005.<\/p>\n<\/div>\n","protected":false},"excerpt":{"rendered":"<p>En un art\u00edculo titulado \u00abEl Mundo nos est\u00e1 Observando Muy de Cerca\u00bb la redactora Diana Mukkaled del diario \u00e1rabe de Londres Al-Sharq Al-Awsat [1] escribi\u00f3 sobre la reciente controversia que rodea al programa de la BBC Panorama sobre los musulmanes extremistas en Londres. Los productores del programa fueron ayudados por MEMRI. Lo siguiente son extractos [&hellip;]<\/p>\n","protected":false},"author":1,"featured_media":0,"comment_status":"open","ping_status":"open","sticky":false,"template":"","format":"standard","meta":{"footnotes":""},"categories":[10,6],"tags":[],"class_list":["post-1039","post","type-post","status-publish","format-standard","hentry","category-estudios-sobre-terrorismo-y-yihad","category-comunicados-especiales"],"_links":{"self":[{"href":"https:\/\/www2.memri.org\/espanol\/wp-json\/wp\/v2\/posts\/1039","targetHints":{"allow":["GET"]}}],"collection":[{"href":"https:\/\/www2.memri.org\/espanol\/wp-json\/wp\/v2\/posts"}],"about":[{"href":"https:\/\/www2.memri.org\/espanol\/wp-json\/wp\/v2\/types\/post"}],"author":[{"embeddable":true,"href":"https:\/\/www2.memri.org\/espanol\/wp-json\/wp\/v2\/users\/1"}],"replies":[{"embeddable":true,"href":"https:\/\/www2.memri.org\/espanol\/wp-json\/wp\/v2\/comments?post=1039"}],"version-history":[{"count":0,"href":"https:\/\/www2.memri.org\/espanol\/wp-json\/wp\/v2\/posts\/1039\/revisions"}],"wp:attachment":[{"href":"https:\/\/www2.memri.org\/espanol\/wp-json\/wp\/v2\/media?parent=1039"}],"wp:term":[{"taxonomy":"category","embeddable":true,"href":"https:\/\/www2.memri.org\/espanol\/wp-json\/wp\/v2\/categories?post=1039"},{"taxonomy":"post_tag","embeddable":true,"href":"https:\/\/www2.memri.org\/espanol\/wp-json\/wp\/v2\/tags?post=1039"}],"curies":[{"name":"wp","href":"https:\/\/api.w.org\/{rel}","templated":true}]}}