{"id":1038,"date":"2005-09-30T00:00:00","date_gmt":"2005-09-30T00:00:00","guid":{"rendered":"http:\/\/www2.memri.org\/espanol\/2005\/09\/30\/conspiracion-del-11-de-septiembre-discutida-en-la-television-irani\/"},"modified":"2005-09-30T00:00:00","modified_gmt":"2005-09-30T00:00:00","slug":"conspiracion-del-11-de-septiembre-discutida-en-la-television-irani","status":"publish","type":"post","link":"https:\/\/www2.memri.org\/espanol\/conspiracion-del-11-de-septiembre-discutida-en-la-television-irani\/1038","title":{"rendered":"Conspiraci\u00f3n del 11 de Septiembre discutida en la televisi\u00f3n iran\u00ed"},"content":{"rendered":"<div class=\"bodytext c1\">\n<p><em>Lo siguiente son extractos de un debate en el canal de televisi\u00f3n de Ir\u00e1n Jaam-e Jam 1 Tv, con el director de cine<\/em> <em><strong>Nader Talebsadeh<\/strong><\/em><em>y el antiguo corresponsal<\/em> <em><strong>Bizhan Nowbaveh Vatan<\/strong>.<\/em> <em>El debate fue presentado el 13 de septiembre, 2005. PARA VER ESTE CLIP, VISITE,: <a href=\"http:\/\/memritv.org\/search.asp?ACT=S9&amp;P1=868\">http:\/\/memritv.org\/search.asp?ACT=S9&amp;P1=868<\/a>.<\/em><\/p>\n<p><strong>Anfitri\u00f3n:<\/strong> \u00abEl 11 de Septiembre dej\u00f3 muchos asuntos que no est\u00e1n claros, tales como: que miles de jud\u00edos decidieron no venir [a trabajar ese d\u00eda] a las torres, como puede ser eso? Fue el Pent\u00e1gono atacado por un avi\u00f3n o un misil? Mucho se ha dicho sobre estos asuntos. Para ese momento, en ese d\u00eda, e incluso en ese a\u00f1o, la opini\u00f3n p\u00fablica fue incapaz de aceptar estos asuntos inciertos.<\/p>\n<p>\u00abAhora estamos siendo regresados al pasado. La televisi\u00f3n francesa no deja el asunto tranquilo. Despu\u00e9s del libro de Thierry Meyssan <em>La Gran Mentira<\/em>, parece ser que cuando las cosas se ponen m\u00e1s claras, las oscuridades s\u00f3lo aumentan. Usted, como director de documentales en el cine&#8230; Los directores de documentales en el cine est\u00e1n ahora interactuando con el 11 de Septiembre. El director de cine entra en la disputa, y observa las escenas de ese d\u00eda cuadro por cuadro. Qu\u00e9 piensa usted, como cineasta, sobre esto?\u00bb<\/p>\n<p><strong>Nader Talebzadeh, cineasta:<\/strong> \u00abEn el nombre de Al\u00e1 el Compasivo, el Misericordioso, el 11 de Septiembre es un buen punto de partida para clarificar cualquier asunto sobre el mundo de hoy. \u00bfPero desde qu\u00e9 perspectiva? \u00bfDesde la perspectiva de un cineasta musulm\u00e1n o de un no-musulm\u00e1n? Esto es muy importante. El 11 de Septiembre no ha sido tratado todav\u00eda por un director de cine musulm\u00e1n. Todav\u00eda no se les ha permitido entrar en este campo. Al-Jazeera probablemente no har\u00e1 una pel\u00edcula sobre esto, debido a que el gobierno de Qatari est\u00e1 de alg\u00fan modo coordinado con CNN. Este de alguna manera constituye una base de Am\u00e9rica\u00bb.<\/p>\n<p><strong>Bizhan Nowbaveh Vatan, antiguo corresponsal:<\/strong> \u00abNo tiene motivo alguno para hacerlo\u00bb.<\/p>\n<p><strong>Talebzadeh:<\/strong> Cierto. As\u00ed que para que querr\u00eda alguien hacer tal pel\u00edcula? Si nosotros queremos hacer esto, ser\u00eda un gran desaf\u00edo&#8230; Una lucha muy grande, si podemos hacerlo en su totalidad. Hay preguntas muy importantes sobre el 11 de Septiembre que podr\u00edan ser muy bien desarrolladas por un director de cine musulm\u00e1n.<\/p>\n<p>\u00abDesde mi punto de vista, es improbable que los franceses quisieran tratar con la cuesti\u00f3n de c\u00f3mo 4,000 trabajadores jud\u00edos del mismo edificio estuvieron simult\u00e1neamente ausentes. En otras palabras, 4,000 personas fueron contactadas y se les pidi\u00f3 que no vinieran al edificio ese d\u00eda. Alguien necesita resolver primero este asunto que no est\u00e1 claro.<\/p>\n<p>\u00abAlguien tambi\u00e9n necesita resolver el siguiente asunto no claro: \u00bfQui\u00e9nes fueron los pasajeros de los aviones que se estrellaron con los edificios? \u00bfD\u00f3nde est\u00e1n sus nombres? Qui\u00e9nes fueron los pasajeros que se estrellaron con el Pent\u00e1gono?\u00bb<\/p>\n<p><strong>Anfitri\u00f3n:<\/strong> \u00abLa lista de pasajeros nunca fue publicada\u00bb.<\/p>\n<p><strong>Talebzadeh:<\/strong> \u00abAlguien necesita explicar: Un edificio llamado Edificio No. 7 ten\u00eda casi 60 pisos, y no se prendi\u00f3 en fuego&#8230;\u00bb<\/p>\n<p><strong>Anfitri\u00f3n:<\/strong> \u00abC\u00f3mo colaps\u00f3?\u00bb<\/p>\n<p><strong>Talebzadeh:<\/strong> \u00abS\u00ed, \u00e9ste fue un edificio hecho completamente de acero. En los 100 a\u00f1os desde que comenzaron a construir los edificios de acero, no ha habido ning\u00fan precedente de un edificio de acero que se haya quemado y colapsado. \u00bfC\u00f3mo puede ser, seis horas despu\u00e9s de que la segunda torre se derrumb\u00f3, este edificio colaps\u00f3 en seis segundos, sin haber cogido fuego? Se derrumb\u00f3 de una manera controlada\u00bb.<\/p>\n<p><strong>Anfitri\u00f3n:<\/strong> \u00abLos bomberos que fueron entrevistados &#8211; fue transmitido en la Tv francesa &#8211; dijeron que claramente escucharon unas cuantas explosiones\u00bb.<\/p>\n<p><strong>Talebzadeh:<\/strong> \u00abDe hecho, esto fue una demolici\u00f3n controlada. \u00c9stas son preguntas importantes. \u00bfPor qu\u00e9 el presidente americano anunci\u00f3 ese mismo d\u00eda que \u00e9l quiere que la culpa sea de alguna manera impuesta en Irak? \u00bfQu\u00e9 significa esto? Afganist\u00e1n todav\u00eda no hab\u00eda sido ocupada. \u00bfC\u00f3mo puede ser, dos d\u00edas despu\u00e9s, se idearon planes para atacar a Afganist\u00e1n e Irak? En tales eventos uno ni siquiera se supone que sabe qui\u00e9n es. Se supone que uno est\u00e1 en total conmoci\u00f3n. \u00c9stas son preguntas mayores. Son aun mayores que en el asesinato de Kennedy. Las investigaciones est\u00e1n siendo ahora hechas sobre este asunto. Hubieron cuestiones muy inciertas sobre este asunto, las cuales nunca fueron resueltas.<\/p>\n<p>\u00abLas dimensiones de la destrucci\u00f3n del 11 de Septiembre son apocal\u00edpticas. Durante la semana del 11 de Septiembre, Lance Morrow public\u00f3 un art\u00edculo en la revista Time. \u00c9l dijo: &#8216;De hecho, el templo de Occidente colaps\u00f3. La catedral de Occidente ha colapsado&#8217;. \u00bfQui\u00e9n hizo colapsar esta catedral? Ciertamente dos o tres personas, que ni siquiera pod\u00edan volar una escoba de paja, no habr\u00edan podido conducir un avi\u00f3n 747 hacia el Pent\u00e1gono a baja altitud.<\/p>\n<p>[&#8230;]<\/p>\n<p><strong>Vatan:<\/strong> \u00abDurante el 11 de Septiembre, el Sr. Khadem Al-Melle y yo estabamos en Nueva York. \u00c9l estaba algo lejos. Yo estaba cerca de los eventos. No pod\u00eda creer lo que estaba viendo ah\u00ed. Ni pod\u00eda creer las noticias que est\u00e1bamos escuchando. Vi que ellos en principio dijeron que fueron secuestrados cinco o seis aviones. Luego se convirti\u00f3 en cuatro. Despu\u00e9s dijeron que de los cuatro aviones, dos se hab\u00edan estrellado con las Torres Gemelas&#8230;\u00bb<\/p>\n<p><strong>Anfitri\u00f3n:<\/strong> \u00abY luego uno se estrell\u00f3 en Pennsylvania\u00bb.<\/p>\n<p><strong>Vatan:<\/strong> \u00abEn cuanto a Pennsylvania, el cual est\u00e1 cerca de Camp David&#8230; Un avi\u00f3n vino y se estrell\u00f3 con el Pent\u00e1gono, y usted mencion\u00f3 que esto no estaba del todo claro. \u00bfSi este fue un avi\u00f3n tan grande, como el 767 qu\u00e9 se estrell\u00f3 en el Pent\u00e1gono, es eso posible del todo? \u00bfPodr\u00eda haber volado tan bajo? Eso es otro asunto.<\/p>\n<p>\u00abEn cuanto al cuarto avi\u00f3n, fue anunciado que los pilotos de la Fuerza A\u00e9rea americana le hab\u00edan podido dar con un misil. Yo mismo escuche en ABC, CBS, MSNBC, y CNN&#8230; Esto est\u00e1 documentado. Pero por otro lado, algunos de los canales de los medios de comunicaci\u00f3n dijeron inmediatamente que si hubo una necesidad de interceptar un avi\u00f3n de pasajeros, esto requiere ciertamente de una orden directa del presidente americano. Ellos mismos dijeron que el presidente americano estaba en el refugio. Esto cre\u00f3 un problema. Para el gobierno americano, esto cre\u00f3 una nueva crisis. Cambiaron el gui\u00f3n r\u00e1pidamente. Ningunas escenas fueron transmitidas del cuarto avi\u00f3n, salvo por los bomberos, que fueron vistos a distancia. Usted no vio ningunas im\u00e1genes desde all\u00ed\u00bb.<\/p>\n<p><strong>Anfitri\u00f3n:<\/strong> \u00abEllos dijeron que hubo una confrontaci\u00f3n dentro del avi\u00f3n\u00bb.<\/p>\n<p><strong>Vatan:<\/strong> \u00abAh, bien dicho. Ellos dijeron que hubo una confrontaci\u00f3n dentro del avi\u00f3n, y que uno de los pasajeros hasta habl\u00f3 con su esposa y dijo que iban a confrontar a los secuestradores. La esposa de este hombre recibi\u00f3 un premio y una medalla en la ceremonia anual en el Congreso.<\/p>\n<p>\u00abLo qu\u00e9 usted dijo sobre la ausencia de 4,000 jud\u00edos del Centro Mundial de Comercio o sea las Torres Gemelas&hellip; Despu\u00e9s de todo, \u00e9ste es el centro mundial de los jud\u00edos. Todos sabemos eso. \u00bfSi decimos que la antec\u00e1mara sionista est\u00e1 basada en la econom\u00eda de Am\u00e9rica, y que \u00e9stas [torres] fueron el s\u00edmbolo de la econom\u00eda de Am\u00e9rica &#8211; d\u00f3nde estaban esos jud\u00edos, y en un martes nada menos?<\/p>\n<p>\u00abAyer tuve una entrevista. Ustedes probablemente escucharon que Muhammad &#8216;Atta &#8211; el l\u00edder de estos incidentes terroristas&#8230; se dijo que seis meses despu\u00e9s de los eventos y despu\u00e9s de que todas las aerol\u00edneas y escuelas de vuelo estaban cerradas, especialmente a los musulmanes, una invitaci\u00f3n lleg\u00f3 al hogar de Muhammad &#8216;Atta. Eso es lo que se inform\u00f3 en la prensa americana. La invitaci\u00f3n le inform\u00f3 que hab\u00eda sido aceptado para hacer el curso de entrenamiento de vuelo\u00bb.<\/p>\n<p><strong>Anfitri\u00f3n:<\/strong> \u00abCu\u00e1ndo?\u00bb<\/p>\n<p><strong>Vatan:<\/strong> \u00abExactamente seis meses despu\u00e9s del 11 de Septiembre.<\/p>\n<p>[&#8230;]<\/p>\n<p>\u00abNader probablemente sabe mejor que yo. Mucho de lo que usted ve sobre la fuerza de la polic\u00eda americana, el Pent\u00e1gono, y el ej\u00e9rcito es cortes\u00eda de Hollywood\u00bb.<\/p>\n<p><strong>Anfitri\u00f3n:<\/strong> \u00abS\u00ed, Nader dijo esta ma\u00f1ana que la polic\u00eda de Nueva Orleans tuvo tanto miedo que&#8230;\u00bb<\/p>\n<p><strong>Talebzadeh:<\/strong> \u00abSalieron corriendo.\u00bb<\/p>\n<\/div>\n","protected":false},"excerpt":{"rendered":"<p>Lo siguiente son extractos de un debate en el canal de televisi\u00f3n de Ir\u00e1n Jaam-e Jam 1 Tv, con el director de cine Nader Talebsadehy el antiguo corresponsal Bizhan Nowbaveh Vatan. El debate fue presentado el 13 de septiembre, 2005. PARA VER ESTE CLIP, VISITE,: http:\/\/memritv.org\/search.asp?ACT=S9&amp;P1=868. Anfitri\u00f3n: \u00abEl 11 de Septiembre dej\u00f3 muchos asuntos que [&hellip;]<\/p>\n","protected":false},"author":1,"featured_media":0,"comment_status":"open","ping_status":"open","sticky":false,"template":"","format":"standard","meta":{"footnotes":""},"categories":[6,11,20],"tags":[],"class_list":["post-1038","post","type-post","status-publish","format-standard","hentry","category-comunicados-especiales","category-e-u-a-y-el-medio-oriente","category-iran"],"_links":{"self":[{"href":"https:\/\/www2.memri.org\/espanol\/wp-json\/wp\/v2\/posts\/1038","targetHints":{"allow":["GET"]}}],"collection":[{"href":"https:\/\/www2.memri.org\/espanol\/wp-json\/wp\/v2\/posts"}],"about":[{"href":"https:\/\/www2.memri.org\/espanol\/wp-json\/wp\/v2\/types\/post"}],"author":[{"embeddable":true,"href":"https:\/\/www2.memri.org\/espanol\/wp-json\/wp\/v2\/users\/1"}],"replies":[{"embeddable":true,"href":"https:\/\/www2.memri.org\/espanol\/wp-json\/wp\/v2\/comments?post=1038"}],"version-history":[{"count":0,"href":"https:\/\/www2.memri.org\/espanol\/wp-json\/wp\/v2\/posts\/1038\/revisions"}],"wp:attachment":[{"href":"https:\/\/www2.memri.org\/espanol\/wp-json\/wp\/v2\/media?parent=1038"}],"wp:term":[{"taxonomy":"category","embeddable":true,"href":"https:\/\/www2.memri.org\/espanol\/wp-json\/wp\/v2\/categories?post=1038"},{"taxonomy":"post_tag","embeddable":true,"href":"https:\/\/www2.memri.org\/espanol\/wp-json\/wp\/v2\/tags?post=1038"}],"curies":[{"name":"wp","href":"https:\/\/api.w.org\/{rel}","templated":true}]}}