{"id":1037,"date":"2005-09-30T00:00:00","date_gmt":"2005-09-30T00:00:00","guid":{"rendered":"http:\/\/www2.memri.org\/espanol\/2005\/09\/30\/diario-del-gobierno-egipcio-guantanamo-igual-que-campos-nazis\/"},"modified":"2005-09-30T00:00:00","modified_gmt":"2005-09-30T00:00:00","slug":"diario-del-gobierno-egipcio-guantanamo-igual-que-campos-nazis","status":"publish","type":"post","link":"https:\/\/www2.memri.org\/espanol\/diario-del-gobierno-egipcio-guantanamo-igual-que-campos-nazis\/1037","title":{"rendered":"Diario del gobierno egipcio: Guant\u00e1namo igual que campos nazis"},"content":{"rendered":"<div class=\"bodytext c1\"><!-- Document Body --><\/p>\n<p><em>En el diario del gobierno egipcio Al-Ahram, el redactor<\/em> <em><strong>Mustafa Sami<\/strong><\/em> <em>escribe que el campo de detenci\u00f3n de la armada americana en Bah\u00eda de Guant\u00e1namo es igual a los campos nazis del siglo anterior.<\/em><\/p>\n<p><em>Lo siguiente son extractos de su columna: <a href=\"#_edn1\" name=\"_ednref1\"><strong>[1]<\/strong><\/a><\/em><\/p>\n<p>\u00abEl racismo anti-gente de color expuesto por el hurac\u00e1n Katrina no es la \u00fanica desgracia que persigue a la administraci\u00f3n Bush en los Estados Unidos. Existe otra desgracia del cual el mundo habla, que concierne a los 600 prisioneros en el campo de Guant\u00e1namo, y qu\u00e9 ha da\u00f1ado enormemente la reputaci\u00f3n de la democracia americana.<\/p>\n<p>\u00abEsta puede llamarse la primera masacre del siglo 21; est\u00e1 siendo perpetuada por la administraci\u00f3n Bush contra 200 musulmanes, principalmente \u00e1rabes que han estado en huelga de hambre durante las \u00faltimas tres semanas. Este crimen premeditado tiene lugar ante los ojos del mundo [entero], pero ni una sola conciencia se ha despertado para exigir que la matanza sea detenida y que estos prisioneros sean rescatados de la muerte.<\/p>\n<p>\u00abEste crimen homicida va en contra de todas las leyes, convenciones, y normas morales, y [aun as\u00ed] nadie [se levant\u00f3 a] defender a sus v\u00edctimas. En el futuro, este dejar\u00e1 su oscura marca no s\u00f3lo en la frente de la administraci\u00f3n Bush, sino tambi\u00e9n en los rostros de los varios gobiernos \u00e1rabes &#8211; [ya que] m\u00e1s del 80% de los prisioneros y huelguistas en este campo de concentraci\u00f3n son sus asuntos.<\/p>\n<p>\u00abEste campo nos regresa a la \u00e9poca de la persecuci\u00f3n nazi de gente inocente a comienzos de los a\u00f1os 1940. Los Estados Unidos, que en el siglo 20 jugaron un papel importante junto a los Aliados en cerrar los campos nazis y liberar a Europa de sus masacres, ha de hecho, a principios del siglo 21, restablecido un campo de detenci\u00f3n en Cuba, el cual es muy parecido a los campos nazis, y donde [encarcelaron] a aqu\u00e9llos quienes etiquetan como enemigos combatientes.<\/p>\n<p>\u00abDurante los \u00faltimos cuatro a\u00f1os, el 10% de los prisioneros de Guant\u00e1namo se han suicidado, lo cual es la taza de suicidio m\u00e1s alta entre prisioneros de cualquier parte del mundo!<\/p>\n<p>\u00abSeg\u00fan informes de la prensa americana, y declaraciones de los comandantes del campo, los 200 prisioneros en huelga de hambre est\u00e1n en peligro de morir, ya que su salud se deterior\u00f3 en la tercera semana [de la huelga]. A pesar de los esfuerzos de aqu\u00e9llos a cargo del campo para alimentarlos por la fuerza&#8230; mientras estaban confinados de manos y p\u00edes a sus camas, su salud contin\u00faa deterior\u00e1ndose, mientras insisten en continuar su huelga &#8211; ya que la muerte se ha convertido en la esperanza y el deseo de cada prisionero.<\/p>\n<p>\u00abD\u00f3nde est\u00e1n las organizaciones de derechos humanos \u00e1rabes &#8211; ambas civiles y gubernamentales &#8211; que leemos en los diarios de todos los d\u00edas, y cuyo n\u00famero ha aumentado enormemente en la \u00faltima d\u00e9cada? \u00bfPor qu\u00e9 no est\u00e1n de pie y cooperando con organizaciones [similares] en los Estados Unidos y en Europa, y por qu\u00e9 no est\u00e1n exigiendo que los prisioneros sean liberados o llevados a un juicio justo&#8230; despu\u00e9s de cuatro a\u00f1os de inhumana e inmoral tortura y abuso? No es el papel de estas organizaciones la de proteger los derechos humanos del pueblo \u00e1rabe?\u00bb<\/p>\n<\/div>\n<hr noshade=\"noshade\" \/>\n<div class=\"bodynews c2\"><!-- footnotes --><\/p>\n<p><a href=\"#_ednref1\" name=\"_edn1\">[1]<\/a> <em>Al-Ahram<\/em> (Egipto), 27 de septiembre, 2005.<\/p>\n<\/div>\n","protected":false},"excerpt":{"rendered":"<p>En el diario del gobierno egipcio Al-Ahram, el redactor Mustafa Sami escribe que el campo de detenci\u00f3n de la armada americana en Bah\u00eda de Guant\u00e1namo es igual a los campos nazis del siglo anterior. Lo siguiente son extractos de su columna: [1] \u00abEl racismo anti-gente de color expuesto por el hurac\u00e1n Katrina no es la [&hellip;]<\/p>\n","protected":false},"author":1,"featured_media":0,"comment_status":"open","ping_status":"open","sticky":false,"template":"","format":"standard","meta":{"footnotes":""},"categories":[19,6,11],"tags":[],"class_list":["post-1037","post","type-post","status-publish","format-standard","hentry","category-egipto","category-comunicados-especiales","category-e-u-a-y-el-medio-oriente"],"_links":{"self":[{"href":"https:\/\/www2.memri.org\/espanol\/wp-json\/wp\/v2\/posts\/1037","targetHints":{"allow":["GET"]}}],"collection":[{"href":"https:\/\/www2.memri.org\/espanol\/wp-json\/wp\/v2\/posts"}],"about":[{"href":"https:\/\/www2.memri.org\/espanol\/wp-json\/wp\/v2\/types\/post"}],"author":[{"embeddable":true,"href":"https:\/\/www2.memri.org\/espanol\/wp-json\/wp\/v2\/users\/1"}],"replies":[{"embeddable":true,"href":"https:\/\/www2.memri.org\/espanol\/wp-json\/wp\/v2\/comments?post=1037"}],"version-history":[{"count":0,"href":"https:\/\/www2.memri.org\/espanol\/wp-json\/wp\/v2\/posts\/1037\/revisions"}],"wp:attachment":[{"href":"https:\/\/www2.memri.org\/espanol\/wp-json\/wp\/v2\/media?parent=1037"}],"wp:term":[{"taxonomy":"category","embeddable":true,"href":"https:\/\/www2.memri.org\/espanol\/wp-json\/wp\/v2\/categories?post=1037"},{"taxonomy":"post_tag","embeddable":true,"href":"https:\/\/www2.memri.org\/espanol\/wp-json\/wp\/v2\/tags?post=1037"}],"curies":[{"name":"wp","href":"https:\/\/api.w.org\/{rel}","templated":true}]}}