{"id":1027,"date":"2005-09-20T00:00:00","date_gmt":"2005-09-20T00:00:00","guid":{"rendered":"http:\/\/www2.memri.org\/espanol\/2005\/09\/20\/imam-de-la-gran-mezquita-de-estocolmo-la-expulsion-de-los-predicadores-del-odio-esta-completamente-justificada-periodista-musulman-responde-la-gran-mezquita-de-estocolmo-simpatiza-con-la-h\/"},"modified":"2005-09-20T00:00:00","modified_gmt":"2005-09-20T00:00:00","slug":"imam-de-la-gran-mezquita-de-estocolmo-la-expulsion-de-los-predicadores-del-odio-esta-completamente-justificada-periodista-musulman-responde-la-gran-mezquita-de-estocolmo-simpatiza-con-la-h","status":"publish","type":"post","link":"https:\/\/www2.memri.org\/espanol\/imam-de-la-gran-mezquita-de-estocolmo-la-expulsion-de-los-predicadores-del-odio-esta-completamente-justificada-periodista-musulman-responde-la-gran-mezquita-de-estocolmo-simpatiza-con-la-h\/1027","title":{"rendered":"Imam de la Gran Mezquita de Estocolmo: La expulsi\u00f3n de los predicadores del odio est\u00e1 completamente justificada; periodista musulm\u00e1n responde: \u2018La Gran Mezquita de Estocolmo simpatiza con la hermandad musulmana&#8217;"},"content":{"rendered":"<div class=\"bodytext c1\">\n<p><em>Siguiendo a los atentados del 7 de julio, 2005 en Londres, y siguiendo a un intento de asesinato por islamistas suecos, el imam<\/em> <em><strong>Hassan Moussa<\/strong> <a href=\"#_edn1\" name=\"_ednref1\"><strong>[1]<\/strong><\/a><\/em><em>de la Gran Mezquita de Estocolmo en Suecia public\u00f3 una llamada a la unidad nacional en Suecia en el diario sueco Expressen <a href=\"#_edn2\" name=\"_ednref2\"><strong>[2]<\/strong><\/a> para remover la amenaza propuesta por islamistas, y felicit\u00f3 al gobierno brit\u00e1nico por tomar acciones expulsando a los \u00abpredicadores del odio\u00bb.<\/em><\/p>\n<p><em>En reacci\u00f3n al editorial principal de Moussa, afirmando al periodista<\/em> <em><strong>Salam Karam<\/strong><\/em><em>public\u00f3, tambi\u00e9n en Expressen, una respuesta <a href=\"#_edn3\" name=\"_ednref3\"><strong>[3]<\/strong><\/a> a la llamada de Moussa, en el que declar\u00f3 que el liderazgo de la Gran Mezquita de Estocolmo simpatiza con la Hermandad Musulmana y Hamas, y los social-dem\u00f3cratas de Suecia est\u00e1n del lado de estos elementos extremistas.<\/em><\/p>\n<p><em>Lo siguiente son extractos de ambos art\u00edculos.<\/em><\/p>\n<p><strong>* El editorial del imam Hassan Moussa:<\/strong><\/p>\n<p><strong>\u00abDespu\u00e9s de los atentados de Londres, el tiempo de los &#8216;Peros&#8217; ha terminado\u00bb<\/strong><\/p>\n<p>\u00abLos ataques terroristas en Londres del 7 de julio me conmocionaron. Como muchos otros, sent\u00ed rabia, desmayo y desesperaci\u00f3n cuando observe las escenas en la televisi\u00f3n de Londres. Probablemente la mayor\u00eda de la gente lo hizo; pero, desafortunadamente, no todos. Despu\u00e9s del 7 de Julio, comprend\u00ed que ya no hay m\u00e1s espacio para compromisos o excusas, que ya no hay nada m\u00e1s que entender &#8211; que en cambio, debemos estar juntos en hacer todo para detener a aqu\u00e9llos que esparcen el odio y la muerte.<\/p>\n<p>\u00abDecid\u00ed excluir la palabra &#8216;pero&#8217; de mis sermones. Despu\u00e9s de los ataques de Londres, el tiempo de los &#8216;peros&#8217; ha terminado, al menos por mi parte. No quiero o\u00edr m\u00e1s &#8216;peros&#8217; u otras excusas por los ataques suicidas en Europa. No quiero o\u00edr ya nunca m\u00e1s, &#8216;Pero que hay sobre las v\u00edctimas en Irak &#8216; o &#8216;Pero piensen sobre lo que los Estados Unidos han hecho all\u00ed y all\u00e1&#8217;, o &#8216;Pero piensen sobre la segregaci\u00f3n del [inmigrante-europeo] [en los pa\u00edses europeos]&#8217;.<\/p>\n<p><strong>\u00ab\u00c9l exigi\u00f3 que deje de condenar el terrorismo islamista &#8211; o atenerse a las consecuencias\u00bb<\/strong><\/p>\n<p>\u00abEn el serm\u00f3n del Viernes que pronunci\u00e9 en la Gran Mezquita de Estocolmo despu\u00e9s del 7 de Julio, conden\u00e9 abiertamente los ataques. Habl\u00e9 sobre el c\u00f3mo nosotros ahora debemos, de una vez por todas, tratar con esas fuerzas que deshonran al Islam mutilando y asesinando a gente inocente. Las im\u00e1genes de televisi\u00f3n desde Londres me han dejado en tal desesperaci\u00f3n que no pude contener las l\u00e1grimas mientras pronunciaba el serm\u00f3n del Viernes. Eso caus\u00f3 fuertes reacciones.<\/p>\n<p>\u00abDespu\u00e9s, estaba &#8211; en mi propia mezquita &#8211; amenazado por gente que considero reprensible que yo &#8216;llorara por los ni\u00f1os ingleses&#8217;. Desafortunadamente, existe una minor\u00eda entre los musulmanes suecos que sostienen puntos de vista extremos, y que simpatizan con los atacantes de Londres. Algunas de estas personas son visitantes regulares a varias congregaciones isl\u00e1micas, entre ellos la Gran Mezquita de Estocolmo d\u00f3nde soy activo.<\/p>\n<p>\u00abLas reacciones negativas a mi discurso me defraudaron y me deprimieron. El hecho de que tantos hayan expresado su gratitud hacia m\u00ed por confrontar un problema que est\u00e1 creciendo para la mayor\u00eda de los musulmanes de Suecia es confortante, pero no disminuye mis preocupaciones.<\/p>\n<p>\u00abEl d\u00eda despu\u00e9s a mi serm\u00f3n del Viernes&#8230; se me acerc\u00f3 un hombre que amenaz\u00f3 mi vida. Exigi\u00f3 que deje de condenar el terrorismo islamista &#8211; o no respond\u00eda a las consecuencias. Su amenaza era de tal naturaleza que mi esposa y yo decidimos informar a la polic\u00eda&#8230;<\/p>\n<p>\u00abLos desarrollos en el pasado reciente me preocupan profundamente. Tengo un presentimiento que muchos no entienden cuan seria es la situaci\u00f3n. No es muy probable que Suecia sea golpeada por un ataque terrorista como lo fue Londres, pero no es imposible. La sociedad sueca debe abrir sus ojos [y comprender] de que hay musulmanes extremistas en el pa\u00eds, aun cuando sean pocos, qui\u00e9nes odian una sociedad abierta y tolerante, que no quieren que nosotros como musulmanes seamos una parte clara del mundo Occidental, Europa, y Suecia. [Hay] gente que esta preparada para ir hasta donde sea necesario para lograr sus metas.<\/p>\n<p><strong>Necesitamos de la unidad nacional contra el odio &#8211; antes de que sea demasiado tarde<\/strong><\/p>\n<p>\u00abEn mi opini\u00f3n, la situaci\u00f3n es tan seria que deber\u00edamos crear una alianza, una unidad nacional. Yo estoy pensando en un concejo con representantes de todos los partidos pol\u00edticos, representantes de las grandes comunidades religiosas, sacerdotes, rabinos &#8211; e imams tolerantes, pero tambi\u00e9n gente de seguridad policial y autoridades sociales. Juntos debemos tomar acci\u00f3n contra aqu\u00e9llos que constituyen una amenaza a todos nosotros &#8211; antes de que sea demasiado tarde.<\/p>\n<p>\u00abLa mayor\u00eda de los musulmanes en Suecia est\u00e1n hastiados con todo lo relacionado a la violencia y el odio. Para colocar la culpa colectiva en todos los musulmanes suecos, tal como est\u00e1n haciendo algunos representantes del Folkpartiet <a href=\"#_edn4\" name=\"_ednref4\">[4],<\/a> en hacerle a bin Laden y a sus amigos un favor.<\/p>\n<p>No existe excusa alguna por lo que pas\u00f3 en Londres. Inglaterra ha aceptado a millones de musulmanes. Ah\u00ed ellos han podido construir una vida buena para ellos. A sus hijos se les ha permitido crecer bajo condiciones seguras y se les ha ofrecido una educaci\u00f3n de calidad superior. Los ataques terroristas en Londres fueron las gracias [mostradas por] algunos de estos j\u00f3venes. Esto es odioso e imperdonable. Con los resultados ante nosotros, podemos determinar que Gran Breta\u00f1a ha sido demasiado tolerante e ingenua.<\/p>\n<p><strong>La expulsi\u00f3n de los predicadores del odio est\u00e1 completamente justificada<\/strong><\/p>\n<p>\u00abEl gobierno brit\u00e1nico deber\u00eda de haber tomado acciones radicales para detener a los predicadores del odio [antes de los atentados], aun s\u00ed esto habr\u00eda llevado al cierre de algunas congregaciones isl\u00e1micas. [Esto es] algo que los musulmanes liberales [en G. Breta\u00f1a] han estado exigiendo durante mucho tiempo, pero no obtuvo simpat\u00edas del [gobierno].<\/p>\n<p>\u00abYo tambi\u00e9n quiero felicitar al gobierno brit\u00e1nico por c\u00f3mo ha tratado con [las consecuencias de] los ataques. Expulsar a los predicadores del odio est\u00e1 completamente justificado. Pero es importante que los derechos humanos de cada individuo sean protegidos, incluso cuando son criminales quienes son expulsados. Esto es una condici\u00f3n previa, si la democracia y la tolerancia tienen las de ganar por encima del odio y el extremismo.<\/p>\n<p>\u00bb Suecia no es Inglaterra. Pero la situaci\u00f3n es aun grave, y por consiguiente yo suplico por la unidad nacional contra el odio\u00bb.<\/p>\n<p><strong>* La reacci\u00f3n del periodista musulm\u00e1n Salam Karam:<\/strong><\/p>\n<p><strong>No existe voluntad para tratar con el extremismo<\/strong><\/p>\n<p>\u00abEl admitir del jeque Hassan Moussa de que existe extremismo en nuestras mezquitas es bienvenida. Pero Hassan Moussa no dice nada sobre el problema mayor. Las mezquitas de Suecia est\u00e1n de una manera lenta siendo tomadas por un grupo pol\u00edticamente orientado, la Hermandad Musulmana &#8211; un grupo con el que muchos de los miembros de [la mezquita] simpatizan. En la propuesta de [Moussa] por crear un concejo anti-extremista, se entiende que la Hermandad Musulmana deber\u00eda representar a todos los musulmanes y por eso luego afirman su pu\u00f1o sobre las mezquitas.<\/p>\n<p>\u00abEstos problemas y desaf\u00edos que los musulmanes enfrentan hoy nos conciernen a todos y deber\u00edan ser discutidos p\u00fablicamente. La falta de apertura es hoy el mayor problema en nuestras mezquitas. Durante mis visitas a las mezquitas de Suecia y en discusiones con representantes de organizaciones musulmanas, he notado c\u00f3mo el extremismo est\u00e1 creciendo entre un grupo peque\u00f1o pero peligroso de musulmanes.<\/p>\n<p><strong>Moussa no est\u00e1 dici\u00e9ndonos la verdad acerca de nuestras mezquitas<\/strong><\/p>\n<p>\u00abHasta ahora, esto ha sido negado por las organizaciones musulmanas de Suecia.<\/p>\n<p>\u00abHassan Moussa, imam de la Gran Mezquita de Estocolmo y presidente del Concejo de Imams de Suecia, admite ahora que su vida tambi\u00e9n ha sido amenazada.<\/p>\n<p>\u00ab&#8230; Moussa es valeroso por hablar p\u00fablicamente sobre estas amenazas, debido a que ya es tiempo para Suecia de empezar a tratar con el extremismo&#8230; Un problema es que no existe voluntad genuina entre las organizaciones musulmanas en Suecia para resolver esos problemas que conllevan al extremismo. El Jeque Hassan Moussa no est\u00e1 dici\u00e9ndonos la verdad sobre el c\u00f3mo varias de nuestras mezquitas est\u00e1n siendo conducidas, y del c\u00f3mo esto conlleva a su vez al extremismo.<\/p>\n<p>\u00abAlrededor de 400,000 personas de origen musulm\u00e1n viven en Suecia. Yo soy uno de ellos. La Gran Mezquita&#8230; en Estocolmo d\u00f3nde&#8230; Moussa predica, y de cuyas congregaciones que est\u00e1n conectadas a ella, han tratado durante a\u00f1os recientes de se\u00f1alarse a si mismas como representantes de todos los musulmanes en Suecia, y como un modelo para el pluralismo.<\/p>\n<p>\u00ab\u00c9sta es una manera arriesgada de presentar el grupo heterog\u00e9neo de musulmanes de Suecia. Una gran parte de los musulmanes no son practicantes. Muchos otros son musulmanes chi\u00edtas y tienen sus propias congregaciones. De hecho, la Gran Mezquita de [Estocolmo] ni siquiera representa a todos los musulmanes sunni. Es bien sabido entre los investigadores del Islam, los polemistas musulmanes, y tambi\u00e9n entre los imams en Suecia que la Gran Mezquita de [Estocolmo] est\u00e1 dirigida por un grupo peque\u00f1o de personas, del cual algunos son del mundo \u00e1rabe.<\/p>\n<p><strong>Suecia es un pa\u00eds ideal para la Hermandad Musulmana<\/strong><\/p>\n<p>\u00abEste grupo simpatiza&#8230; con la Hermandad Musulmana&#8230; el cual predica una estricta forma de Islam. La Hermandad Musulmana ha condenado los ataques del 11 de Septiembre, pero justifica&#8230; los ataques suicidas contra israel\u00edes.<\/p>\n<p>\u00abLa organizaci\u00f3n tambi\u00e9n es cercana al movimiento palestino Hamas &#8211; cuya ideolog\u00eda es muy similar al nazismo, y qu\u00e9 es culpable de muchos ataques brutales de terror contra civiles israel\u00edes.<\/p>\n<p>\u00abPara la Hermandad musulmana, Suecia es de muchas maneras un pa\u00eds ideal, [y este] comparte los ideales de los social-democratas [suecos] en su manera de ver del bienestar de la sociedad. Las figuras principales en las congregaciones musulmanas tambi\u00e9n est\u00e1n activas dentro del [partido] social-democr\u00e1tico, y tienen muy buenas relaciones con los social-democratas cristianos de Suecia &#8211; Broderskapsr\u00f6relsen [el Movimiento de la Hermandad].<\/p>\n<p>\u00abLos social dem\u00f3cratas tienen, a su vez, y quiz\u00e1s como gracias al apoyo que reciben del liderazgo de la mezquita, muestran una tendencia a apartarse del hecho de que existe el extremismo en algunas de nuestras mezquitas. Esto le ha dado la libertad a la Hermandad musulmana para forzar su ideolog\u00eda en [los adoradores de las mezquitas].<\/p>\n<p><strong>Lideres de la mezquita llama \u00abjud\u00edos\u00bb a los que critican a musulmanes<\/strong><\/p>\n<p>\u00abLas mezquitas de Suecia est\u00e1n siendo tomadas lentamente pero de una manera segura por la Hermandad Musulmana. Esta elite no permite la existencia de otras maneras de pensar&#8230; y musulmanes que no simpatizan con la Hermandad [Musulmana] son excluidos del liderazgo&#8230; o son intimidados. Personas que han participado en las organizaciones musulmanas en Suecia, y qui\u00e9nes quieren permanecer an\u00f3nimos al miedo a la venganza, me han dicho que han sido expulsados a puntapi\u00e9s fuera de las organizaciones de mezquitas porque criticaron a la Hermandad Musulmana. Otros me han dicho que el l\u00edder de la mezquita les ha llamado por tel\u00e9fono y les llam\u00f3 &#8216;jud\u00edos&#8217; en el sentido de &#8216;no-humanos&#8217;.<\/p>\n<p>\u00ab&#8230; Durante varias visitas que hice en el \u00faltimo a\u00f1o a la Gran Mezquita de [Estocolmo], result\u00f3 que mensajes ambiguos fueron transmitidos durante los sermones del Viernes. Hubo discursos de odio contra los Estados Unidos en \u00e1rabe, y en sueco y fueron [celebrados]. Cu\u00e1ndo [mi] art\u00edculo [sobre esto] fue publicado en <em>Svenska Dagbladet<\/em> el 23 de mayo del 2004, la Ministro de [Democracia social-dem\u00f3crata] Mona Sahlin se neg\u00f3 a comentar sobre [el art\u00edculo]. Por qu\u00e9? Para m\u00ed, la pregunta surgi\u00f3: D\u00f3nde, de hecho, quedan Mona Sahlin y los social-dem\u00f3cratas sobre el asunto de combatir al extremismo?<\/p>\n<p><strong>La apertura es la manera de tratar con el extremismo<\/strong><\/p>\n<p>\u00abPara tratar con el problema del extremismo en nuestras mezquitas, Hassan Moussa sugiere en un articulo de opini\u00f3n en este peri\u00f3dico&#8230; que un concejo de [unidad nacional] sea creado [para combatir al extremismo]. Impl\u00edcito en esta propuesta es que el mismo Hassan Moussa, y las organizaciones musulmanas las cuales est\u00e1n conectadas a la Gran Mezquita de [Estocolmo], representar\u00e1n a los musulmanes de Suecia. La propuesta es un intento por establecer cuanto agarre tiene la Hermandad Musulmana sobre las mezquitas en Suecia. Y el resultado obvio es que a un concejo de un grupo peque\u00f1o de musulmanes de Suecia se les conceder\u00e1 el derecho de se\u00f1alar quien es \u00abextremista y lo que es &#8216;correcto o incorrecto&#8217; en nuestras mezquitas. \u00bfEs as\u00ed c\u00f3mo Suecia combatir\u00e1 el extremismo?<\/p>\n<p>\u00abSuecia es conocida por promover la libertad y la tolerancia. Criticando las instituciones musulmanas y se\u00f1alando los problemas que los musulmanes en Suecia est\u00e1n enfrentando, yo de ninguna manera deseo hacerle da\u00f1o al Islam o a los musulmanes. Al contrario.<\/p>\n<p>\u00abQuiero que m\u00e1s gente obtenga conocimiento sobre la realidad de los musulmanes y que m\u00e1s suecos de origen musulm\u00e1n tomen parte en el debate. Es importante para la seguridad y el futuro de Suecia.<\/p>\n<p>\u00abEspero tambi\u00e9n que las principales organizaciones musulmanas se abran al escrutinio y al dialogo, e intenten hacer algo positivo con la cr\u00edtica. S\u00f3lo es a trav\u00e9s de la apertura que podemos oponernos a los grupos que Hassan Moussa se\u00f1ala como extremistas. Esto es algo que tambi\u00e9n es v\u00e1lido para los social-dem\u00f3cratas\u00bb.<\/p>\n<\/p>\n<\/div>\n<hr noshade=\"noshade\" \/><!-- footnotes --><\/p>\n<div class=\"bodynews c2\">\n<p><a href=\"#_ednref1\" name=\"_edn1\">[1]<\/a> Hassan Moussa es el imam de la Gran Mezquita de Estocolmo y presidente del Concejo de Imams de Suecia.<\/p>\n<p><a href=\"#_ednref2\" name=\"_edn2\">[2]<\/a> <em>Expressen<\/em> (Suecia), 6 de septiembre, 2005 <a href=\"http:\/\/expressen.se\/index.jsp?d=1180&amp;a=431580\">http:\/\/expressen.se\/index.jsp?d=1180&amp;a=431580<\/a><\/p>\n<p><a href=\"#_ednref3\" name=\"_edn3\">[3]<\/a> <em>Expressen<\/em> (Suecia), 9 de septiembre, 2005 <a href=\"http:\/\/expressen.se\/index.jsp?d=1180&amp;a=433592\">http:\/\/expressen.se\/index.jsp?d=1180&amp;a=433592<\/a><\/p>\n<p><a href=\"#_ednref4\" name=\"_edn4\">[4]<\/a> Moussa est\u00e1 al parecer refiri\u00e9ndose a un editorial principal del 29 de agosto, 2005 en <em>Expressen<\/em> por el MP de <em>Folkpartiet<\/em> Nyamko Sabuni. En su editorial, Sabuni escribi\u00f3, \u00abMe preocupa tambi\u00e9n que las escuelas musulmanas libres se arriesgan a convertirse en una base natural de reclutamiento para los futuros atacantes suicidas (<a href=\"http:\/\/expressen.se\/index.jsp?a=427766\">http:\/\/expressen.se\/index.jsp?a=427766<\/a>). Tambi\u00e9n, el editorial de <em>Expressen<\/em> del 30 de agosto, 2005 denunci\u00f3 que Sabuni agreg\u00f3, durante un debate de panel\u00edstas el 29 de agosto, a sus exigencias anteriores otra exigencia a que las muchachas por debajo de los 15 a\u00f1os no lleven puestos sus velos (<a href=\"http:\/\/expressen.se\/index.jsp?a=428344\">http:\/\/expressen.se\/index.jsp?a=428344<\/a>).<\/p>\n<\/div>\n","protected":false},"excerpt":{"rendered":"<p>Siguiendo a los atentados del 7 de julio, 2005 en Londres, y siguiendo a un intento de asesinato por islamistas suecos, el imam Hassan Moussa [1]de la Gran Mezquita de Estocolmo en Suecia public\u00f3 una llamada a la unidad nacional en Suecia en el diario sueco Expressen [2] para remover la amenaza propuesta por islamistas, [&hellip;]<\/p>\n","protected":false},"author":1,"featured_media":0,"comment_status":"open","ping_status":"open","sticky":false,"template":"","format":"standard","meta":{"footnotes":""},"categories":[6,12],"tags":[],"class_list":["post-1027","post","type-post","status-publish","format-standard","hentry","category-comunicados-especiales","category-reforma-en-el-mundo-arabe-y-musulman"],"_links":{"self":[{"href":"https:\/\/www2.memri.org\/espanol\/wp-json\/wp\/v2\/posts\/1027","targetHints":{"allow":["GET"]}}],"collection":[{"href":"https:\/\/www2.memri.org\/espanol\/wp-json\/wp\/v2\/posts"}],"about":[{"href":"https:\/\/www2.memri.org\/espanol\/wp-json\/wp\/v2\/types\/post"}],"author":[{"embeddable":true,"href":"https:\/\/www2.memri.org\/espanol\/wp-json\/wp\/v2\/users\/1"}],"replies":[{"embeddable":true,"href":"https:\/\/www2.memri.org\/espanol\/wp-json\/wp\/v2\/comments?post=1027"}],"version-history":[{"count":0,"href":"https:\/\/www2.memri.org\/espanol\/wp-json\/wp\/v2\/posts\/1027\/revisions"}],"wp:attachment":[{"href":"https:\/\/www2.memri.org\/espanol\/wp-json\/wp\/v2\/media?parent=1027"}],"wp:term":[{"taxonomy":"category","embeddable":true,"href":"https:\/\/www2.memri.org\/espanol\/wp-json\/wp\/v2\/categories?post=1027"},{"taxonomy":"post_tag","embeddable":true,"href":"https:\/\/www2.memri.org\/espanol\/wp-json\/wp\/v2\/tags?post=1027"}],"curies":[{"name":"wp","href":"https:\/\/api.w.org\/{rel}","templated":true}]}}