{"id":900,"date":"2023-02-26T05:01:11","date_gmt":"2023-02-26T09:01:11","guid":{"rendered":"https:\/\/www2.memri.org\/espanol\/tv\/?p=900"},"modified":"2023-02-26T05:01:11","modified_gmt":"2023-02-26T09:01:11","slug":"un-video-que-circula-en-linea-muestra-combatientes-del-grupo-wagner-disparando-contra-fotografias-de-oficiales-rusos-de-alto-rango-para-protestar-por-la-escasez-de-municiones-los-generales","status":"publish","type":"post","link":"https:\/\/www2.memri.org\/espanol\/tv\/2023\/02\/26\/un-video-que-circula-en-linea-muestra-combatientes-del-grupo-wagner-disparando-contra-fotografias-de-oficiales-rusos-de-alto-rango-para-protestar-por-la-escasez-de-municiones-los-generales\/","title":{"rendered":"Un video que circula en l\u00ednea muestra combatientes del Grupo Wagner disparando contra fotograf\u00edas de oficiales rusos de alto rango, para protestar por la escasez de municiones: \u201cLos generales apestan: \u00bfd\u00f3nde est\u00e1n las municiones?\u201d"},"content":{"rendered":"<p>[videopack id=&#8221;901&#8243;]https:\/\/www2.memri.org\/espanol\/tv\/wp-content\/uploads\/2023\/02\/10138-ESP.mp4[\/videopack]<\/p>\n<p>El 22 de febrero de 2023, el canal de Telegram de extrema derecha ruso Vezhlivie Lyudi Z SVO [\u201cGente educada Z SVO\u201d] comparti\u00f3 un clip que mostraba a dos combatientes enmascarados supuestamente pertenecientes al grupo paramilitar Wagner, respaldado por Rusia.<\/p>\n<p>En el clip se puede ver que uno de los combatientes dispara su ametralladora contraa objetivos que representan al Jefe del Estado Mayor General de Rusia, General Valery Gerasimov, y al Jefe del Estado Mayor de Infanter\u00eda, General Aleksandr Lapin. A continuaci\u00f3n, el hombre dice: \u201cLos generales apestan.\u00bfD\u00f3nde est\u00e1n los suministros y las municiones? Vayan ustedes a la maldita guerra\u201d.<\/p>\n<p>El video se public\u00f3 en momentos en que circulan noticias sobre la escasez de municiones que supuestamente enfrenta la Compa\u00f1\u00eda Wagner en Ucrania. Cabe se\u00f1alar que el jefe de Wanger, Yevgeny Prigozhin, asegur\u00f3 que el video es una mentira \u201cfabricada\u201d por Ucrania.<\/p>\n","protected":false},"excerpt":{"rendered":"<p>[videopack id=&#8221;901&#8243;]<\/p>\n<p>El 22 de febrero de 2023, el canal de Telegram de extrema derecha ruso Vezhlivie Lyudi Z SVO [\u201cGente educada Z SVO\u201d] comparti\u00f3 un clip que mostraba a dos combatientes enmascarados supuestamente pertenecientes al grupo paramilitar Wagner, respaldado por Rusia.<\/p>\n<p>En el clip se puede ver que uno de los combatientes dispara su ametralladora contraa objetivos que representan al Jefe del Estado Mayor General de Rusia, General Valery Gerasimov, y al Jefe del Estado Mayor de Infanter\u00eda, General Aleksandr Lapin. A continuaci\u00f3n, el hombre dice: \u201cLos generales apestan.\u00bfD\u00f3nde est\u00e1n los suministros y las municiones? Vayan ustedes a la maldita guerra\u201d.<\/p>\n<p>El video se public\u00f3 en momentos en que circulan noticias sobre la escasez de municiones que supuestamente enfrenta la Compa\u00f1\u00eda Wagner en Ucrania. Cabe se\u00f1alar que el jefe de Wanger, Yevgeny Prigozhin, asegur\u00f3 que el video es una mentira \u201cfabricada\u201d por Ucrania.<\/p>\n","protected":false},"author":3,"featured_media":902,"comment_status":"open","ping_status":"open","sticky":false,"template":"","format":"video","meta":{"footnotes":""},"categories":[5,403,142],"tags":[455,456,457],"class_list":["post-900","post","type-post","status-publish","format-video","has-post-thumbnail","hentry","category-paises","category-rusia","category-temas","tag-grupo-wagner","tag-vladimir-putin","tag-yevgeny-prigozhin","post_format-post-format-video"],"_links":{"self":[{"href":"https:\/\/www2.memri.org\/espanol\/tv\/wp-json\/wp\/v2\/posts\/900","targetHints":{"allow":["GET"]}}],"collection":[{"href":"https:\/\/www2.memri.org\/espanol\/tv\/wp-json\/wp\/v2\/posts"}],"about":[{"href":"https:\/\/www2.memri.org\/espanol\/tv\/wp-json\/wp\/v2\/types\/post"}],"author":[{"embeddable":true,"href":"https:\/\/www2.memri.org\/espanol\/tv\/wp-json\/wp\/v2\/users\/3"}],"replies":[{"embeddable":true,"href":"https:\/\/www2.memri.org\/espanol\/tv\/wp-json\/wp\/v2\/comments?post=900"}],"version-history":[{"count":0,"href":"https:\/\/www2.memri.org\/espanol\/tv\/wp-json\/wp\/v2\/posts\/900\/revisions"}],"wp:featuredmedia":[{"embeddable":true,"href":"https:\/\/www2.memri.org\/espanol\/tv\/wp-json\/wp\/v2\/media\/902"}],"wp:attachment":[{"href":"https:\/\/www2.memri.org\/espanol\/tv\/wp-json\/wp\/v2\/media?parent=900"}],"wp:term":[{"taxonomy":"category","embeddable":true,"href":"https:\/\/www2.memri.org\/espanol\/tv\/wp-json\/wp\/v2\/categories?post=900"},{"taxonomy":"post_tag","embeddable":true,"href":"https:\/\/www2.memri.org\/espanol\/tv\/wp-json\/wp\/v2\/tags?post=900"}],"curies":[{"name":"wp","href":"https:\/\/api.w.org\/{rel}","templated":true}]}}