{"id":838,"date":"2023-02-24T09:34:12","date_gmt":"2023-02-24T13:34:12","guid":{"rendered":"https:\/\/www2.memri.org\/espanol\/tv\/?p=838"},"modified":"2023-02-24T09:34:12","modified_gmt":"2023-02-24T13:34:12","slug":"ex-comandante-de-hezbollah-quema-carteles-de-los-lideres-supremos-iranies-khomeini-khamenei-y-del-secretario-general-de-hezbollah-nasrallah-en-video-de-tiktok-y-dice-ustedes-son-inhumanos","status":"publish","type":"post","link":"https:\/\/www2.memri.org\/espanol\/tv\/2023\/02\/24\/ex-comandante-de-hezbollah-quema-carteles-de-los-lideres-supremos-iranies-khomeini-khamenei-y-del-secretario-general-de-hezbollah-nasrallah-en-video-de-tiktok-y-dice-ustedes-son-inhumanos\/","title":{"rendered":"Ex comandante de Hezbollah quema carteles de los l\u00edderes supremos iran\u00edes Khomeini, Khamenei y del secretario general de Hezbollah, Nasrallah en video de TikTok y dice: \u201cUstedes son inhumanos; Estos son sus dictadores\u201d"},"content":{"rendered":"<p>[videopack id=&#8221;843&#8243; poster=&#8221;https:\/\/www2.memri.org\/espanol\/tv\/wp-content\/uploads\/2023\/02\/10124-ESP-2_thumb1.jpg&#8221;]https:\/\/www2.memri.org\/espanol\/tv\/wp-content\/uploads\/2023\/02\/10124-ESP-2.mp4[\/videopack]<\/p>\n<p><em>Hassan Muhsen, tambi\u00e9n conocido como Hajj Walaa Aytet, excomandante de Hezbollah, public\u00f3 un video en su cuenta de TikTok en el que aparece quemando un cartel con la imagen del l\u00edder supremo iran\u00ed Ali Khamenei y el fundador de la Rep\u00fablica Isl\u00e1mica, Khomeini. El video fue difundido el 15 de febrero de 2023. En este contexto, Muhsen enumera una serie de reclamos y quejas contra Hezbollah y dice: &#8220;Ustedes son inhumanos. Estos son sus dictadores, estos son sus muyahidines&#8221;. En otro video que tambi\u00e9n public\u00f3 en TikTok, se lo muestra de pie frente a un cartel quemado del secretario general de Hezbollah, Hassan Nasrallah, y dice que cada vez que se cuelgue una imagen \u201cde este tipo\u201d en su aldea, ser\u00e1 quemada y destruida.<\/em><\/p>\n<p>&nbsp;<\/p>\n<p><strong>Hassan Muhsen:<\/strong>\u00a0\u201cEste es un mensaje para los muyahidines y para su Secretario General [Nasrallah].<\/p>\n<p>[&#8230;]<\/p>\n<p>Hassan Muhsen: &#8220;Aquellos que les den \u00f3rdenes de atacar casas de personas no tendr\u00e1n sus pancartas entre nosotros. Estoy aqu\u00ed en mi pueblo, en el \u00e1rea donde vivo. Si tienen algo de honor, vengan. Los espero en mi pueblo.<\/p>\n<p>[&#8230;]<\/p>\n<p>\u201cEste es el dictador del que recibes \u00f3rdenes, t\u00fa y tus muyahidines, en este partido (Hezbollah). Cuando organizas emboscadas en esta aldea, me disparas en la pierna y luego me metes en una celda en la Dahiya ( suburbio de Beirut), tendr\u00e1s que rendir cuentas.<\/p>\n<p>&#8220;Doce a\u00f1os de tu ley, sin resultados. Ustedes son inhumanos. Esos son sus dictadores, estos son sus muyahidines, estos son sus fallos, estos son sus tribunales, esta es su ley.<\/p>\n<p>[&#8230;]<\/p>\n<p>\u201cCada vez que se coloque aqu\u00ed un cartel de Sayyed (Nasrallah), ser\u00e1 quemado. \u00c9l es un dictador.<\/p>\n","protected":false},"excerpt":{"rendered":"<p>[videopack id=&#8221;843&#8243; poster=&#8221;<\/p>\n<p><em>Hassan Muhsen, tambi\u00e9n conocido como Hajj Walaa Aytet, excomandante de Hezbollah, public\u00f3 un video en su cuenta de TikTok en el que aparece quemando un cartel con la imagen del l\u00edder supremo iran\u00ed Ali Khamenei y el fundador de la Rep\u00fablica Isl\u00e1mica, Khomeini. El video fue difundido el 15 de febrero de 2023. En este contexto, Muhsen enumera una serie de reclamos y quejas contra Hezbollah y dice: &#8220;Ustedes son inhumanos. Estos son sus dictadores, estos son sus muyahidines&#8221;. En otro video que tambi\u00e9n public\u00f3 en TikTok, se lo muestra de pie frente a un cartel quemado del secretario general de Hezbollah, Hassan Nasrallah, y dice que cada vez que se cuelgue una imagen \u201cde este tipo\u201d en su aldea, ser\u00e1 quemada y destruida.<\/em><\/p>\n<p>&nbsp;<\/p>\n<p><strong>Hassan Muhsen:<\/strong>\u00a0\u201cEste es un mensaje para los muyahidines y para su Secretario General [Nasrallah].<\/p>\n<p>[&#8230;]<\/p>\n<p>Hassan Muhsen: &#8220;Aquellos que les den \u00f3rdenes de atacar casas de personas no tendr\u00e1n sus pancartas entre nosotros. Estoy aqu\u00ed en mi pueblo, en el \u00e1rea donde vivo. Si tienen algo de honor, vengan. Los espero en mi pueblo.<\/p>\n<p>[&#8230;]<\/p>\n<p>\u201cEste es el dictador del que recibes \u00f3rdenes, t\u00fa y tus muyahidines, en este partido (Hezbollah). Cuando organizas emboscadas en esta aldea, me disparas en la pierna y luego me metes en una celda en la Dahiya ( suburbio de Beirut), tendr\u00e1s que rendir cuentas.<\/p>\n<p>&#8220;Doce a\u00f1os de tu ley, sin resultados. Ustedes son inhumanos. Esos son sus dictadores, estos son sus muyahidines, estos son sus fallos, estos son sus tribunales, esta es su ley.<\/p>\n<p>[&#8230;]<\/p>\n<p>\u201cCada vez que se coloque aqu\u00ed un cartel de Sayyed (Nasrallah), ser\u00e1 quemado. \u00c9l es un dictador.<\/p>\n","protected":false},"author":3,"featured_media":842,"comment_status":"open","ping_status":"open","sticky":false,"template":"","format":"video","meta":{"footnotes":""},"categories":[15,18,5],"tags":[428,429,424,430],"class_list":["post-838","post","type-post","status-publish","format-video","has-post-thumbnail","hentry","category-iran","category-libano","category-paises","tag-ali-khamenei","tag-hassan-nasrallah","tag-hezbollah","tag-ruhollah-khomeini","post_format-post-format-video"],"_links":{"self":[{"href":"https:\/\/www2.memri.org\/espanol\/tv\/wp-json\/wp\/v2\/posts\/838","targetHints":{"allow":["GET"]}}],"collection":[{"href":"https:\/\/www2.memri.org\/espanol\/tv\/wp-json\/wp\/v2\/posts"}],"about":[{"href":"https:\/\/www2.memri.org\/espanol\/tv\/wp-json\/wp\/v2\/types\/post"}],"author":[{"embeddable":true,"href":"https:\/\/www2.memri.org\/espanol\/tv\/wp-json\/wp\/v2\/users\/3"}],"replies":[{"embeddable":true,"href":"https:\/\/www2.memri.org\/espanol\/tv\/wp-json\/wp\/v2\/comments?post=838"}],"version-history":[{"count":0,"href":"https:\/\/www2.memri.org\/espanol\/tv\/wp-json\/wp\/v2\/posts\/838\/revisions"}],"wp:featuredmedia":[{"embeddable":true,"href":"https:\/\/www2.memri.org\/espanol\/tv\/wp-json\/wp\/v2\/media\/842"}],"wp:attachment":[{"href":"https:\/\/www2.memri.org\/espanol\/tv\/wp-json\/wp\/v2\/media?parent=838"}],"wp:term":[{"taxonomy":"category","embeddable":true,"href":"https:\/\/www2.memri.org\/espanol\/tv\/wp-json\/wp\/v2\/categories?post=838"},{"taxonomy":"post_tag","embeddable":true,"href":"https:\/\/www2.memri.org\/espanol\/tv\/wp-json\/wp\/v2\/tags?post=838"}],"curies":[{"name":"wp","href":"https:\/\/api.w.org\/{rel}","templated":true}]}}