{"id":777,"date":"2022-12-02T15:42:42","date_gmt":"2022-12-02T19:42:42","guid":{"rendered":"https:\/\/www2.memri.org\/espanol\/tv\/?p=777"},"modified":"2023-02-20T15:54:34","modified_gmt":"2023-02-20T19:54:34","slug":"en-el-sermon-del-viernes-en-zahedan-iran-el-lider-espiritual-sunita-molavi-abdolhamid-exige-responsabilidad-por-las-victimas-asesinadas-durante-la-represion-contra-los-manifestantes-y-agrega-2","status":"publish","type":"post","link":"https:\/\/www2.memri.org\/espanol\/tv\/2022\/12\/02\/en-el-sermon-del-viernes-en-zahedan-iran-el-lider-espiritual-sunita-molavi-abdolhamid-exige-responsabilidad-por-las-victimas-asesinadas-durante-la-represion-contra-los-manifestantes-y-agrega-2\/","title":{"rendered":"En el serm\u00f3n del viernes en Zahedan, Ir\u00e1n, el l\u00edder espiritual sunita Molavi Abdolhamid exige responsabilidad por las v\u00edctimas asesinadas durante la represi\u00f3n contra los manifestantes y agrega: \u201cDonde se evita la cr\u00edtica, se crea la tiran\u00eda; Siempre se debe seguir la verdad, incluso cuando la pronuncien estadounidenses e israel\u00edes\u201d."},"content":{"rendered":"<p>[videopack id=&#8221;778&#8243;]https:\/\/www2.memri.org\/espanol\/tv\/wp-content\/uploads\/2023\/02\/9978-ESP-1.mp4[\/videopack]<\/p>\n<p><i><span style=\"font-weight: 400;\">Molavi Abdolhamid Ismaeelzahi, el l\u00edder espiritual de los sunitas de Ir\u00e1n, dijo en un serm\u00f3n del viernes 2 de diciembre de 2022 en Zahedan, la capital de la provincia iran\u00ed de mayor\u00eda sunita de Sist\u00e1n y Baluchist\u00e1n, que el r\u00e9gimen iran\u00ed deber\u00eda rendir cuentas por matar a manifestantes sunitas que protestan contra el r\u00e9gimen. Ismaeelzahi inst\u00f3 al r\u00e9gimen a &#8220;sentarse&#8221; con los manifestantes a dialogar y llegar a un &#8220;t\u00e9rmino medio&#8221;, y agreg\u00f3: &#8220;Donde se impide la cr\u00edtica, se crea la tiran\u00eda&#8221;.\u00a0<\/span><\/i><\/p>\n<p><i><span style=\"font-weight: 400;\">Tambi\u00e9n dijo que los prisioneros y detenidos deben ser tratados de una &#8220;manera isl\u00e1mica&#8221; y no como personas que luchan contra Al\u00e1 o siembran la corrupci\u00f3n. El l\u00edder espiritual suni sostuvo que la verdad debe seguirse, incluso si la pronuncian enemigos como los estadounidenses o los israel\u00edes. Asimismo explic\u00f3 que los sunitas y otras minor\u00edas religiosas han sido discriminadas desde el establecimiento de la Rep\u00fablica Isl\u00e1mica, a pesar de que todos son iran\u00edes.\u00a0<\/span><\/i><\/p>\n<p><i><span style=\"font-weight: 400;\">El serm\u00f3n fue publicado en la cuenta de YouTube de Molavi Abdolhamid<\/span><\/i><span style=\"font-weight: 400;\">.<\/span><b>\u00a0<\/b><\/p>\n<p><span style=\"font-weight: 400;\">Molavi Abdolhamid Ismaeelzahi: \u201cEs importante que una persona trate adecuadamente a sus enemigos y oponentes&#8221;.<\/span><\/p>\n<p><span style=\"font-weight: 400;\">L\u00edder del rezo: Digan, &#8216;\u00a1Al\u00e1 Akbar!&#8217;<\/span><\/p>\n<p><span style=\"font-weight: 400;\">P\u00fablico: \u00a1Al\u00e1 Akbar!<\/span><\/p>\n<p><span style=\"font-weight: 400;\">Ismaeelzahi: Por lo tanto, se requiere un comportamiento isl\u00e1mico. Somos musulmanes, \u00bfno es as\u00ed?\u00a0<\/span><\/p>\n<p><span style=\"font-weight: 400;\">Comp\u00f3rtense de manera isl\u00e1mica con sus prisioneros y detenidos. No los traten como personas que luchan contra Al\u00e1.\u00a0<\/span><\/p>\n<p><span style=\"font-weight: 400;\">Las personas que protestan son diferentes de las personas que luchan contra Al\u00e1 y siembran corrupci\u00f3n\u201d.<\/span><\/p>\n<p><span style=\"font-weight: 400;\">\u00a0[&#8230;]<\/span><\/p>\n<p><span style=\"font-weight: 400;\">\u00a0\u201cSi\u00e9ntense con las personas que se oponen a ustedes y expresen cr\u00edticas. Las cr\u00edticas nunca deben bloquearse. Donde se previenen las cr\u00edticas, se crea la tiran\u00eda.<\/span><\/p>\n<p><span style=\"font-weight: 400;\">\u00a0L\u00edder del rezo: Digan, &#8216;\u00a1Al\u00e1 Akbar!&#8217;<\/span><\/p>\n<p><span style=\"font-weight: 400;\">P\u00fablico: \u00a1Al\u00e1 Akbar!<\/span><\/p>\n<p><span style=\"font-weight: 400;\">Ismaeelzahi: La verdad es lo real. La verdad debe seguirse. La verdad debe seguirse incluso si la pronuncia el enemigo, Incluso si la pronuncian los estadounidenses. Incluso si la pronuncian nuestros enemigos, los israel\u00edes.<\/span><\/p>\n<p><span style=\"font-weight: 400;\">\u00a0[&#8230;]<\/span><\/p>\n<p><span style=\"font-weight: 400;\">Recomendamos ejercer compasi\u00f3n y escuchar lo que el p\u00fablico tiene que decir. No somos enemigos de este pa\u00eds.\u00a0<\/span><\/p>\n<p><span style=\"font-weight: 400;\">Dios sabe que en muchos casos blindamos a este pa\u00eds con el pecho desnudo. En las \u00faltimas guerras que se dieron\u2026 En Siria&#8230;\u00a0<\/span><\/p>\n<p><span style=\"font-weight: 400;\">Fuiste a Siria e Irak y luchaste all\u00ed. Todos tus enemigos acordaron introducir la inseguridad a trav\u00e9s de Baluchist\u00e1n. No estoy diciendo que no desempe\u00f1aras un papel, pero el p\u00fablico [sunita], los eruditos y los dignatarios&#8230;\u00a0<\/span><\/p>\n<p><span style=\"font-weight: 400;\">\u00a0La gente de esta regi\u00f3n es la que convirti\u00f3 sus pechos desnudos en escudos&#8221;.<\/span><\/p>\n<p><span style=\"font-weight: 400;\">\u00a0L\u00edder del rezo: Digan, &#8216;\u00a1Al\u00e1 Akbar!&#8217;<\/span><\/p>\n<p><span style=\"font-weight: 400;\">P\u00fablico: \u00a1Al\u00e1 Akbar!<\/span><\/p>\n<p><span style=\"font-weight: 400;\">Ismaeelzahi:\u00a0 Durante 44 a\u00f1os, hemos sufrido discriminaci\u00f3n, desigualdad y presi\u00f3n. Todo el pueblo iran\u00ed ha sufrido discriminaci\u00f3n. Pero ahora, la gente est\u00e1 haciendo demandas. Estamos haciendo demandas. Nosotros, que estamos aqu\u00ed, tambi\u00e9n estamos cansados de la discriminaci\u00f3n y la presi\u00f3n&#8221;.<\/span><\/p>\n<p><span style=\"font-weight: 400;\">P\u00fablico: \u00a1Al\u00e1 Akbar!<\/span><\/p>\n<p><span style=\"font-weight: 400;\">Ismaeelzahi: Estamos cansados de la pobreza. No nos encierren. No golpeen a nuestra gente. Esta gente tiene hambre. Si\u00e9ntense con ellos y lleguen a un arreglo.<\/span><\/p>\n<p><span style=\"font-weight: 400;\">\u00a0[&#8230;]<\/span><\/p>\n<p><span style=\"font-weight: 400;\">Hemos muerto. Hemos muerto aqu\u00ed. Aqu\u00ed nos mataron con ametralladoras, sin raz\u00f3n.\u00a0<\/span><\/p>\n<p><span style=\"font-weight: 400;\">Nos masacraron, nos mataron, nos hirieron, pero solo tres horas despu\u00e9s, emitimos un comunicado diciendo que la seguridad de esta regi\u00f3n y esta provincia hay que protegerla, nos mataron pero nosotros no matamos a nadie, y no permitiremos que nadie mate a otra persona.<\/span><\/p>\n<p><span style=\"font-weight: 400;\">[&#8230;]<\/span><\/p>\n<p><span style=\"font-weight: 400;\">No les hemos pedido nada. Nuestra \u00fanica demanda es que se castigue a los que mataron a la gente.<\/span><\/p>\n<p><span style=\"font-weight: 400;\">\u00a0[&#8230;]<\/span><\/p>\n<p><span style=\"font-weight: 400;\">Queremos que nuestro pa\u00eds est\u00e9 seguro. Queremos que nuestro pa\u00eds est\u00e9 unido.\u00a0<\/span><\/p>\n<p><span style=\"font-weight: 400;\">Dijimos que no hay chiitas ni sunitas. No hay grupos \u00e9tnicos. Todos somos iran\u00edes. Todos somos iguales, desde los zoroastrianos hasta los derviches.\u00a0<\/span><\/p>\n<p><span style=\"font-weight: 400;\">Todas las religiones, pr\u00e1cticas y tendencias&#8230;\u00a0<\/span><\/p>\n<p><span style=\"font-weight: 400;\">Incluso los bah\u00e1&#8217;\u00eds. Ellos tambi\u00e9n son seres humanos y pertenecen a Ir\u00e1n. Tienen derechos. Sus derechos deben ser protegidos.\u00a0<\/span><\/p>\n<p><span style=\"font-weight: 400;\">Los derechos de todos los iran\u00edes que viven aqu\u00ed y pertenecen a Ir\u00e1n deben ser protegidos. Otros que est\u00e1n en este pa\u00eds tambi\u00e9n tienen derechos.<\/span><\/p>\n","protected":false},"excerpt":{"rendered":"<p>[videopack id=&#8221;778&#8243;]<\/p>\n<p><i><span style=\"font-weight: 400;\">Molavi Abdolhamid Ismaeelzahi, el l\u00edder espiritual de los sunitas de Ir\u00e1n, dijo en un serm\u00f3n del viernes 2 de diciembre de 2022 en Zahedan, la capital de la provincia iran\u00ed de mayor\u00eda sunita de Sist\u00e1n y Baluchist\u00e1n, que el r\u00e9gimen iran\u00ed deber\u00eda rendir cuentas por matar a manifestantes sunitas que protestan contra el r\u00e9gimen. Ismaeelzahi inst\u00f3 al r\u00e9gimen a &#8220;sentarse&#8221; con los manifestantes a dialogar y llegar a un &#8220;t\u00e9rmino medio&#8221;, y agreg\u00f3: &#8220;Donde se impide la cr\u00edtica, se crea la tiran\u00eda&#8221;.\u00a0<\/span><\/i><\/p>\n<p><i><span style=\"font-weight: 400;\">Tambi\u00e9n dijo que los prisioneros y detenidos deben ser tratados de una &#8220;manera isl\u00e1mica&#8221; y no como personas que luchan contra Al\u00e1 o siembran la corrupci\u00f3n. El l\u00edder espiritual suni sostuvo que la verdad debe seguirse, incluso si la pronuncian enemigos como los estadounidenses o los israel\u00edes. Asimismo explic\u00f3 que los sunitas y otras minor\u00edas religiosas han sido discriminadas desde el establecimiento de la Rep\u00fablica Isl\u00e1mica, a pesar de que todos son iran\u00edes.\u00a0<\/span><\/i><\/p>\n<p><i><span style=\"font-weight: 400;\">El serm\u00f3n fue publicado en la cuenta de YouTube de Molavi Abdolhamid<\/span><\/i><span style=\"font-weight: 400;\">.<\/span><b>\u00a0<\/b><\/p>\n<p><span style=\"font-weight: 400;\">Molavi Abdolhamid Ismaeelzahi: \u201cEs importante que una persona trate adecuadamente a sus enemigos y oponentes&#8221;.<\/span><\/p>\n<p><span style=\"font-weight: 400;\">L\u00edder del rezo: Digan, &#8216;\u00a1Al\u00e1 Akbar!&#8217;<\/span><\/p>\n<p><span style=\"font-weight: 400;\">P\u00fablico: \u00a1Al\u00e1 Akbar!<\/span><\/p>\n<p><span style=\"font-weight: 400;\">Ismaeelzahi: Por lo tanto, se requiere un comportamiento isl\u00e1mico. Somos musulmanes, \u00bfno es as\u00ed?\u00a0<\/span><\/p>\n<p><span style=\"font-weight: 400;\">Comp\u00f3rtense de manera isl\u00e1mica con sus prisioneros y detenidos. No los traten como personas que luchan contra Al\u00e1.\u00a0<\/span><\/p>\n<p><span style=\"font-weight: 400;\">Las personas que protestan son diferentes de las personas que luchan contra Al\u00e1 y siembran corrupci\u00f3n\u201d.<\/span><\/p>\n<p><span style=\"font-weight: 400;\">\u00a0[&#8230;]<\/span><\/p>\n<p><span style=\"font-weight: 400;\">\u00a0\u201cSi\u00e9ntense con las personas que se oponen a ustedes y expresen cr\u00edticas. Las cr\u00edticas nunca deben bloquearse. Donde se previenen las cr\u00edticas, se crea la tiran\u00eda.<\/span><\/p>\n<p><span style=\"font-weight: 400;\">\u00a0L\u00edder del rezo: Digan, &#8216;\u00a1Al\u00e1 Akbar!&#8217;<\/span><\/p>\n<p><span style=\"font-weight: 400;\">P\u00fablico: \u00a1Al\u00e1 Akbar!<\/span><\/p>\n<p><span style=\"font-weight: 400;\">Ismaeelzahi: La verdad es lo real. La verdad debe seguirse. La verdad debe seguirse incluso si la pronuncia el enemigo, Incluso si la pronuncian los estadounidenses. Incluso si la pronuncian nuestros enemigos, los israel\u00edes.<\/span><\/p>\n<p><span style=\"font-weight: 400;\">\u00a0[&#8230;]<\/span><\/p>\n<p><span style=\"font-weight: 400;\">Recomendamos ejercer compasi\u00f3n y escuchar lo que el p\u00fablico tiene que decir. No somos enemigos de este pa\u00eds.\u00a0<\/span><\/p>\n<p><span style=\"font-weight: 400;\">Dios sabe que en muchos casos blindamos a este pa\u00eds con el pecho desnudo. En las \u00faltimas guerras que se dieron\u2026 En Siria&#8230;\u00a0<\/span><\/p>\n<p><span style=\"font-weight: 400;\">Fuiste a Siria e Irak y luchaste all\u00ed. Todos tus enemigos acordaron introducir la inseguridad a trav\u00e9s de Baluchist\u00e1n. No estoy diciendo que no desempe\u00f1aras un papel, pero el p\u00fablico [sunita], los eruditos y los dignatarios&#8230;\u00a0<\/span><\/p>\n<p><span style=\"font-weight: 400;\">\u00a0La gente de esta regi\u00f3n es la que convirti\u00f3 sus pechos desnudos en escudos&#8221;.<\/span><\/p>\n<p><span style=\"font-weight: 400;\">\u00a0L\u00edder del rezo: Digan, &#8216;\u00a1Al\u00e1 Akbar!&#8217;<\/span><\/p>\n<p><span style=\"font-weight: 400;\">P\u00fablico: \u00a1Al\u00e1 Akbar!<\/span><\/p>\n<p><span style=\"font-weight: 400;\">Ismaeelzahi:\u00a0 Durante 44 a\u00f1os, hemos sufrido discriminaci\u00f3n, desigualdad y presi\u00f3n. Todo el pueblo iran\u00ed ha sufrido discriminaci\u00f3n. Pero ahora, la gente est\u00e1 haciendo demandas. Estamos haciendo demandas. Nosotros, que estamos aqu\u00ed, tambi\u00e9n estamos cansados de la discriminaci\u00f3n y la presi\u00f3n&#8221;.<\/span><\/p>\n<p><span style=\"font-weight: 400;\">P\u00fablico: \u00a1Al\u00e1 Akbar!<\/span><\/p>\n<p><span style=\"font-weight: 400;\">Ismaeelzahi: Estamos cansados de la pobreza. No nos encierren. No golpeen a nuestra gente. Esta gente tiene hambre. Si\u00e9ntense con ellos y lleguen a un arreglo.<\/span><\/p>\n<p><span style=\"font-weight: 400;\">\u00a0[&#8230;]<\/span><\/p>\n<p><span style=\"font-weight: 400;\">Hemos muerto. Hemos muerto aqu\u00ed. Aqu\u00ed nos mataron con ametralladoras, sin raz\u00f3n.\u00a0<\/span><\/p>\n<p><span style=\"font-weight: 400;\">Nos masacraron, nos mataron, nos hirieron, pero solo tres horas despu\u00e9s, emitimos un comunicado diciendo que la seguridad de esta regi\u00f3n y esta provincia hay que protegerla, nos mataron pero nosotros no matamos a nadie, y no permitiremos que nadie mate a otra persona.<\/span><\/p>\n<p><span style=\"font-weight: 400;\">[&#8230;]<\/span><\/p>\n<p><span style=\"font-weight: 400;\">No les hemos pedido nada. Nuestra \u00fanica demanda es que se castigue a los que mataron a la gente.<\/span><\/p>\n<p><span style=\"font-weight: 400;\">\u00a0[&#8230;]<\/span><\/p>\n<p><span style=\"font-weight: 400;\">Queremos que nuestro pa\u00eds est\u00e9 seguro. Queremos que nuestro pa\u00eds est\u00e9 unido.\u00a0<\/span><\/p>\n<p><span style=\"font-weight: 400;\">Dijimos que no hay chiitas ni sunitas. No hay grupos \u00e9tnicos. Todos somos iran\u00edes. Todos somos iguales, desde los zoroastrianos hasta los derviches.\u00a0<\/span><\/p>\n<p><span style=\"font-weight: 400;\">Todas las religiones, pr\u00e1cticas y tendencias&#8230;\u00a0<\/span><\/p>\n<p><span style=\"font-weight: 400;\">Incluso los bah\u00e1&#8217;\u00eds. Ellos tambi\u00e9n son seres humanos y pertenecen a Ir\u00e1n. Tienen derechos. Sus derechos deben ser protegidos.\u00a0<\/span><\/p>\n<p><span style=\"font-weight: 400;\">Los derechos de todos los iran\u00edes que viven aqu\u00ed y pertenecen a Ir\u00e1n deben ser protegidos. Otros que est\u00e1n en este pa\u00eds tambi\u00e9n tienen derechos.<\/span><\/p>\n","protected":false},"author":3,"featured_media":779,"comment_status":"open","ping_status":"open","sticky":false,"template":"","format":"video","meta":{"footnotes":""},"categories":[178,15,133,103,5,142],"tags":[],"class_list":["post-777","post","type-post","status-publish","format-video","has-post-thumbnail","hentry","category-defiende-la-libertad-y-critica-al-regimen-por-la-represion","category-iran","category-lider-espiritual-sunita-molavi-abdolhamid","category-lideres-espirituales","category-paises","category-temas","post_format-post-format-video"],"_links":{"self":[{"href":"https:\/\/www2.memri.org\/espanol\/tv\/wp-json\/wp\/v2\/posts\/777","targetHints":{"allow":["GET"]}}],"collection":[{"href":"https:\/\/www2.memri.org\/espanol\/tv\/wp-json\/wp\/v2\/posts"}],"about":[{"href":"https:\/\/www2.memri.org\/espanol\/tv\/wp-json\/wp\/v2\/types\/post"}],"author":[{"embeddable":true,"href":"https:\/\/www2.memri.org\/espanol\/tv\/wp-json\/wp\/v2\/users\/3"}],"replies":[{"embeddable":true,"href":"https:\/\/www2.memri.org\/espanol\/tv\/wp-json\/wp\/v2\/comments?post=777"}],"version-history":[{"count":0,"href":"https:\/\/www2.memri.org\/espanol\/tv\/wp-json\/wp\/v2\/posts\/777\/revisions"}],"wp:featuredmedia":[{"embeddable":true,"href":"https:\/\/www2.memri.org\/espanol\/tv\/wp-json\/wp\/v2\/media\/779"}],"wp:attachment":[{"href":"https:\/\/www2.memri.org\/espanol\/tv\/wp-json\/wp\/v2\/media?parent=777"}],"wp:term":[{"taxonomy":"category","embeddable":true,"href":"https:\/\/www2.memri.org\/espanol\/tv\/wp-json\/wp\/v2\/categories?post=777"},{"taxonomy":"post_tag","embeddable":true,"href":"https:\/\/www2.memri.org\/espanol\/tv\/wp-json\/wp\/v2\/tags?post=777"}],"curies":[{"name":"wp","href":"https:\/\/api.w.org\/{rel}","templated":true}]}}