{"id":6684,"date":"2025-09-24T19:32:10","date_gmt":"2025-09-24T16:32:10","guid":{"rendered":"https:\/\/www2.memri.org\/espanol\/tv\/?p=6684"},"modified":"2025-09-24T19:32:10","modified_gmt":"2025-09-24T16:32:10","slug":"activista-irani-ali-akbar-taheri-los-miembros-de-la-flotilla-de-la-libertad-a-gaza-ofrecen-sus-vidas-en-sacrificio-espera-que-algunos-sean-asesinados-para-que-su-sangre-despierte-a-europa-y","status":"publish","type":"post","link":"https:\/\/www2.memri.org\/espanol\/tv\/2025\/09\/24\/activista-irani-ali-akbar-taheri-los-miembros-de-la-flotilla-de-la-libertad-a-gaza-ofrecen-sus-vidas-en-sacrificio-espera-que-algunos-sean-asesinados-para-que-su-sangre-despierte-a-europa-y\/","title":{"rendered":"Activista iran\u00ed Ali Akbar Taheri: \u201cLos miembros de la Flotilla de la Libertad a Gaza ofrecen sus vidas en sacrificio; espera que algunos sean asesinados para que su sangre despierte a Europa y desencadene protestas y eventos graves&#8221;"},"content":{"rendered":"<p>[videopack id=&#8221;6688&#8243;]https:\/\/www2.memri.org\/espanol\/tv\/wp-content\/uploads\/2025\/09\/12278-ESP.mp4[\/videopack]<\/p>\n<p>El activista iran\u00ed Ali Akbar Taheri habl\u00f3 sobre la Flotilla de la Libertad a Gaza en una entrevista realizada el 14 de septiembre de 2025 en SNN.ir (Ir\u00e1n).<\/p>\n<p>En este contexto, Taheri afirm\u00f3 que los activistas a bordo de la flotilla &#8220;ofrecen sus vidas en sacrificio&#8221;.<\/p>\n<p>Taheri, quien se reuni\u00f3 con los miembros de la flotilla antes de su embarque desde T\u00fanez, dijo que los activistas esperan que uno de ellos sea asesinado para que su sangre despierte a Europa de su letargo. As\u00ed \u2013 seg\u00fan explic\u00f3 \u2013 espera que sus muertes puedan provocar protestas frente a las embajadas israel\u00edes en Europa y &#8220;desencadenar eventos graves&#8221;. A todo esto agreg\u00f3 que algunos participantes se describen como &#8220;las personas m\u00e1s locas del mundo&#8221;, incluyendo a Thiago \u00c1vila, quien dijo estar dispuesto a arriesgar su vida y no solo a ser arrestado.<\/p>\n","protected":false},"excerpt":{"rendered":"<p>[videopack id=&#8221;6688&#8243;]<\/p>\n<p>El activista iran\u00ed Ali Akbar Taheri habl\u00f3 sobre la Flotilla de la Libertad a Gaza en una entrevista realizada el 14 de septiembre de 2025 en SNN.ir (Ir\u00e1n).<\/p>\n<p>En este contexto, Taheri afirm\u00f3 que los activistas a bordo de la flotilla &#8220;ofrecen sus vidas en sacrificio&#8221;.<\/p>\n<p>Taheri, quien se reuni\u00f3 con los miembros de la flotilla antes de su embarque desde T\u00fanez, dijo que los activistas esperan que uno de ellos sea asesinado para que su sangre despierte a Europa de su letargo. As\u00ed \u2013 seg\u00fan explic\u00f3 \u2013 espera que sus muertes puedan provocar protestas frente a las embajadas israel\u00edes en Europa y &#8220;desencadenar eventos graves&#8221;. A todo esto agreg\u00f3 que algunos participantes se describen como &#8220;las personas m\u00e1s locas del mundo&#8221;, incluyendo a Thiago \u00c1vila, quien dijo estar dispuesto a arriesgar su vida y no solo a ser arrestado.<\/p>\n","protected":false},"author":3,"featured_media":6686,"comment_status":"open","ping_status":"open","sticky":false,"template":"","format":"video","meta":{"footnotes":""},"categories":[2,611],"tags":[],"class_list":["post-6684","post","type-post","status-publish","format-video","has-post-thumbnail","hentry","category-featured","category-hamas-2","post_format-post-format-video"],"_links":{"self":[{"href":"https:\/\/www2.memri.org\/espanol\/tv\/wp-json\/wp\/v2\/posts\/6684","targetHints":{"allow":["GET"]}}],"collection":[{"href":"https:\/\/www2.memri.org\/espanol\/tv\/wp-json\/wp\/v2\/posts"}],"about":[{"href":"https:\/\/www2.memri.org\/espanol\/tv\/wp-json\/wp\/v2\/types\/post"}],"author":[{"embeddable":true,"href":"https:\/\/www2.memri.org\/espanol\/tv\/wp-json\/wp\/v2\/users\/3"}],"replies":[{"embeddable":true,"href":"https:\/\/www2.memri.org\/espanol\/tv\/wp-json\/wp\/v2\/comments?post=6684"}],"version-history":[{"count":0,"href":"https:\/\/www2.memri.org\/espanol\/tv\/wp-json\/wp\/v2\/posts\/6684\/revisions"}],"wp:featuredmedia":[{"embeddable":true,"href":"https:\/\/www2.memri.org\/espanol\/tv\/wp-json\/wp\/v2\/media\/6686"}],"wp:attachment":[{"href":"https:\/\/www2.memri.org\/espanol\/tv\/wp-json\/wp\/v2\/media?parent=6684"}],"wp:term":[{"taxonomy":"category","embeddable":true,"href":"https:\/\/www2.memri.org\/espanol\/tv\/wp-json\/wp\/v2\/categories?post=6684"},{"taxonomy":"post_tag","embeddable":true,"href":"https:\/\/www2.memri.org\/espanol\/tv\/wp-json\/wp\/v2\/tags?post=6684"}],"curies":[{"name":"wp","href":"https:\/\/api.w.org\/{rel}","templated":true}]}}