{"id":6679,"date":"2025-09-22T08:52:40","date_gmt":"2025-09-22T05:52:40","guid":{"rendered":"https:\/\/www2.memri.org\/espanol\/tv\/?p=6679"},"modified":"2025-09-24T18:56:47","modified_gmt":"2025-09-24T15:56:47","slug":"alto-funcionario-de-hamas-ghazi-hamad-tratamos-a-los-rehenes-segun-la-ley-islamica-israel-los-pone-en-peligro","status":"publish","type":"post","link":"https:\/\/www2.memri.org\/espanol\/tv\/2025\/09\/22\/alto-funcionario-de-hamas-ghazi-hamad-tratamos-a-los-rehenes-segun-la-ley-islamica-israel-los-pone-en-peligro\/","title":{"rendered":"Alto funcionario de Ham\u00e1s, Ghazi Hamad: \u201cTratamos a los rehenes seg\u00fan la ley isl\u00e1mica; Israel los pone en peligro\u201d"},"content":{"rendered":"<p>[videopack id=&#8221;6682&#8243;]https:\/\/www2.memri.org\/espanol\/tv\/wp-content\/uploads\/2025\/09\/12283-ESP.mp4[\/videopack]<\/p>\n<p>El 17 de septiembre de 2025, en una entrevista con la Red Al-Jazeera (Qatar), el alto funcionario de Ham\u00e1s, Ghazi Hamad, respondi\u00f3 a una pregunta sobre la advertencia del presidente Trump a Ham\u00e1s de no maltratar a los rehenes israel\u00edes.<\/p>\n<p>Hamad afirm\u00f3 que Ham\u00e1s no necesita la advertencia de Trump, ya que trata a los rehenes seg\u00fan sus valores morales y la ley isl\u00e1mica. Tambi\u00e9n dijo que es Israel quien pone en peligro a los rehenes y que Trump deber\u00eda dirigirse al gobierno israel\u00ed.<\/p>\n<p>El funcionario de Ham\u00e1s se\u00f1al\u00f3 que Trump siempre ha estado del lado equivocado de la historia y que, en lugar de exigir a Israel que encuentre una soluci\u00f3n para liberar a los rehenes, se dirige a Ham\u00e1s &#8220;como si Ham\u00e1s fuera el responsable&#8221;.<\/p>\n","protected":false},"excerpt":{"rendered":"<p>[videopack id=&#8221;6682&#8243;]<\/p>\n<p>El 17 de septiembre de 2025, en una entrevista con la Red Al-Jazeera (Qatar), el alto funcionario de Ham\u00e1s, Ghazi Hamad, respondi\u00f3 a una pregunta sobre la advertencia del presidente Trump a Ham\u00e1s de no maltratar a los rehenes israel\u00edes.<\/p>\n<p>Hamad afirm\u00f3 que Ham\u00e1s no necesita la advertencia de Trump, ya que trata a los rehenes seg\u00fan sus valores morales y la ley isl\u00e1mica. Tambi\u00e9n dijo que es Israel quien pone en peligro a los rehenes y que Trump deber\u00eda dirigirse al gobierno israel\u00ed.<\/p>\n<p>El funcionario de Ham\u00e1s se\u00f1al\u00f3 que Trump siempre ha estado del lado equivocado de la historia y que, en lugar de exigir a Israel que encuentre una soluci\u00f3n para liberar a los rehenes, se dirige a Ham\u00e1s &#8220;como si Ham\u00e1s fuera el responsable&#8221;.<\/p>\n","protected":false},"author":3,"featured_media":6681,"comment_status":"open","ping_status":"open","sticky":false,"template":"","format":"video","meta":{"footnotes":""},"categories":[2,611],"tags":[],"class_list":["post-6679","post","type-post","status-publish","format-video","has-post-thumbnail","hentry","category-featured","category-hamas-2","post_format-post-format-video"],"_links":{"self":[{"href":"https:\/\/www2.memri.org\/espanol\/tv\/wp-json\/wp\/v2\/posts\/6679","targetHints":{"allow":["GET"]}}],"collection":[{"href":"https:\/\/www2.memri.org\/espanol\/tv\/wp-json\/wp\/v2\/posts"}],"about":[{"href":"https:\/\/www2.memri.org\/espanol\/tv\/wp-json\/wp\/v2\/types\/post"}],"author":[{"embeddable":true,"href":"https:\/\/www2.memri.org\/espanol\/tv\/wp-json\/wp\/v2\/users\/3"}],"replies":[{"embeddable":true,"href":"https:\/\/www2.memri.org\/espanol\/tv\/wp-json\/wp\/v2\/comments?post=6679"}],"version-history":[{"count":0,"href":"https:\/\/www2.memri.org\/espanol\/tv\/wp-json\/wp\/v2\/posts\/6679\/revisions"}],"wp:featuredmedia":[{"embeddable":true,"href":"https:\/\/www2.memri.org\/espanol\/tv\/wp-json\/wp\/v2\/media\/6681"}],"wp:attachment":[{"href":"https:\/\/www2.memri.org\/espanol\/tv\/wp-json\/wp\/v2\/media?parent=6679"}],"wp:term":[{"taxonomy":"category","embeddable":true,"href":"https:\/\/www2.memri.org\/espanol\/tv\/wp-json\/wp\/v2\/categories?post=6679"},{"taxonomy":"post_tag","embeddable":true,"href":"https:\/\/www2.memri.org\/espanol\/tv\/wp-json\/wp\/v2\/tags?post=6679"}],"curies":[{"name":"wp","href":"https:\/\/api.w.org\/{rel}","templated":true}]}}