{"id":6632,"date":"2025-08-28T06:06:08","date_gmt":"2025-08-28T03:06:08","guid":{"rendered":"https:\/\/www2.memri.org\/espanol\/tv\/?p=6632"},"modified":"2025-08-23T13:08:13","modified_gmt":"2025-08-23T10:08:13","slug":"ex-miembro-del-buro-politico-del-fdlp-omar-assaf-la-paz-con-el-movimiento-sionista-es-imposible-el-mundo-solo-entiende-el-lenguaje-de-la-fuerza-los-jovenes-estadounidenses-estan-despertan","status":"publish","type":"post","link":"https:\/\/www2.memri.org\/espanol\/tv\/2025\/08\/28\/ex-miembro-del-buro-politico-del-fdlp-omar-assaf-la-paz-con-el-movimiento-sionista-es-imposible-el-mundo-solo-entiende-el-lenguaje-de-la-fuerza-los-jovenes-estadounidenses-estan-despertan\/","title":{"rendered":"Ex-miembro del Bur\u00f3 Pol\u00edtico del FDLP, Omar Assaf: \u201cLa paz con el movimiento sionista es imposible. El mundo solo entiende el lenguaje de la fuerza; los j\u00f3venes estadounidenses est\u00e1n despertando a la causa palestina\u201d"},"content":{"rendered":"<p>[videopack id=&#8221;6635&#8243;]https:\/\/www2.memri.org\/espanol\/tv\/wp-content\/uploads\/2025\/08\/12229-ESP.mp4[\/videopack]<\/p>\n<p><em>El pol\u00edtico palestino Omar Assaf, ex-miembro del Bur\u00f3 Pol\u00edtico del FDLP, fue entrevistado por Saed Najem en YouTube el 19 de julio de 2025. En este contexto declar\u00f3 que se ha dado cuenta de que alcanzar un acuerdo de paz que satisfaga incluso las demandas m\u00ednimas de los palestinos no es posible con el movimiento sionista. <\/em><\/p>\n<p><em>Tambi\u00e9n sostuvo que el presidente Mahmud Abbas y el resto del &#8220;equipo de Oslo&#8221; no han logrado nada, ya que el mundo solo entiende el lenguaje de la fuerza. Assaf agreg\u00f3 que hubo un &#8220;despertar&#8221; entre los j\u00f3venes estadounidenses, que ahora comprenden la causa palestina. <\/em><\/p>\n","protected":false},"excerpt":{"rendered":"<p>[videopack id=&#8221;6635&#8243;]<\/p>\n<p><em>El pol\u00edtico palestino Omar Assaf, ex-miembro del Bur\u00f3 Pol\u00edtico del FDLP, fue entrevistado por Saed Najem en YouTube el 19 de julio de 2025. En este contexto declar\u00f3 que se ha dado cuenta de que alcanzar un acuerdo de paz que satisfaga incluso las demandas m\u00ednimas de los palestinos no es posible con el movimiento sionista. <\/em><\/p>\n<p><em>Tambi\u00e9n sostuvo que el presidente Mahmud Abbas y el resto del &#8220;equipo de Oslo&#8221; no han logrado nada, ya que el mundo solo entiende el lenguaje de la fuerza. Assaf agreg\u00f3 que hubo un &#8220;despertar&#8221; entre los j\u00f3venes estadounidenses, que ahora comprenden la causa palestina. <\/em><\/p>\n","protected":false},"author":3,"featured_media":6634,"comment_status":"open","ping_status":"open","sticky":false,"template":"","format":"video","meta":{"footnotes":""},"categories":[2,19],"tags":[],"class_list":["post-6632","post","type-post","status-publish","format-video","has-post-thumbnail","hentry","category-featured","category-palestina","post_format-post-format-video"],"_links":{"self":[{"href":"https:\/\/www2.memri.org\/espanol\/tv\/wp-json\/wp\/v2\/posts\/6632","targetHints":{"allow":["GET"]}}],"collection":[{"href":"https:\/\/www2.memri.org\/espanol\/tv\/wp-json\/wp\/v2\/posts"}],"about":[{"href":"https:\/\/www2.memri.org\/espanol\/tv\/wp-json\/wp\/v2\/types\/post"}],"author":[{"embeddable":true,"href":"https:\/\/www2.memri.org\/espanol\/tv\/wp-json\/wp\/v2\/users\/3"}],"replies":[{"embeddable":true,"href":"https:\/\/www2.memri.org\/espanol\/tv\/wp-json\/wp\/v2\/comments?post=6632"}],"version-history":[{"count":0,"href":"https:\/\/www2.memri.org\/espanol\/tv\/wp-json\/wp\/v2\/posts\/6632\/revisions"}],"wp:featuredmedia":[{"embeddable":true,"href":"https:\/\/www2.memri.org\/espanol\/tv\/wp-json\/wp\/v2\/media\/6634"}],"wp:attachment":[{"href":"https:\/\/www2.memri.org\/espanol\/tv\/wp-json\/wp\/v2\/media?parent=6632"}],"wp:term":[{"taxonomy":"category","embeddable":true,"href":"https:\/\/www2.memri.org\/espanol\/tv\/wp-json\/wp\/v2\/categories?post=6632"},{"taxonomy":"post_tag","embeddable":true,"href":"https:\/\/www2.memri.org\/espanol\/tv\/wp-json\/wp\/v2\/tags?post=6632"}],"curies":[{"name":"wp","href":"https:\/\/api.w.org\/{rel}","templated":true}]}}