{"id":6610,"date":"2025-09-03T06:06:03","date_gmt":"2025-09-03T03:06:03","guid":{"rendered":"https:\/\/www2.memri.org\/espanol\/tv\/?p=6610"},"modified":"2025-08-16T11:06:35","modified_gmt":"2025-08-16T08:06:35","slug":"ex-primer-ministro-palestino-mohammad-shtayyeh-el-7-de-octubre-fue-una-operacion-historica-y-valiente-pero-se-calculo-mal-hamas-no-tuvo-en-cuenta-a-los-ciudadanos-de-gaza-invitamos-a-hama","status":"publish","type":"post","link":"https:\/\/www2.memri.org\/espanol\/tv\/2025\/09\/03\/ex-primer-ministro-palestino-mohammad-shtayyeh-el-7-de-octubre-fue-una-operacion-historica-y-valiente-pero-se-calculo-mal-hamas-no-tuvo-en-cuenta-a-los-ciudadanos-de-gaza-invitamos-a-hama\/","title":{"rendered":"Ex primer ministro palestino Mohammad Shtayyeh: \u201cEl 7 de octubre fue una operaci\u00f3n hist\u00f3rica y valiente, pero se calcul\u00f3 mal; Ham\u00e1s no tuvo en cuenta a los ciudadanos de Gaza; invitamos a Ham\u00e1s a unirse a la OLP y a transformarla desde adentro\u201d"},"content":{"rendered":"<p>[videopack id=&#8221;6613&#8243;]https:\/\/www2.memri.org\/espanol\/tv\/wp-content\/uploads\/2025\/08\/12209-ESP.mp4[\/videopack]<\/p>\n<p><em>El ex primer ministro palestino Mohammad Shtayyeh declar\u00f3 en fue entrevistado el 29 de julio de 2025 en el podcast Mazeej de la red Al-Arabiya (Arabia Saudita). All\u00ed declar\u00f3 que la invasi\u00f3n y las masacres de Ham\u00e1s perpetradas el 7 de octubre de 2023 en el sur de Israel fueron una operaci\u00f3n &#8220;valiente&#8221; y &#8220;sin precedentes&#8221; que marcaron un &#8220;punto crucial en la historia de la lucha palestina&#8221;.<\/em><\/p>\n<p><em>Al mismo tiempo, dijo que su resultado final tambi\u00e9n debe ser analizado y que esta &#8220;aventura&#8221; deber\u00eda haber considerado las consecuencias. Shtayyeh critic\u00f3 a Ham\u00e1s por no haber tomado en consideraci\u00f3n a los ciudadanos de Gaza, y argument\u00f3 que el 7 de octubre fue un &#8220;error de c\u00e1lculo&#8221;. M\u00e1s adelante en la entrevista, el ex primer ministro palestino afirm\u00f3 que la OLP desea llegar a un acuerdo con Ham\u00e1s sobre los objetivos finales de los palestinos, que deben estar unidos en la paz y en la guerra bajo el liderazgo del \u00fanico representante del pueblo palestino, la OLP. Por \u00faltimo, dijo que Ham\u00e1s es bienvenido a unirse a la OLP y a cambiar su plataforma pol\u00edtica desde adentro. <\/em><\/p>\n","protected":false},"excerpt":{"rendered":"<p>[videopack id=&#8221;6613&#8243;]<\/p>\n<p><em>El ex primer ministro palestino Mohammad Shtayyeh declar\u00f3 en fue entrevistado el 29 de julio de 2025 en el podcast Mazeej de la red Al-Arabiya (Arabia Saudita). All\u00ed declar\u00f3 que la invasi\u00f3n y las masacres de Ham\u00e1s perpetradas el 7 de octubre de 2023 en el sur de Israel fueron una operaci\u00f3n &#8220;valiente&#8221; y &#8220;sin precedentes&#8221; que marcaron un &#8220;punto crucial en la historia de la lucha palestina&#8221;.<\/em><\/p>\n<p><em>Al mismo tiempo, dijo que su resultado final tambi\u00e9n debe ser analizado y que esta &#8220;aventura&#8221; deber\u00eda haber considerado las consecuencias. Shtayyeh critic\u00f3 a Ham\u00e1s por no haber tomado en consideraci\u00f3n a los ciudadanos de Gaza, y argument\u00f3 que el 7 de octubre fue un &#8220;error de c\u00e1lculo&#8221;. M\u00e1s adelante en la entrevista, el ex primer ministro palestino afirm\u00f3 que la OLP desea llegar a un acuerdo con Ham\u00e1s sobre los objetivos finales de los palestinos, que deben estar unidos en la paz y en la guerra bajo el liderazgo del \u00fanico representante del pueblo palestino, la OLP. Por \u00faltimo, dijo que Ham\u00e1s es bienvenido a unirse a la OLP y a cambiar su plataforma pol\u00edtica desde adentro. <\/em><\/p>\n","protected":false},"author":3,"featured_media":6612,"comment_status":"open","ping_status":"open","sticky":false,"template":"","format":"video","meta":{"footnotes":""},"categories":[2,19],"tags":[],"class_list":["post-6610","post","type-post","status-publish","format-video","has-post-thumbnail","hentry","category-featured","category-palestina","post_format-post-format-video"],"_links":{"self":[{"href":"https:\/\/www2.memri.org\/espanol\/tv\/wp-json\/wp\/v2\/posts\/6610","targetHints":{"allow":["GET"]}}],"collection":[{"href":"https:\/\/www2.memri.org\/espanol\/tv\/wp-json\/wp\/v2\/posts"}],"about":[{"href":"https:\/\/www2.memri.org\/espanol\/tv\/wp-json\/wp\/v2\/types\/post"}],"author":[{"embeddable":true,"href":"https:\/\/www2.memri.org\/espanol\/tv\/wp-json\/wp\/v2\/users\/3"}],"replies":[{"embeddable":true,"href":"https:\/\/www2.memri.org\/espanol\/tv\/wp-json\/wp\/v2\/comments?post=6610"}],"version-history":[{"count":0,"href":"https:\/\/www2.memri.org\/espanol\/tv\/wp-json\/wp\/v2\/posts\/6610\/revisions"}],"wp:featuredmedia":[{"embeddable":true,"href":"https:\/\/www2.memri.org\/espanol\/tv\/wp-json\/wp\/v2\/media\/6612"}],"wp:attachment":[{"href":"https:\/\/www2.memri.org\/espanol\/tv\/wp-json\/wp\/v2\/media?parent=6610"}],"wp:term":[{"taxonomy":"category","embeddable":true,"href":"https:\/\/www2.memri.org\/espanol\/tv\/wp-json\/wp\/v2\/categories?post=6610"},{"taxonomy":"post_tag","embeddable":true,"href":"https:\/\/www2.memri.org\/espanol\/tv\/wp-json\/wp\/v2\/tags?post=6610"}],"curies":[{"name":"wp","href":"https:\/\/api.w.org\/{rel}","templated":true}]}}