{"id":6602,"date":"2025-09-01T06:04:51","date_gmt":"2025-09-01T03:04:51","guid":{"rendered":"https:\/\/www2.memri.org\/espanol\/tv\/?p=6602"},"modified":"2025-08-16T11:05:16","modified_gmt":"2025-08-16T08:05:16","slug":"alto-funcionario-de-hamas-osama-hamdan-gaza-es-peor-que-auschwitz-los-actos-de-la-ocupacion-israeli-superan-el-holocausto-de-acuerdo-al-derecho-internacional-israel-y-no-hamas-es-respon","status":"publish","type":"post","link":"https:\/\/www2.memri.org\/espanol\/tv\/2025\/09\/01\/alto-funcionario-de-hamas-osama-hamdan-gaza-es-peor-que-auschwitz-los-actos-de-la-ocupacion-israeli-superan-el-holocausto-de-acuerdo-al-derecho-internacional-israel-y-no-hamas-es-respon\/","title":{"rendered":"Alto funcionario de Ham\u00e1s, Osama Hamdan: \u201cGaza es peor que Auschwitz; los actos de la ocupaci\u00f3n israel\u00ed superan el Holocausto; de acuerdo al derecho internacional, Israel y no Ham\u00e1s, es responsable de la condici\u00f3n de sus rehenes\u201d"},"content":{"rendered":"<p>[videopack id=&#8221;6605&#8243;]https:\/\/www2.memri.org\/espanol\/tv\/wp-content\/uploads\/2025\/08\/12213-ESP.mp4[\/videopack]<\/p>\n<p><em>Osama Hamdan, del bur\u00f3 pol\u00edtico de Ham\u00e1s, fue entrevistado el 5 y 7 de agosto de 2025 en la red Al-Jazeera (Catar). En este contexto declar\u00f3 que \u201cla ocupaci\u00f3n\u201d convirti\u00f3 Gaza en un campo de concentraci\u00f3n nazi peor que Auschwitz, y que los actos genocidas perpetrados all\u00ed superaron el Holocausto. <\/em><\/p>\n<p><em>Hamdan tambi\u00e9n sostuvo que todo lo que hicieron los nazis parece &#8220;insignificante&#8221; comparado con lo que est\u00e1n haciendo los israel\u00edes en Gaza. <\/em><\/p>\n<p><em>Al hablar sobre la condici\u00f3n del reh\u00e9n israel\u00ed Evyatar David, quien aparece en un video reciente publicado por Ham\u00e1s en un estado demacrado, obligado a cavar su propia tumba, Hamdan afirm\u00f3 que David est\u00e1 en mejor situaci\u00f3n que miles de palestinos. A continuaci\u00f3n, dijo que, seg\u00fan el derecho internacional, Ham\u00e1s no debe ser culpado por la condici\u00f3n de los rehenes israel\u00edes, ya que, si un enemigo impone un cerco a los captores de sus soldados, lo que les suceda a estos es responsabilidad del agresor. <\/em><\/p>\n","protected":false},"excerpt":{"rendered":"<p>[videopack id=&#8221;6605&#8243;]<\/p>\n<p><em>Osama Hamdan, del bur\u00f3 pol\u00edtico de Ham\u00e1s, fue entrevistado el 5 y 7 de agosto de 2025 en la red Al-Jazeera (Catar). En este contexto declar\u00f3 que \u201cla ocupaci\u00f3n\u201d convirti\u00f3 Gaza en un campo de concentraci\u00f3n nazi peor que Auschwitz, y que los actos genocidas perpetrados all\u00ed superaron el Holocausto. <\/em><\/p>\n<p><em>Hamdan tambi\u00e9n sostuvo que todo lo que hicieron los nazis parece &#8220;insignificante&#8221; comparado con lo que est\u00e1n haciendo los israel\u00edes en Gaza. <\/em><\/p>\n<p><em>Al hablar sobre la condici\u00f3n del reh\u00e9n israel\u00ed Evyatar David, quien aparece en un video reciente publicado por Ham\u00e1s en un estado demacrado, obligado a cavar su propia tumba, Hamdan afirm\u00f3 que David est\u00e1 en mejor situaci\u00f3n que miles de palestinos. A continuaci\u00f3n, dijo que, seg\u00fan el derecho internacional, Ham\u00e1s no debe ser culpado por la condici\u00f3n de los rehenes israel\u00edes, ya que, si un enemigo impone un cerco a los captores de sus soldados, lo que les suceda a estos es responsabilidad del agresor. <\/em><\/p>\n","protected":false},"author":3,"featured_media":6604,"comment_status":"open","ping_status":"open","sticky":false,"template":"","format":"video","meta":{"footnotes":""},"categories":[2,611],"tags":[],"class_list":["post-6602","post","type-post","status-publish","format-video","has-post-thumbnail","hentry","category-featured","category-hamas-2","post_format-post-format-video"],"_links":{"self":[{"href":"https:\/\/www2.memri.org\/espanol\/tv\/wp-json\/wp\/v2\/posts\/6602","targetHints":{"allow":["GET"]}}],"collection":[{"href":"https:\/\/www2.memri.org\/espanol\/tv\/wp-json\/wp\/v2\/posts"}],"about":[{"href":"https:\/\/www2.memri.org\/espanol\/tv\/wp-json\/wp\/v2\/types\/post"}],"author":[{"embeddable":true,"href":"https:\/\/www2.memri.org\/espanol\/tv\/wp-json\/wp\/v2\/users\/3"}],"replies":[{"embeddable":true,"href":"https:\/\/www2.memri.org\/espanol\/tv\/wp-json\/wp\/v2\/comments?post=6602"}],"version-history":[{"count":0,"href":"https:\/\/www2.memri.org\/espanol\/tv\/wp-json\/wp\/v2\/posts\/6602\/revisions"}],"wp:featuredmedia":[{"embeddable":true,"href":"https:\/\/www2.memri.org\/espanol\/tv\/wp-json\/wp\/v2\/media\/6604"}],"wp:attachment":[{"href":"https:\/\/www2.memri.org\/espanol\/tv\/wp-json\/wp\/v2\/media?parent=6602"}],"wp:term":[{"taxonomy":"category","embeddable":true,"href":"https:\/\/www2.memri.org\/espanol\/tv\/wp-json\/wp\/v2\/categories?post=6602"},{"taxonomy":"post_tag","embeddable":true,"href":"https:\/\/www2.memri.org\/espanol\/tv\/wp-json\/wp\/v2\/tags?post=6602"}],"curies":[{"name":"wp","href":"https:\/\/api.w.org\/{rel}","templated":true}]}}