{"id":6589,"date":"2025-08-25T05:55:30","date_gmt":"2025-08-25T02:55:30","guid":{"rendered":"https:\/\/www2.memri.org\/espanol\/tv\/?p=6589"},"modified":"2025-08-16T10:55:51","modified_gmt":"2025-08-16T07:55:51","slug":"funcionario-de-fatah-awni-al-mashni-los-palestinos-que-desean-que-israel-derrote-a-iran-son-anti-patriotas-debemos-conservar-nuestra-condicion-de-victimas-ante-occidente-y-evitar-volver-a","status":"publish","type":"post","link":"https:\/\/www2.memri.org\/espanol\/tv\/2025\/08\/25\/funcionario-de-fatah-awni-al-mashni-los-palestinos-que-desean-que-israel-derrote-a-iran-son-anti-patriotas-debemos-conservar-nuestra-condicion-de-victimas-ante-occidente-y-evitar-volver-a\/","title":{"rendered":"Funcionario de Fatah, Awni Al-Mashni: \u201cLos palestinos que desean que Israel derrote a Ir\u00e1n son anti-patriotas; debemos conservar nuestra condici\u00f3n de v\u00edctimas ante Occidente y evitar volver a ser considerados criminales\u201d"},"content":{"rendered":"<p>[videopack id=&#8221;6593&#8243;]https:\/\/www2.memri.org\/espanol\/tv\/wp-content\/uploads\/2025\/08\/12217-ESP.mp4[\/videopack]<\/p>\n<p><em>Awni Al-Mashni, funcionario de Fatah, fue entrevistado por Ahmad Biqawi en YouTube el 31 de julio de 2025. <\/em><\/p>\n<p><em>Al-Mashni declar\u00f3 que rechaza las afirmaciones de quienes afirman no tener nada que ver con el 7 de octubre. Tambi\u00e9n asegur\u00f3 que no puede culpar a Ham\u00e1s por &#8220;este genocidio [&#8230;] el crimen del siglo&#8221;, incluso si ha cometido errores.<\/em><\/p>\n<p><em>\u00a0Al-Mashni a\u00f1adi\u00f3 que cualquiera que desee que Israel derrote a Ir\u00e1n es anti-patriota. Por \u00faltimo, aconsej\u00f3 a los palestinos que mantengan su condici\u00f3n de v\u00edctimas y no vuelvan a convertirse en criminales para lograr sus objetivos. <\/em><\/p>\n","protected":false},"excerpt":{"rendered":"<p>[videopack id=&#8221;6593&#8243;]<\/p>\n<p><em>Awni Al-Mashni, funcionario de Fatah, fue entrevistado por Ahmad Biqawi en YouTube el 31 de julio de 2025. <\/em><\/p>\n<p><em>Al-Mashni declar\u00f3 que rechaza las afirmaciones de quienes afirman no tener nada que ver con el 7 de octubre. Tambi\u00e9n asegur\u00f3 que no puede culpar a Ham\u00e1s por &#8220;este genocidio [&#8230;] el crimen del siglo&#8221;, incluso si ha cometido errores.<\/em><\/p>\n<p><em>\u00a0Al-Mashni a\u00f1adi\u00f3 que cualquiera que desee que Israel derrote a Ir\u00e1n es anti-patriota. Por \u00faltimo, aconsej\u00f3 a los palestinos que mantengan su condici\u00f3n de v\u00edctimas y no vuelvan a convertirse en criminales para lograr sus objetivos. <\/em><\/p>\n","protected":false},"author":3,"featured_media":6591,"comment_status":"open","ping_status":"open","sticky":false,"template":"","format":"video","meta":{"footnotes":""},"categories":[622,2],"tags":[],"class_list":["post-6589","post","type-post","status-publish","format-video","has-post-thumbnail","hentry","category-fatah","category-featured","post_format-post-format-video"],"_links":{"self":[{"href":"https:\/\/www2.memri.org\/espanol\/tv\/wp-json\/wp\/v2\/posts\/6589","targetHints":{"allow":["GET"]}}],"collection":[{"href":"https:\/\/www2.memri.org\/espanol\/tv\/wp-json\/wp\/v2\/posts"}],"about":[{"href":"https:\/\/www2.memri.org\/espanol\/tv\/wp-json\/wp\/v2\/types\/post"}],"author":[{"embeddable":true,"href":"https:\/\/www2.memri.org\/espanol\/tv\/wp-json\/wp\/v2\/users\/3"}],"replies":[{"embeddable":true,"href":"https:\/\/www2.memri.org\/espanol\/tv\/wp-json\/wp\/v2\/comments?post=6589"}],"version-history":[{"count":0,"href":"https:\/\/www2.memri.org\/espanol\/tv\/wp-json\/wp\/v2\/posts\/6589\/revisions"}],"wp:featuredmedia":[{"embeddable":true,"href":"https:\/\/www2.memri.org\/espanol\/tv\/wp-json\/wp\/v2\/media\/6591"}],"wp:attachment":[{"href":"https:\/\/www2.memri.org\/espanol\/tv\/wp-json\/wp\/v2\/media?parent=6589"}],"wp:term":[{"taxonomy":"category","embeddable":true,"href":"https:\/\/www2.memri.org\/espanol\/tv\/wp-json\/wp\/v2\/categories?post=6589"},{"taxonomy":"post_tag","embeddable":true,"href":"https:\/\/www2.memri.org\/espanol\/tv\/wp-json\/wp\/v2\/tags?post=6589"}],"curies":[{"name":"wp","href":"https:\/\/api.w.org\/{rel}","templated":true}]}}