{"id":6563,"date":"2025-08-11T06:56:53","date_gmt":"2025-08-11T03:56:53","guid":{"rendered":"https:\/\/www2.memri.org\/espanol\/tv\/?p=6563"},"modified":"2025-08-10T09:00:11","modified_gmt":"2025-08-10T06:00:11","slug":"lider-del-partido-libanes-union-siriaca-ibrahim-mrad-hezbollah-es-un-grupo-traidor-deberian-ser-juzgados-y-ahorcados-en-postes-de-electricidad-destruyeron-al-libano-y-asesinaron-a-sus-lid","status":"publish","type":"post","link":"https:\/\/www2.memri.org\/espanol\/tv\/2025\/08\/11\/lider-del-partido-libanes-union-siriaca-ibrahim-mrad-hezbollah-es-un-grupo-traidor-deberian-ser-juzgados-y-ahorcados-en-postes-de-electricidad-destruyeron-al-libano-y-asesinaron-a-sus-lid\/","title":{"rendered":"L\u00edder del Partido Liban\u00e9s Uni\u00f3n Sir\u00edaca, Ibrahim Mrad: \u201cHezbollah es un grupo traidor. Deber\u00edan ser juzgados y ahorcados en postes de electricidad, destruyeron al L\u00edbano y asesinaron a sus l\u00edderes\u201d"},"content":{"rendered":"<p>[videopack id=&#8221;6566&#8243;]https:\/\/www2.memri.org\/espanol\/tv\/wp-content\/uploads\/2025\/08\/12195-ESP.mp4[\/videopack]<\/p>\n<p><em>Ibrahim Mrad, presidente del Partido Liban\u00e9s Uni\u00f3n Sir\u00edaca, fue entrevistado el 29 de julio de 2025 en el canal El Siyasa de YouTube. En ese contexto declar\u00f3 que considera a Hezbollah un grupo traidor y que sus l\u00edderes deber\u00edan ser juzgados y ahorcados en postes de electricidad. <\/em><\/p>\n<p><em>Al mismo tiempo, asegur\u00f3 que Hezbollah traicion\u00f3 al L\u00edbano y no se le debe permitir participar en pol\u00edtica.<\/em><\/p>\n<p><em>\u00a0Mrad se\u00f1al\u00f3 tambi\u00e9n que esta milicia y partido pol\u00edtico destruy\u00f3 el L\u00edbano, asesin\u00f3 a l\u00edderes y funcionarios electos libaneses, y sus miembros deber\u00edan haber sido juzgados en un tribunal militar y ahorcados.<\/em><\/p>\n","protected":false},"excerpt":{"rendered":"<p>[videopack id=&#8221;6566&#8243;]<\/p>\n<p><em>Ibrahim Mrad, presidente del Partido Liban\u00e9s Uni\u00f3n Sir\u00edaca, fue entrevistado el 29 de julio de 2025 en el canal El Siyasa de YouTube. En ese contexto declar\u00f3 que considera a Hezbollah un grupo traidor y que sus l\u00edderes deber\u00edan ser juzgados y ahorcados en postes de electricidad. <\/em><\/p>\n<p><em>Al mismo tiempo, asegur\u00f3 que Hezbollah traicion\u00f3 al L\u00edbano y no se le debe permitir participar en pol\u00edtica.<\/em><\/p>\n<p><em>\u00a0Mrad se\u00f1al\u00f3 tambi\u00e9n que esta milicia y partido pol\u00edtico destruy\u00f3 el L\u00edbano, asesin\u00f3 a l\u00edderes y funcionarios electos libaneses, y sus miembros deber\u00edan haber sido juzgados en un tribunal militar y ahorcados.<\/em><\/p>\n","protected":false},"author":3,"featured_media":6565,"comment_status":"open","ping_status":"open","sticky":false,"template":"","format":"video","meta":{"footnotes":""},"categories":[2,18],"tags":[],"class_list":["post-6563","post","type-post","status-publish","format-video","has-post-thumbnail","hentry","category-featured","category-libano","post_format-post-format-video"],"_links":{"self":[{"href":"https:\/\/www2.memri.org\/espanol\/tv\/wp-json\/wp\/v2\/posts\/6563","targetHints":{"allow":["GET"]}}],"collection":[{"href":"https:\/\/www2.memri.org\/espanol\/tv\/wp-json\/wp\/v2\/posts"}],"about":[{"href":"https:\/\/www2.memri.org\/espanol\/tv\/wp-json\/wp\/v2\/types\/post"}],"author":[{"embeddable":true,"href":"https:\/\/www2.memri.org\/espanol\/tv\/wp-json\/wp\/v2\/users\/3"}],"replies":[{"embeddable":true,"href":"https:\/\/www2.memri.org\/espanol\/tv\/wp-json\/wp\/v2\/comments?post=6563"}],"version-history":[{"count":0,"href":"https:\/\/www2.memri.org\/espanol\/tv\/wp-json\/wp\/v2\/posts\/6563\/revisions"}],"wp:featuredmedia":[{"embeddable":true,"href":"https:\/\/www2.memri.org\/espanol\/tv\/wp-json\/wp\/v2\/media\/6565"}],"wp:attachment":[{"href":"https:\/\/www2.memri.org\/espanol\/tv\/wp-json\/wp\/v2\/media?parent=6563"}],"wp:term":[{"taxonomy":"category","embeddable":true,"href":"https:\/\/www2.memri.org\/espanol\/tv\/wp-json\/wp\/v2\/categories?post=6563"},{"taxonomy":"post_tag","embeddable":true,"href":"https:\/\/www2.memri.org\/espanol\/tv\/wp-json\/wp\/v2\/tags?post=6563"}],"curies":[{"name":"wp","href":"https:\/\/api.w.org\/{rel}","templated":true}]}}