{"id":6558,"date":"2025-08-07T05:56:29","date_gmt":"2025-08-07T02:56:29","guid":{"rendered":"https:\/\/www2.memri.org\/espanol\/tv\/?p=6558"},"modified":"2025-08-06T19:01:04","modified_gmt":"2025-08-06T16:01:04","slug":"periodista-libanes-khoder-taleb-en-hezbollah-tv-ojala-los-nazis-hubieran-incinerado-a-todos-los-judios-esta-situacion-es-peor-que-el-holocausto-nazi","status":"publish","type":"post","link":"https:\/\/www2.memri.org\/espanol\/tv\/2025\/08\/07\/periodista-libanes-khoder-taleb-en-hezbollah-tv-ojala-los-nazis-hubieran-incinerado-a-todos-los-judios-esta-situacion-es-peor-que-el-holocausto-nazi\/","title":{"rendered":"Periodista liban\u00e9s Khoder Taleb en Hezbollah TV: \u201cOjal\u00e1 los nazis hubieran incinerado a todos los jud\u00edos; esta situaci\u00f3n es peor que el Holocausto nazi\u201d"},"content":{"rendered":"<p>[videopack id=&#8221;6561&#8243;]https:\/\/www2.memri.org\/espanol\/tv\/wp-content\/uploads\/2025\/08\/12192-ESP.mp4[\/videopack]<\/p>\n<p><em>El periodista liban\u00e9s Khoder Taleb, editor del portal Jareeda y ex-asesor del primer ministro liban\u00e9s, habl\u00f3 sobre un acuerdo de paz con Israel durante una transmisi\u00f3n realizada el 24 de julio de 2025 en el canal de televisi\u00f3n liban\u00e9s Al Manar, afiliado a Hezbollah. <\/em><\/p>\n<p><em>En la ocasi\u00f3n, Taleb cuestion\u00f3 qu\u00e9 tipo de paz se puede lograr con &#8220;criminales&#8221; y &#8220;asesinos de ni\u00f1os&#8221;. A continuaci\u00f3n, afirm\u00f3 que la situaci\u00f3n actual es peor que el Holocausto nazi en Alemania, y agreg\u00f3: &#8220;Ojal\u00e1 los nazis hubiesen incinerado a todos esos jud\u00edos&#8221;. <\/em><\/p>\n<p><em>El periodista tambi\u00e9n cit\u00f3 un hadiz que describe a musulmanes luchando contra jud\u00edos en el D\u00eda del Juicio Final y afirm\u00f3 que Jerusal\u00e9n y Palestina ser\u00e1n liberadas. <\/em><\/p>\n<p><em>En la transmisi\u00f3n tambi\u00e9n particip\u00f3 el periodista brit\u00e1nico-palestino Abdel Bari Atwan. <\/em><\/p>\n","protected":false},"excerpt":{"rendered":"<p>[videopack id=&#8221;6561&#8243;]<\/p>\n<p><em>El periodista liban\u00e9s Khoder Taleb, editor del portal Jareeda y ex-asesor del primer ministro liban\u00e9s, habl\u00f3 sobre un acuerdo de paz con Israel durante una transmisi\u00f3n realizada el 24 de julio de 2025 en el canal de televisi\u00f3n liban\u00e9s Al Manar, afiliado a Hezbollah. <\/em><\/p>\n<p><em>En la ocasi\u00f3n, Taleb cuestion\u00f3 qu\u00e9 tipo de paz se puede lograr con &#8220;criminales&#8221; y &#8220;asesinos de ni\u00f1os&#8221;. A continuaci\u00f3n, afirm\u00f3 que la situaci\u00f3n actual es peor que el Holocausto nazi en Alemania, y agreg\u00f3: &#8220;Ojal\u00e1 los nazis hubiesen incinerado a todos esos jud\u00edos&#8221;. <\/em><\/p>\n<p><em>El periodista tambi\u00e9n cit\u00f3 un hadiz que describe a musulmanes luchando contra jud\u00edos en el D\u00eda del Juicio Final y afirm\u00f3 que Jerusal\u00e9n y Palestina ser\u00e1n liberadas. <\/em><\/p>\n<p><em>En la transmisi\u00f3n tambi\u00e9n particip\u00f3 el periodista brit\u00e1nico-palestino Abdel Bari Atwan. <\/em><\/p>\n","protected":false},"author":3,"featured_media":6560,"comment_status":"open","ping_status":"open","sticky":false,"template":"","format":"video","meta":{"footnotes":""},"categories":[2,18],"tags":[],"class_list":["post-6558","post","type-post","status-publish","format-video","has-post-thumbnail","hentry","category-featured","category-libano","post_format-post-format-video"],"_links":{"self":[{"href":"https:\/\/www2.memri.org\/espanol\/tv\/wp-json\/wp\/v2\/posts\/6558","targetHints":{"allow":["GET"]}}],"collection":[{"href":"https:\/\/www2.memri.org\/espanol\/tv\/wp-json\/wp\/v2\/posts"}],"about":[{"href":"https:\/\/www2.memri.org\/espanol\/tv\/wp-json\/wp\/v2\/types\/post"}],"author":[{"embeddable":true,"href":"https:\/\/www2.memri.org\/espanol\/tv\/wp-json\/wp\/v2\/users\/3"}],"replies":[{"embeddable":true,"href":"https:\/\/www2.memri.org\/espanol\/tv\/wp-json\/wp\/v2\/comments?post=6558"}],"version-history":[{"count":0,"href":"https:\/\/www2.memri.org\/espanol\/tv\/wp-json\/wp\/v2\/posts\/6558\/revisions"}],"wp:featuredmedia":[{"embeddable":true,"href":"https:\/\/www2.memri.org\/espanol\/tv\/wp-json\/wp\/v2\/media\/6560"}],"wp:attachment":[{"href":"https:\/\/www2.memri.org\/espanol\/tv\/wp-json\/wp\/v2\/media?parent=6558"}],"wp:term":[{"taxonomy":"category","embeddable":true,"href":"https:\/\/www2.memri.org\/espanol\/tv\/wp-json\/wp\/v2\/categories?post=6558"},{"taxonomy":"post_tag","embeddable":true,"href":"https:\/\/www2.memri.org\/espanol\/tv\/wp-json\/wp\/v2\/tags?post=6558"}],"curies":[{"name":"wp","href":"https:\/\/api.w.org\/{rel}","templated":true}]}}