{"id":6554,"date":"2025-08-06T18:53:28","date_gmt":"2025-08-06T15:53:28","guid":{"rendered":"https:\/\/www2.memri.org\/espanol\/tv\/?p=6554"},"modified":"2025-08-06T18:53:28","modified_gmt":"2025-08-06T15:53:28","slug":"secretario-general-de-hezbollah-jeque-naim-qassem-aunque-israel-nos-mate-a-todos-nunca-nos-derrotara-ni-tomara-al-libano-como-rehen-hezbollah-no-tomo-represalias-por-los-ataques-israelies","status":"publish","type":"post","link":"https:\/\/www2.memri.org\/espanol\/tv\/2025\/08\/06\/secretario-general-de-hezbollah-jeque-naim-qassem-aunque-israel-nos-mate-a-todos-nunca-nos-derrotara-ni-tomara-al-libano-como-rehen-hezbollah-no-tomo-represalias-por-los-ataques-israelies\/","title":{"rendered":"Secretario general de Hezbollah, jeque Naim Qassem: \u201cAunque Israel nos mate a todos, nunca nos derrotar\u00e1 ni tomar\u00e1 al L\u00edbano como reh\u00e9n; Hezbollah no tom\u00f3 represalias por los ataques israel\u00edes porque ahora es responsabilidad del gobierno\u201d"},"content":{"rendered":"<p>[videopack id=&#8221;6557&#8243;]https:\/\/www2.memri.org\/espanol\/tv\/wp-content\/uploads\/2025\/08\/12193-ESP.mp4[\/videopack]<\/p>\n<p><em>El secretario general de Hezbollah, jeque Naim Qassem, pronunci\u00f3 un discurso el 30 de julio de 2025, que fue transmitido por el canal de televisi\u00f3n catar\u00ed Al-Araby.<\/em><\/p>\n<p><em>En este contexto, Qassem declar\u00f3 que el acuerdo de cese de fuego con Israel se aplica \u00fanicamente a la zona sur del r\u00edo Litani, y que el problema de las armas de Hezbollah es un asunto interno del L\u00edbano y no tiene nada que ver con Israel. <\/em><\/p>\n<p><em>Qassem afirm\u00f3 que Israel ha estado difundiendo afirmaciones de que Hezbollah es d\u00e9bil porque evit\u00f3 tomar represalias durante el cese de fuego. Tambi\u00e9n argument\u00f3 que el gobierno liban\u00e9s ahora es responsable de abordar las violaciones israel\u00edes del alto al fuego y, por lo tanto, Hezbollah ya no est\u00e1 obligado a enfrentarse a Israel en nombre de todos los dem\u00e1s. El jeque tambi\u00e9n declar\u00f3 que, incluso si Israel elimina a todos los miembros de Hezbollah, no podr\u00e1 derrotarlos ni tomar al L\u00edbano como reh\u00e9n.<\/em><\/p>\n","protected":false},"excerpt":{"rendered":"<p>[videopack id=&#8221;6557&#8243;]<\/p>\n<p><em>El secretario general de Hezbollah, jeque Naim Qassem, pronunci\u00f3 un discurso el 30 de julio de 2025, que fue transmitido por el canal de televisi\u00f3n catar\u00ed Al-Araby.<\/em><\/p>\n<p><em>En este contexto, Qassem declar\u00f3 que el acuerdo de cese de fuego con Israel se aplica \u00fanicamente a la zona sur del r\u00edo Litani, y que el problema de las armas de Hezbollah es un asunto interno del L\u00edbano y no tiene nada que ver con Israel. <\/em><\/p>\n<p><em>Qassem afirm\u00f3 que Israel ha estado difundiendo afirmaciones de que Hezbollah es d\u00e9bil porque evit\u00f3 tomar represalias durante el cese de fuego. Tambi\u00e9n argument\u00f3 que el gobierno liban\u00e9s ahora es responsable de abordar las violaciones israel\u00edes del alto al fuego y, por lo tanto, Hezbollah ya no est\u00e1 obligado a enfrentarse a Israel en nombre de todos los dem\u00e1s. El jeque tambi\u00e9n declar\u00f3 que, incluso si Israel elimina a todos los miembros de Hezbollah, no podr\u00e1 derrotarlos ni tomar al L\u00edbano como reh\u00e9n.<\/em><\/p>\n","protected":false},"author":3,"featured_media":6556,"comment_status":"open","ping_status":"open","sticky":false,"template":"","format":"video","meta":{"footnotes":""},"categories":[2,616,18],"tags":[],"class_list":["post-6554","post","type-post","status-publish","format-video","has-post-thumbnail","hentry","category-featured","category-hezbollah","category-libano","post_format-post-format-video"],"_links":{"self":[{"href":"https:\/\/www2.memri.org\/espanol\/tv\/wp-json\/wp\/v2\/posts\/6554","targetHints":{"allow":["GET"]}}],"collection":[{"href":"https:\/\/www2.memri.org\/espanol\/tv\/wp-json\/wp\/v2\/posts"}],"about":[{"href":"https:\/\/www2.memri.org\/espanol\/tv\/wp-json\/wp\/v2\/types\/post"}],"author":[{"embeddable":true,"href":"https:\/\/www2.memri.org\/espanol\/tv\/wp-json\/wp\/v2\/users\/3"}],"replies":[{"embeddable":true,"href":"https:\/\/www2.memri.org\/espanol\/tv\/wp-json\/wp\/v2\/comments?post=6554"}],"version-history":[{"count":0,"href":"https:\/\/www2.memri.org\/espanol\/tv\/wp-json\/wp\/v2\/posts\/6554\/revisions"}],"wp:featuredmedia":[{"embeddable":true,"href":"https:\/\/www2.memri.org\/espanol\/tv\/wp-json\/wp\/v2\/media\/6556"}],"wp:attachment":[{"href":"https:\/\/www2.memri.org\/espanol\/tv\/wp-json\/wp\/v2\/media?parent=6554"}],"wp:term":[{"taxonomy":"category","embeddable":true,"href":"https:\/\/www2.memri.org\/espanol\/tv\/wp-json\/wp\/v2\/categories?post=6554"},{"taxonomy":"post_tag","embeddable":true,"href":"https:\/\/www2.memri.org\/espanol\/tv\/wp-json\/wp\/v2\/tags?post=6554"}],"curies":[{"name":"wp","href":"https:\/\/api.w.org\/{rel}","templated":true}]}}