{"id":6532,"date":"2025-07-28T16:29:57","date_gmt":"2025-07-28T13:29:57","guid":{"rendered":"https:\/\/www2.memri.org\/espanol\/tv\/?p=6532"},"modified":"2025-07-31T08:52:33","modified_gmt":"2025-07-31T05:52:33","slug":"canal-de-television-catari-interrumpe-una-entrevista-inapropiada-con-mujeres-y-ninos-drusos-que-estaban-siendo-secuestrados-por-combatientes-beduinos-cerca-de-suwayda-en-el-sur-de-siria","status":"publish","type":"post","link":"https:\/\/www2.memri.org\/espanol\/tv\/2025\/07\/28\/canal-de-television-catari-interrumpe-una-entrevista-inapropiada-con-mujeres-y-ninos-drusos-que-estaban-siendo-secuestrados-por-combatientes-beduinos-cerca-de-suwayda-en-el-sur-de-siria\/","title":{"rendered":"Canal de televisi\u00f3n catar\u00ed interrumpe una entrevista &#8220;inapropiada&#8221; con mujeres y ni\u00f1os drusos que estaban siendo secuestrados por combatientes beduinos cerca de Suwayda, en el sur de Siria"},"content":{"rendered":"<p>[videopack id=&#8221;6535&#8243;]https:\/\/www2.memri.org\/espanol\/tv\/wp-content\/uploads\/2025\/07\/12163-ESP.mp4[\/videopack]<\/p>\n<p><em>El corresponsal del canal de televisi\u00f3n catar\u00ed Al-Araby, Qahtan Mustafa, fue interrumpido desde la emisora mientras entrevistaba a mujeres y ni\u00f1os drusos que hab\u00edan sido secuestrados por combatientes beduinos. <\/em><\/p>\n<p><em>El incidente se produjo durante un reportaje desde las afueras de la ciudad de Suwayda, de mayor\u00eda drusa, en Siria, el 19 de julio de 2025. <\/em><\/p>\n<p><em>Mustafa entrevist\u00f3 primero a un miembro de una tribu beduina en el asiento delantero del autom\u00f3vil, quien dijo que estaba sacando a las mujeres y ni\u00f1os de la zona de combate. Cuando Mustafa se acerc\u00f3 a las mujeres y ni\u00f1as que iban en el asiento trasero y comenz\u00f3 a entrevistar a una anciana, pregunt\u00e1ndole por qu\u00e9 se hab\u00eda rendido a los combatientes, la mujer respondi\u00f3 que ellos vinieron y se las llevaron. En ese momento, el presentador del programa intervino desde el estudio y dijo que realizar esa entrevista era inapropiado. A continuaci\u00f3n le pidi\u00f3 al periodista que, en lugar de eso, &#8220;inspeccione la situaci\u00f3n sobre el terreno&#8221;. <\/em><\/p>\n","protected":false},"excerpt":{"rendered":"<p>[videopack id=&#8221;6535&#8243;]<\/p>\n<p><em>El corresponsal del canal de televisi\u00f3n catar\u00ed Al-Araby, Qahtan Mustafa, fue interrumpido desde la emisora mientras entrevistaba a mujeres y ni\u00f1os drusos que hab\u00edan sido secuestrados por combatientes beduinos. <\/em><\/p>\n<p><em>El incidente se produjo durante un reportaje desde las afueras de la ciudad de Suwayda, de mayor\u00eda drusa, en Siria, el 19 de julio de 2025. <\/em><\/p>\n<p><em>Mustafa entrevist\u00f3 primero a un miembro de una tribu beduina en el asiento delantero del autom\u00f3vil, quien dijo que estaba sacando a las mujeres y ni\u00f1os de la zona de combate. Cuando Mustafa se acerc\u00f3 a las mujeres y ni\u00f1as que iban en el asiento trasero y comenz\u00f3 a entrevistar a una anciana, pregunt\u00e1ndole por qu\u00e9 se hab\u00eda rendido a los combatientes, la mujer respondi\u00f3 que ellos vinieron y se las llevaron. En ese momento, el presentador del programa intervino desde el estudio y dijo que realizar esa entrevista era inapropiado. A continuaci\u00f3n le pidi\u00f3 al periodista que, en lugar de eso, &#8220;inspeccione la situaci\u00f3n sobre el terreno&#8221;. <\/em><\/p>\n","protected":false},"author":3,"featured_media":6541,"comment_status":"open","ping_status":"open","sticky":false,"template":"","format":"video","meta":{"footnotes":""},"categories":[2,21,1],"tags":[],"class_list":["post-6532","post","type-post","status-publish","format-video","has-post-thumbnail","hentry","category-featured","category-siria","category-uncategorized","post_format-post-format-video"],"_links":{"self":[{"href":"https:\/\/www2.memri.org\/espanol\/tv\/wp-json\/wp\/v2\/posts\/6532","targetHints":{"allow":["GET"]}}],"collection":[{"href":"https:\/\/www2.memri.org\/espanol\/tv\/wp-json\/wp\/v2\/posts"}],"about":[{"href":"https:\/\/www2.memri.org\/espanol\/tv\/wp-json\/wp\/v2\/types\/post"}],"author":[{"embeddable":true,"href":"https:\/\/www2.memri.org\/espanol\/tv\/wp-json\/wp\/v2\/users\/3"}],"replies":[{"embeddable":true,"href":"https:\/\/www2.memri.org\/espanol\/tv\/wp-json\/wp\/v2\/comments?post=6532"}],"version-history":[{"count":0,"href":"https:\/\/www2.memri.org\/espanol\/tv\/wp-json\/wp\/v2\/posts\/6532\/revisions"}],"wp:featuredmedia":[{"embeddable":true,"href":"https:\/\/www2.memri.org\/espanol\/tv\/wp-json\/wp\/v2\/media\/6541"}],"wp:attachment":[{"href":"https:\/\/www2.memri.org\/espanol\/tv\/wp-json\/wp\/v2\/media?parent=6532"}],"wp:term":[{"taxonomy":"category","embeddable":true,"href":"https:\/\/www2.memri.org\/espanol\/tv\/wp-json\/wp\/v2\/categories?post=6532"},{"taxonomy":"post_tag","embeddable":true,"href":"https:\/\/www2.memri.org\/espanol\/tv\/wp-json\/wp\/v2\/tags?post=6532"}],"curies":[{"name":"wp","href":"https:\/\/api.w.org\/{rel}","templated":true}]}}