{"id":6528,"date":"2025-07-24T06:20:07","date_gmt":"2025-07-24T03:20:07","guid":{"rendered":"https:\/\/www2.memri.org\/espanol\/tv\/?p=6528"},"modified":"2025-07-13T12:22:37","modified_gmt":"2025-07-13T09:22:37","slug":"periodista-sueco-argelino-yahya-abu-zakariya-llamo-a-la-juventud-argelina-para-que-colonice-francia-nosotros-los-argelinos-libramos-la-yihad-masacramos-a-extranjeros-y-los-devoramos-con-unas-y","status":"publish","type":"post","link":"https:\/\/www2.memri.org\/espanol\/tv\/2025\/07\/24\/periodista-sueco-argelino-yahya-abu-zakariya-llamo-a-la-juventud-argelina-para-que-colonice-francia-nosotros-los-argelinos-libramos-la-yihad-masacramos-a-extranjeros-y-los-devoramos-con-unas-y\/","title":{"rendered":"Periodista sueco-argelino Yahya Abu Zakariya: &#8220;Llamo a la juventud argelina para que colonice Francia; nosotros, los argelinos, libramos la yihad, masacramos a extranjeros y los devoramos con u\u00f1as y dientes&#8221;."},"content":{"rendered":"<p>[videopack id=&#8221;6531&#8243;]https:\/\/www2.memri.org\/espanol\/tv\/wp-content\/uploads\/2025\/07\/12142-ESP.mp4[\/videopack]<\/p>\n<p>El periodista sueco-argelino Yahya Abu Zakariya inst\u00f3 a la juventud argelina &#8211; en una entrevista con Roula Nasr publicada el 2 de julio de 2025 en su canal de YouTube &#8211; a colonizar Francia alg\u00fan d\u00eda si tienen la oportunidad. A continuaci\u00f3n afirm\u00f3 que deber\u00edan permanecer all\u00ed durante 132 a\u00f1os, como hicieron los franceses en Argelia.<\/p>\n<p>Abu Zakariya dijo que los argelinos no permitieron la permanencia de ning\u00fan extranjero en su territorio y que masacraron a los franceses mediante la yihad y la resistencia. Tambi\u00e9n se\u00f1al\u00f3 que estadounidenses y franceses llamaban a los argelinos &#8220;b\u00e1rbaros&#8221; porque &#8220;devoraban&#8221; a cualquiera que se acercara a su territorio. Seg\u00fan Zakariya, aunque comer carne humana est\u00e1 prohibido, los argelinos devoran a los invasores con u\u00f1as y dientes.<\/p>\n<p>Asimismo, afirm\u00f3 que Alemania y otros pa\u00edses occidentales est\u00e1n pagando reparaciones a la &#8220;entidad hebrea&#8221; para expiar un crimen que, seg\u00fan \u00e9l, &#8220;Hitler no cometi\u00f3&#8221;.<\/p>\n","protected":false},"excerpt":{"rendered":"<p>[videopack id=&#8221;6531&#8243;]<\/p>\n<p>El periodista sueco-argelino Yahya Abu Zakariya inst\u00f3 a la juventud argelina &#8211; en una entrevista con Roula Nasr publicada el 2 de julio de 2025 en su canal de YouTube &#8211; a colonizar Francia alg\u00fan d\u00eda si tienen la oportunidad. A continuaci\u00f3n afirm\u00f3 que deber\u00edan permanecer all\u00ed durante 132 a\u00f1os, como hicieron los franceses en Argelia.<\/p>\n<p>Abu Zakariya dijo que los argelinos no permitieron la permanencia de ning\u00fan extranjero en su territorio y que masacraron a los franceses mediante la yihad y la resistencia. Tambi\u00e9n se\u00f1al\u00f3 que estadounidenses y franceses llamaban a los argelinos &#8220;b\u00e1rbaros&#8221; porque &#8220;devoraban&#8221; a cualquiera que se acercara a su territorio. Seg\u00fan Zakariya, aunque comer carne humana est\u00e1 prohibido, los argelinos devoran a los invasores con u\u00f1as y dientes.<\/p>\n<p>Asimismo, afirm\u00f3 que Alemania y otros pa\u00edses occidentales est\u00e1n pagando reparaciones a la &#8220;entidad hebrea&#8221; para expiar un crimen que, seg\u00fan \u00e9l, &#8220;Hitler no cometi\u00f3&#8221;.<\/p>\n","protected":false},"author":3,"featured_media":6530,"comment_status":"open","ping_status":"open","sticky":false,"template":"","format":"video","meta":{"footnotes":""},"categories":[631,2,1],"tags":[],"class_list":["post-6528","post","type-post","status-publish","format-video","has-post-thumbnail","hentry","category-argelia","category-featured","category-uncategorized","post_format-post-format-video"],"_links":{"self":[{"href":"https:\/\/www2.memri.org\/espanol\/tv\/wp-json\/wp\/v2\/posts\/6528","targetHints":{"allow":["GET"]}}],"collection":[{"href":"https:\/\/www2.memri.org\/espanol\/tv\/wp-json\/wp\/v2\/posts"}],"about":[{"href":"https:\/\/www2.memri.org\/espanol\/tv\/wp-json\/wp\/v2\/types\/post"}],"author":[{"embeddable":true,"href":"https:\/\/www2.memri.org\/espanol\/tv\/wp-json\/wp\/v2\/users\/3"}],"replies":[{"embeddable":true,"href":"https:\/\/www2.memri.org\/espanol\/tv\/wp-json\/wp\/v2\/comments?post=6528"}],"version-history":[{"count":0,"href":"https:\/\/www2.memri.org\/espanol\/tv\/wp-json\/wp\/v2\/posts\/6528\/revisions"}],"wp:featuredmedia":[{"embeddable":true,"href":"https:\/\/www2.memri.org\/espanol\/tv\/wp-json\/wp\/v2\/media\/6530"}],"wp:attachment":[{"href":"https:\/\/www2.memri.org\/espanol\/tv\/wp-json\/wp\/v2\/media?parent=6528"}],"wp:term":[{"taxonomy":"category","embeddable":true,"href":"https:\/\/www2.memri.org\/espanol\/tv\/wp-json\/wp\/v2\/categories?post=6528"},{"taxonomy":"post_tag","embeddable":true,"href":"https:\/\/www2.memri.org\/espanol\/tv\/wp-json\/wp\/v2\/tags?post=6528"}],"curies":[{"name":"wp","href":"https:\/\/api.w.org\/{rel}","templated":true}]}}