{"id":6426,"date":"2025-06-19T11:00:37","date_gmt":"2025-06-19T08:00:37","guid":{"rendered":"https:\/\/www2.memri.org\/espanol\/tv\/?p=6426"},"modified":"2025-06-19T11:00:37","modified_gmt":"2025-06-19T08:00:37","slug":"teniente-coronel-iman-tajik-portavoz-de-la-operacion-promesa-verdadera-iii-de-iran-controlamos-los-cielos-de-israel-el-exito-de-nuestro-ataque-con-misiles-envia-un-mensaje-al-aliado-estado","status":"publish","type":"post","link":"https:\/\/www2.memri.org\/espanol\/tv\/2025\/06\/19\/teniente-coronel-iman-tajik-portavoz-de-la-operacion-promesa-verdadera-iii-de-iran-controlamos-los-cielos-de-israel-el-exito-de-nuestro-ataque-con-misiles-envia-un-mensaje-al-aliado-estado\/","title":{"rendered":"Teniente coronel Iman Tajik, portavoz de la Operaci\u00f3n Promesa Verdadera III de Ir\u00e1n: \u201cControlamos los cielos de Israel; el \u00e9xito de nuestro ataque con misiles env\u00eda un mensaje al aliado estadounidense belicista de Israel\u201d"},"content":{"rendered":"<p>[videopack id=&#8221;6429&#8243;]https:\/\/www2.memri.org\/espanol\/tv\/wp-content\/uploads\/2025\/06\/12081ESP.mp4[\/videopack]<\/p>\n<p><em>El teniente coronel Iman Tajik, portavoz de la Operaci\u00f3n Promesa Verdadera III, pronunci\u00f3 un discurso el 17 de junio de 2025 en el canal de la televisi\u00f3n iran\u00ed IRINN. En ese contexto, Tajik declar\u00f3 que Ir\u00e1n logr\u00f3 el &#8220;control total de los cielos de los territorios ocupados&#8221; y que los israel\u00edes quedaron &#8220;totalmente indefensos&#8221; ante los ataques con misiles de Ir\u00e1n.<\/em><\/p>\n<p><em>Tajik afirm\u00f3 que el ataque con misiles de la noche anterior, que mat\u00f3 a ocho civiles israel\u00edes, deber\u00eda haber enviado un mensaje claro sobre la fuerza de Ir\u00e1n al &#8220;delirante y belicista&#8221; aliado estadounidense de Israel.<\/em><\/p>\n<p><em>El portavoz iran\u00ed tambi\u00e9n dijo que la und\u00e9cima salva de misiles lanzada esa noche como parte de la Operaci\u00f3n Promesa Verdadera III de represalia por parte de Ir\u00e1n, inclu\u00eda un misil Fattah. Tajik argument\u00f3 que este misil sacudi\u00f3 los refugios antia\u00e9reos de los &#8220;cobardes sionistas&#8221; y caus\u00f3 confusi\u00f3n en las defensas a\u00e9reas israel\u00edes, lo que las llev\u00f3 a atacar sus propias posiciones. <\/em><\/p>\n","protected":false},"excerpt":{"rendered":"<p>[videopack id=&#8221;6429&#8243;]<\/p>\n<p><em>El teniente coronel Iman Tajik, portavoz de la Operaci\u00f3n Promesa Verdadera III, pronunci\u00f3 un discurso el 17 de junio de 2025 en el canal de la televisi\u00f3n iran\u00ed IRINN. En ese contexto, Tajik declar\u00f3 que Ir\u00e1n logr\u00f3 el &#8220;control total de los cielos de los territorios ocupados&#8221; y que los israel\u00edes quedaron &#8220;totalmente indefensos&#8221; ante los ataques con misiles de Ir\u00e1n.<\/em><\/p>\n<p><em>Tajik afirm\u00f3 que el ataque con misiles de la noche anterior, que mat\u00f3 a ocho civiles israel\u00edes, deber\u00eda haber enviado un mensaje claro sobre la fuerza de Ir\u00e1n al &#8220;delirante y belicista&#8221; aliado estadounidense de Israel.<\/em><\/p>\n<p><em>El portavoz iran\u00ed tambi\u00e9n dijo que la und\u00e9cima salva de misiles lanzada esa noche como parte de la Operaci\u00f3n Promesa Verdadera III de represalia por parte de Ir\u00e1n, inclu\u00eda un misil Fattah. Tajik argument\u00f3 que este misil sacudi\u00f3 los refugios antia\u00e9reos de los &#8220;cobardes sionistas&#8221; y caus\u00f3 confusi\u00f3n en las defensas a\u00e9reas israel\u00edes, lo que las llev\u00f3 a atacar sus propias posiciones. <\/em><\/p>\n","protected":false},"author":3,"featured_media":6428,"comment_status":"open","ping_status":"open","sticky":false,"template":"","format":"video","meta":{"footnotes":""},"categories":[2,15],"tags":[],"class_list":["post-6426","post","type-post","status-publish","format-video","has-post-thumbnail","hentry","category-featured","category-iran","post_format-post-format-video"],"_links":{"self":[{"href":"https:\/\/www2.memri.org\/espanol\/tv\/wp-json\/wp\/v2\/posts\/6426","targetHints":{"allow":["GET"]}}],"collection":[{"href":"https:\/\/www2.memri.org\/espanol\/tv\/wp-json\/wp\/v2\/posts"}],"about":[{"href":"https:\/\/www2.memri.org\/espanol\/tv\/wp-json\/wp\/v2\/types\/post"}],"author":[{"embeddable":true,"href":"https:\/\/www2.memri.org\/espanol\/tv\/wp-json\/wp\/v2\/users\/3"}],"replies":[{"embeddable":true,"href":"https:\/\/www2.memri.org\/espanol\/tv\/wp-json\/wp\/v2\/comments?post=6426"}],"version-history":[{"count":0,"href":"https:\/\/www2.memri.org\/espanol\/tv\/wp-json\/wp\/v2\/posts\/6426\/revisions"}],"wp:featuredmedia":[{"embeddable":true,"href":"https:\/\/www2.memri.org\/espanol\/tv\/wp-json\/wp\/v2\/media\/6428"}],"wp:attachment":[{"href":"https:\/\/www2.memri.org\/espanol\/tv\/wp-json\/wp\/v2\/media?parent=6426"}],"wp:term":[{"taxonomy":"category","embeddable":true,"href":"https:\/\/www2.memri.org\/espanol\/tv\/wp-json\/wp\/v2\/categories?post=6426"},{"taxonomy":"post_tag","embeddable":true,"href":"https:\/\/www2.memri.org\/espanol\/tv\/wp-json\/wp\/v2\/tags?post=6426"}],"curies":[{"name":"wp","href":"https:\/\/api.w.org\/{rel}","templated":true}]}}