{"id":6302,"date":"2025-04-23T05:51:22","date_gmt":"2025-04-23T02:51:22","guid":{"rendered":"https:\/\/www2.memri.org\/espanol\/tv\/?p=6302"},"modified":"2025-04-22T12:57:18","modified_gmt":"2025-04-22T09:57:18","slug":"erudito-islamico-en-la-franja-de-gaza-jeque-bilal-al-ghalban-en-al-jazeera-tv-los-judios-no-se-percatan-de-esto-pero-ala-los-reunio-para-que-palestina-fuese-su-fosa-comun","status":"publish","type":"post","link":"https:\/\/www2.memri.org\/espanol\/tv\/2025\/04\/23\/erudito-islamico-en-la-franja-de-gaza-jeque-bilal-al-ghalban-en-al-jazeera-tv-los-judios-no-se-percatan-de-esto-pero-ala-los-reunio-para-que-palestina-fuese-su-fosa-comun\/","title":{"rendered":"Erudito isl\u00e1mico en la Franja de Gaza, jeque Bilal Al-Ghalban, en Al-Jazeera TV: \u201cLos jud\u00edos no se percatan de esto, pero Al\u00e1 los reuni\u00f3 para que Palestina fuese su fosa com\u00fan&#8221;"},"content":{"rendered":"<p>[videopack id=&#8221;6304&#8243;]https:\/\/www2.memri.org\/espanol\/tv\/wp-content\/uploads\/2025\/04\/11943-ESP.mp4[\/videopack]<\/p>\n<p><em>El jeque Bilal Al-Ghalban, erudito isl\u00e1mico palestino de Khan Yunis, en la Franja de Gaza, realiz\u00f3 declaraciones en Al-Jazeera (Qatar) el 20 de marzo de 2025. En este contexto, afirm\u00f3 que Al\u00e1 reuni\u00f3 a los jud\u00edos en Palestina desde todas partes del mundo y los llev\u00f3 a su &#8220;fosa com\u00fan&#8221;, sin que ellos siquiera se den cuenta. A continuaci\u00f3n sostuvo que algunos llaman a la Declaraci\u00f3n Balfour una &#8220;declaraci\u00f3n maldita&#8221;, sin embargo, es una maldici\u00f3n para los jud\u00edos, porque llegaron a Palestina despu\u00e9s de la Declaraci\u00f3n Balfour, acelerando sin darse cuenta la eliminaci\u00f3n del sionismo. <\/em><\/p>\n","protected":false},"excerpt":{"rendered":"<p>[videopack id=&#8221;6304&#8243;]<\/p>\n<p><em>El jeque Bilal Al-Ghalban, erudito isl\u00e1mico palestino de Khan Yunis, en la Franja de Gaza, realiz\u00f3 declaraciones en Al-Jazeera (Qatar) el 20 de marzo de 2025. En este contexto, afirm\u00f3 que Al\u00e1 reuni\u00f3 a los jud\u00edos en Palestina desde todas partes del mundo y los llev\u00f3 a su &#8220;fosa com\u00fan&#8221;, sin que ellos siquiera se den cuenta. A continuaci\u00f3n sostuvo que algunos llaman a la Declaraci\u00f3n Balfour una &#8220;declaraci\u00f3n maldita&#8221;, sin embargo, es una maldici\u00f3n para los jud\u00edos, porque llegaron a Palestina despu\u00e9s de la Declaraci\u00f3n Balfour, acelerando sin darse cuenta la eliminaci\u00f3n del sionismo. <\/em><\/p>\n","protected":false},"author":3,"featured_media":6305,"comment_status":"open","ping_status":"open","sticky":false,"template":"","format":"video","meta":{"footnotes":""},"categories":[2,633],"tags":[],"class_list":["post-6302","post","type-post","status-publish","format-video","has-post-thumbnail","hentry","category-featured","category-franja-de-gaza","post_format-post-format-video"],"_links":{"self":[{"href":"https:\/\/www2.memri.org\/espanol\/tv\/wp-json\/wp\/v2\/posts\/6302","targetHints":{"allow":["GET"]}}],"collection":[{"href":"https:\/\/www2.memri.org\/espanol\/tv\/wp-json\/wp\/v2\/posts"}],"about":[{"href":"https:\/\/www2.memri.org\/espanol\/tv\/wp-json\/wp\/v2\/types\/post"}],"author":[{"embeddable":true,"href":"https:\/\/www2.memri.org\/espanol\/tv\/wp-json\/wp\/v2\/users\/3"}],"replies":[{"embeddable":true,"href":"https:\/\/www2.memri.org\/espanol\/tv\/wp-json\/wp\/v2\/comments?post=6302"}],"version-history":[{"count":0,"href":"https:\/\/www2.memri.org\/espanol\/tv\/wp-json\/wp\/v2\/posts\/6302\/revisions"}],"wp:featuredmedia":[{"embeddable":true,"href":"https:\/\/www2.memri.org\/espanol\/tv\/wp-json\/wp\/v2\/media\/6305"}],"wp:attachment":[{"href":"https:\/\/www2.memri.org\/espanol\/tv\/wp-json\/wp\/v2\/media?parent=6302"}],"wp:term":[{"taxonomy":"category","embeddable":true,"href":"https:\/\/www2.memri.org\/espanol\/tv\/wp-json\/wp\/v2\/categories?post=6302"},{"taxonomy":"post_tag","embeddable":true,"href":"https:\/\/www2.memri.org\/espanol\/tv\/wp-json\/wp\/v2\/tags?post=6302"}],"curies":[{"name":"wp","href":"https:\/\/api.w.org\/{rel}","templated":true}]}}