{"id":6268,"date":"2025-04-21T06:00:00","date_gmt":"2025-04-21T03:00:00","guid":{"rendered":"https:\/\/www2.memri.org\/espanol\/tv\/?p=6268"},"modified":"2025-04-04T15:31:25","modified_gmt":"2025-04-04T12:31:25","slug":"lider-tribal-iraqui-adnan-al-danbous-los-arabes-y-musulmanes-invadieron-irak-y-expulsaron-a-los-caldeos-babilonios-judios-y-cristianos-que-solian-vivir-aqui-asi-es-la-naturaleza-de-la-soc","status":"publish","type":"post","link":"https:\/\/www2.memri.org\/espanol\/tv\/2025\/04\/21\/lider-tribal-iraqui-adnan-al-danbous-los-arabes-y-musulmanes-invadieron-irak-y-expulsaron-a-los-caldeos-babilonios-judios-y-cristianos-que-solian-vivir-aqui-asi-es-la-naturaleza-de-la-soc\/","title":{"rendered":"L\u00edder tribal iraqu\u00ed Adnan al-Danbous: \u201clos \u00e1rabes y musulmanes invadieron Irak y expulsaron a los caldeos, babilonios, jud\u00edos y cristianos que sol\u00edan vivir aqu\u00ed; as\u00ed es la naturaleza de la sociedad iraqu\u00ed, violenta\u201d"},"content":{"rendered":"<p>[videopack id=&#8221;6271&#8243;]https:\/\/www2.memri.org\/espanol\/tv\/wp-content\/uploads\/2025\/04\/11922-ESP.mp4[\/videopack]<\/p>\n<p><em>El l\u00edder tribal iraqu\u00ed y ex parlamentario jeque Adnan al-Danbous particip\u00f3 en un programa publicado el 10 de octubre de 2024 en el canal Al-Mutalee Media en YouTube.<\/em><\/p>\n<p><em>All\u00ed, al-Danbous discuti\u00f3 las conexiones tribales entre los iraqu\u00edes y los clanes en el Golfo y dijo que los \u00e1rabes no son los habitantes aut\u00f3ctonos de Irak, sino que llegaron a la regi\u00f3n desde la Pen\u00ednsula Ar\u00e1biga tras las invasiones \u00e1rabes y musulmanas. Tambi\u00e9n sostuvo que los \u00e1rabes persiguieron y desplazaron a los habitantes aut\u00f3ctonos de la regi\u00f3n, entre ellos los caldeos, babilonios, jud\u00edos, cristianos y sabeos. Tambi\u00e9n afirm\u00f3 que la naturaleza de la sociedad iraqu\u00ed es violenta, y por ello persigui\u00f3 a sus minor\u00edas y las expuls\u00f3 del pa\u00eds. <\/em><\/p>\n","protected":false},"excerpt":{"rendered":"<p>[videopack id=&#8221;6271&#8243;]<\/p>\n<p><em>El l\u00edder tribal iraqu\u00ed y ex parlamentario jeque Adnan al-Danbous particip\u00f3 en un programa publicado el 10 de octubre de 2024 en el canal Al-Mutalee Media en YouTube.<\/em><\/p>\n<p><em>All\u00ed, al-Danbous discuti\u00f3 las conexiones tribales entre los iraqu\u00edes y los clanes en el Golfo y dijo que los \u00e1rabes no son los habitantes aut\u00f3ctonos de Irak, sino que llegaron a la regi\u00f3n desde la Pen\u00ednsula Ar\u00e1biga tras las invasiones \u00e1rabes y musulmanas. Tambi\u00e9n sostuvo que los \u00e1rabes persiguieron y desplazaron a los habitantes aut\u00f3ctonos de la regi\u00f3n, entre ellos los caldeos, babilonios, jud\u00edos, cristianos y sabeos. Tambi\u00e9n afirm\u00f3 que la naturaleza de la sociedad iraqu\u00ed es violenta, y por ello persigui\u00f3 a sus minor\u00edas y las expuls\u00f3 del pa\u00eds. <\/em><\/p>\n","protected":false},"author":3,"featured_media":6269,"comment_status":"open","ping_status":"open","sticky":false,"template":"","format":"video","meta":{"footnotes":""},"categories":[2,14],"tags":[],"class_list":["post-6268","post","type-post","status-publish","format-video","has-post-thumbnail","hentry","category-featured","category-irak","post_format-post-format-video"],"_links":{"self":[{"href":"https:\/\/www2.memri.org\/espanol\/tv\/wp-json\/wp\/v2\/posts\/6268","targetHints":{"allow":["GET"]}}],"collection":[{"href":"https:\/\/www2.memri.org\/espanol\/tv\/wp-json\/wp\/v2\/posts"}],"about":[{"href":"https:\/\/www2.memri.org\/espanol\/tv\/wp-json\/wp\/v2\/types\/post"}],"author":[{"embeddable":true,"href":"https:\/\/www2.memri.org\/espanol\/tv\/wp-json\/wp\/v2\/users\/3"}],"replies":[{"embeddable":true,"href":"https:\/\/www2.memri.org\/espanol\/tv\/wp-json\/wp\/v2\/comments?post=6268"}],"version-history":[{"count":0,"href":"https:\/\/www2.memri.org\/espanol\/tv\/wp-json\/wp\/v2\/posts\/6268\/revisions"}],"wp:featuredmedia":[{"embeddable":true,"href":"https:\/\/www2.memri.org\/espanol\/tv\/wp-json\/wp\/v2\/media\/6269"}],"wp:attachment":[{"href":"https:\/\/www2.memri.org\/espanol\/tv\/wp-json\/wp\/v2\/media?parent=6268"}],"wp:term":[{"taxonomy":"category","embeddable":true,"href":"https:\/\/www2.memri.org\/espanol\/tv\/wp-json\/wp\/v2\/categories?post=6268"},{"taxonomy":"post_tag","embeddable":true,"href":"https:\/\/www2.memri.org\/espanol\/tv\/wp-json\/wp\/v2\/tags?post=6268"}],"curies":[{"name":"wp","href":"https:\/\/api.w.org\/{rel}","templated":true}]}}