{"id":6264,"date":"2025-04-16T06:00:07","date_gmt":"2025-04-16T03:00:07","guid":{"rendered":"https:\/\/www2.memri.org\/espanol\/tv\/?p=6264"},"modified":"2025-04-04T15:19:38","modified_gmt":"2025-04-04T12:19:38","slug":"presidente-turco-erdogan-en-discurso-del-eid-al-fitr-en-la-mayor-mezquita-de-turquia-que-el-senor-haga-que-el-israel-sionista-sea-destruido-y-devastado","status":"publish","type":"post","link":"https:\/\/www2.memri.org\/espanol\/tv\/2025\/04\/16\/presidente-turco-erdogan-en-discurso-del-eid-al-fitr-en-la-mayor-mezquita-de-turquia-que-el-senor-haga-que-el-israel-sionista-sea-destruido-y-devastado\/","title":{"rendered":"Presidente turco Erdo\u011fan, en discurso del Eid al-Fitr en la mayor mezquita de Turqu\u00eda: \u201cQue el Se\u00f1or haga que el Israel sionista sea destruido y devastado\u201d"},"content":{"rendered":"<p>[videopack id=&#8221;6267&#8243;]https:\/\/www2.memri.org\/espanol\/tv\/wp-content\/uploads\/2025\/04\/11934-ESP.mp4[\/videopack]<\/p>\n<p><em>El presidente de Turqu\u00eda, Recep Tayyip Erdo\u011fan, pronunci\u00f3 un discurso en la mezquita de \u00c7aml\u0131ca, construida por su gobierno y que actualmente es la mezquita m\u00e1s grande de Turqu\u00eda. Lo hizo en ocasi\u00f3n de la conmemoraci\u00f3n de Eid al-Fitr, el 30 de marzo de 2025.<\/em><\/p>\n<p><em>En este contexto, Erdo\u011fan declar\u00f3: &#8220;Que el Se\u00f1or haga que el Israel sionista sea destruido y devastado&#8221;. <\/em><\/p>\n","protected":false},"excerpt":{"rendered":"<p>[videopack id=&#8221;6267&#8243;]<\/p>\n<p><em>El presidente de Turqu\u00eda, Recep Tayyip Erdo\u011fan, pronunci\u00f3 un discurso en la mezquita de \u00c7aml\u0131ca, construida por su gobierno y que actualmente es la mezquita m\u00e1s grande de Turqu\u00eda. Lo hizo en ocasi\u00f3n de la conmemoraci\u00f3n de Eid al-Fitr, el 30 de marzo de 2025.<\/em><\/p>\n<p><em>En este contexto, Erdo\u011fan declar\u00f3: &#8220;Que el Se\u00f1or haga que el Israel sionista sea destruido y devastado&#8221;. <\/em><\/p>\n","protected":false},"author":3,"featured_media":6266,"comment_status":"open","ping_status":"open","sticky":false,"template":"","format":"video","meta":{"footnotes":""},"categories":[2,508,503],"tags":[],"class_list":["post-6264","post","type-post","status-publish","format-video","has-post-thumbnail","hentry","category-featured","category-recep-tayyip-erdogan","category-turquia-paises","post_format-post-format-video"],"_links":{"self":[{"href":"https:\/\/www2.memri.org\/espanol\/tv\/wp-json\/wp\/v2\/posts\/6264","targetHints":{"allow":["GET"]}}],"collection":[{"href":"https:\/\/www2.memri.org\/espanol\/tv\/wp-json\/wp\/v2\/posts"}],"about":[{"href":"https:\/\/www2.memri.org\/espanol\/tv\/wp-json\/wp\/v2\/types\/post"}],"author":[{"embeddable":true,"href":"https:\/\/www2.memri.org\/espanol\/tv\/wp-json\/wp\/v2\/users\/3"}],"replies":[{"embeddable":true,"href":"https:\/\/www2.memri.org\/espanol\/tv\/wp-json\/wp\/v2\/comments?post=6264"}],"version-history":[{"count":0,"href":"https:\/\/www2.memri.org\/espanol\/tv\/wp-json\/wp\/v2\/posts\/6264\/revisions"}],"wp:featuredmedia":[{"embeddable":true,"href":"https:\/\/www2.memri.org\/espanol\/tv\/wp-json\/wp\/v2\/media\/6266"}],"wp:attachment":[{"href":"https:\/\/www2.memri.org\/espanol\/tv\/wp-json\/wp\/v2\/media?parent=6264"}],"wp:term":[{"taxonomy":"category","embeddable":true,"href":"https:\/\/www2.memri.org\/espanol\/tv\/wp-json\/wp\/v2\/categories?post=6264"},{"taxonomy":"post_tag","embeddable":true,"href":"https:\/\/www2.memri.org\/espanol\/tv\/wp-json\/wp\/v2\/tags?post=6264"}],"curies":[{"name":"wp","href":"https:\/\/api.w.org\/{rel}","templated":true}]}}